{"id":4404,"date":"2025-05-27T13:40:27","date_gmt":"2025-05-27T16:40:27","guid":{"rendered":"https:\/\/diarioparanaense.com\/?p=4404"},"modified":"2025-05-27T13:40:27","modified_gmt":"2025-05-27T16:40:27","slug":"maio-amarelo-uso-correto-do-capacete-pode-salvar-ate-40-mais-vidas","status":"publish","type":"post","link":"https:\/\/diarioparanaense.com\/?p=4404","title":{"rendered":"Maio amarelo: uso correto do capacete pode salvar at\u00e9 40% mais vidas"},"content":{"rendered":"\n<p class=\"has-medium-font-size\">Campanha destaca como o equipamento obrigat\u00f3rio reduz ferimentos graves e mortes entre motociclistas, e mostra o compromisso da Blokton-Motocar com a educa\u00e7\u00e3o no tr\u00e2nsito<\/p>\n\n\n\n<p>Em meio \u00e0s campanhas de conscientiza\u00e7\u00e3o do Maio Amarelo, uma mensagem se destaca nas ruas, nas redes e nas a\u00e7\u00f5es educativas: \u201co capacete salva vidas\u201d. Dados do Observat\u00f3rio Nacional de Seguran\u00e7a Vi\u00e1ria mostram que o uso correto do equipamento pode reduzir em at\u00e9 74% os ferimentos cerebrais e em 40% as mortes de motociclistas em acidentes. O problema \u00e9 que, muitas vezes, ele \u00e9 usado de forma errada, ou nem sequer \u00e9 utilizado.<\/p>\n\n\n\n<p>Foi justamente para mudar esse cen\u00e1rio que a Blokton-Motocar, segunda maior rede de concession\u00e1rias Honda do Brasil, h\u00e1 anos se envolve em a\u00e7\u00f5es educativas e colabora com institui\u00e7\u00f5es p\u00fablicas e privadas para ampliar o alcance da campanha Maio Amarelo.<\/p>\n\n\n\n<p><strong>Por que o capacete \u00e9 indispens\u00e1vel?<\/strong><\/p>\n\n\n\n<p>\u201cO capacete \u00e9 um dos itens principais e cruciais na seguran\u00e7a do piloto, pois com o seu uso correto reduz de forma significativa o risco de les\u00f5es mais graves em caso de acidentes e, consequentemente, de mortes\u201d, afirma Leise Braga, gerente da Blokton-Motocar em Curitiba.<\/p>\n\n\n\n<p>Ela destaca que o capacete deve ser devidamente afivelado pela cinta jugular, ajustado ao tamanho da cabe\u00e7a e possuir certifica\u00e7\u00e3o do Inmetro ou de \u00f3rg\u00e3o credenciado.<\/p>\n\n\n\n<p>Essa orienta\u00e7\u00e3o \u00e9 compartilhada por Luciana Basilio, gestora de P\u00f3s-venda da Blokton-Motocar em Londrina. \u201cUm capacete bem ajustado, que se encaixa corretamente na sua cabe\u00e7a, sem ficar folgado ou apertado demais, faz toda a diferen\u00e7a na hora de proteger contra impactos e prevenir les\u00f5es graves.\u201d<\/p>\n\n\n\n<p>Al\u00e9m disso, \u00e9 fundamental saber quando trocar o capacete. Leise alerta para sinais como desgaste da espuma interna, cheiro forte, mofo, deforma\u00e7\u00f5es, rachaduras ou qualquer queda significativa (mesmo que n\u00e3o aparenta dano). Alguns modelos ainda possuem selo de validade, que tamb\u00e9m deve ser respeitado.<\/p>\n\n\n\n<p><strong>A\u00e7\u00f5es concretas durante o Maio Amarelo<\/strong><\/p>\n\n\n\n<p>Neste m\u00eas de maio, a Blokton-Motocar refor\u00e7a sua participa\u00e7\u00e3o em atividades educativas em v\u00e1rias cidades. Em Londrina, no dia 10\/05, a empresa foi parceira da CMTU (Companhia Municipal de Tr\u00e2nsito e Urbaniza\u00e7\u00e3o) na realiza\u00e7\u00e3o de um Curso de Pilotagem Defensiva, voltado a 30 motociclistas da empresa FIMM Brasil, terceirizada da Sanepar.<\/p>\n\n\n\n<p>Segundo Mara Diniz, coordenadora de educa\u00e7\u00e3o de tr\u00e2nsito da CMTU, \u201cos participantes \u2014 selecionados por utilizarem a moto diariamente no trabalho \u2014 passaram por uma etapa te\u00f3rica com orienta\u00e7\u00f5es de seguran\u00e7a e legisla\u00e7\u00e3o de tr\u00e2nsito, seguida por uma pr\u00e1tica com simula\u00e7\u00f5es de curvas, obst\u00e1culos e cen\u00e1rios do cotidiano\u201d.<\/p>\n\n\n\n<p>Na vis\u00e3o da coordenadora da CMTU, a\u00e7\u00f5es como os cursos de pilotagem defensiva ajudam a refor\u00e7ar essa e outras orienta\u00e7\u00f5es fundamentais para quem utiliza a motocicleta todos os dias.<br>\u201cNosso objetivo \u00e9 promover uma conviv\u00eancia mais segura e harmoniosa nas vias, levando informa\u00e7\u00e3o de qualidade para os diferentes p\u00fablicos que comp\u00f5em o tr\u00e2nsito\u201d, destaca.<\/p>\n\n\n\n<p><strong>J\u00e1 em Curitiba, duas a\u00e7\u00f5es importantes:<\/strong><\/p>\n\n\n\n<ul class=\"wp-block-list\">\n<li>Blitz educativa no bairro Tatuquara, das 14h30 \u00e0s 16h30, em parceria com a ABC Tr\u00e2nsito.<\/li>\n\n\n\n<li>Pitstop na empresa CR Bluecast, no bairro CIC, das 10h \u00e0s 15h, com dicas, orienta\u00e7\u00f5es e inspe\u00e7\u00e3o de capacetes.<br>Essas iniciativas fazem parte do compromisso da Blokton-Motocar com a promo\u00e7\u00e3o de um tr\u00e2nsito mais seguro e com a valoriza\u00e7\u00e3o da vida. Para Leise Braga, o Maio Amarelo \u00e9 um lembrete essencial de que a preven\u00e7\u00e3o deve fazer parte da rotina de todos no tr\u00e2nsito \u2014 seja pedestre, ciclista, motociclista ou qualquer outro usu\u00e1rio das vias.<\/li>\n<\/ul>\n\n\n\n<p>\u201cA campanha do Maio Amarelo tem o objetivo de trazer \u00e0 tona assuntos relevantes sobre a preven\u00e7\u00e3o de acidentes de tr\u00e2nsito. A Blokton-Motocar faz quest\u00e3o de se fazer presente em blitz educativas para que possamos dar a nossa contribui\u00e7\u00e3o a essa causa que tamb\u00e9m \u00e9 nossa\u201d, refor\u00e7a.<\/p>\n\n\n\n<p><strong>Sobre a Blokton-Motocar<\/strong><\/p>\n\n\n\n<p>Com um total de 53 lojas estrategicamente localizadas nas principais cidades do Paran\u00e1 e do Rio de Janeiro, incluindo as capitais Curitiba e Rio de Janeiro, a Blokton Motocar consolida-se como o 2\u00ba maior grupo de concession\u00e1rias Honda do Brasil.<br>No Paran\u00e1, o grupo conta com 5 concession\u00e1rias, 17 lojas e 1 ponto Dream. J\u00e1 no estado do Rio de Janeiro, s\u00e3o 14 concession\u00e1rias, 15 lojas e 1 ponto Dream, refor\u00e7ando sua ampla presen\u00e7a nos dois estados.<\/p>\n\n\n\n<p>Com uma equipa composta por mais de 850 colaboradores, a Blokton e a Motocar, juntas, j\u00e1 realizaram a entrega de mais de 400 mil motocicletas, contribuindo de forma significativa para a mobilidade e para a realiza\u00e7\u00e3o do sonho de milhares de brasileiros: dar a partida em uma Honda.<\/p>\n\n\n\n<p>Imagem: Divulga\u00e7\u00e3o Honda Blokton&nbsp;Motocar<\/p>\n","protected":false},"excerpt":{"rendered":"<p>Campanha destaca como o equipamento obrigat\u00f3rio reduz ferimentos graves e mortes entre motociclistas, e mostra o compromisso da Blokton-Motocar com a educa\u00e7\u00e3o no tr\u00e2nsito Em meio \u00e0s campanhas de conscientiza\u00e7\u00e3o do Maio Amarelo, uma mensagem se destaca nas ruas, nas redes e nas a\u00e7\u00f5es educativas: \u201co capacete salva vidas\u201d. Dados do Observat\u00f3rio Nacional de Seguran\u00e7a [&hellip;]<\/p>\n","protected":false},"author":1,"featured_media":4405,"comment_status":"open","ping_status":"open","sticky":false,"template":"","format":"standard","meta":{"footnotes":""},"categories":[29],"tags":[],"class_list":["post-4404","post","type-post","status-publish","format-standard","has-post-thumbnail","hentry","category-artigos"],"_links":{"self":[{"href":"https:\/\/diarioparanaense.com\/index.php?rest_route=\/wp\/v2\/posts\/4404","targetHints":{"allow":["GET"]}}],"collection":[{"href":"https:\/\/diarioparanaense.com\/index.php?rest_route=\/wp\/v2\/posts"}],"about":[{"href":"https:\/\/diarioparanaense.com\/index.php?rest_route=\/wp\/v2\/types\/post"}],"author":[{"embeddable":true,"href":"https:\/\/diarioparanaense.com\/index.php?rest_route=\/wp\/v2\/users\/1"}],"replies":[{"embeddable":true,"href":"https:\/\/diarioparanaense.com\/index.php?rest_route=%2Fwp%2Fv2%2Fcomments&post=4404"}],"version-history":[{"count":1,"href":"https:\/\/diarioparanaense.com\/index.php?rest_route=\/wp\/v2\/posts\/4404\/revisions"}],"predecessor-version":[{"id":4406,"href":"https:\/\/diarioparanaense.com\/index.php?rest_route=\/wp\/v2\/posts\/4404\/revisions\/4406"}],"wp:featuredmedia":[{"embeddable":true,"href":"https:\/\/diarioparanaense.com\/index.php?rest_route=\/wp\/v2\/media\/4405"}],"wp:attachment":[{"href":"https:\/\/diarioparanaense.com\/index.php?rest_route=%2Fwp%2Fv2%2Fmedia&parent=4404"}],"wp:term":[{"taxonomy":"category","embeddable":true,"href":"https:\/\/diarioparanaense.com\/index.php?rest_route=%2Fwp%2Fv2%2Fcategories&post=4404"},{"taxonomy":"post_tag","embeddable":true,"href":"https:\/\/diarioparanaense.com\/index.php?rest_route=%2Fwp%2Fv2%2Ftags&post=4404"}],"curies":[{"name":"wp","href":"https:\/\/api.w.org\/{rel}","templated":true}]}}