{"id":4397,"date":"2025-05-27T09:27:58","date_gmt":"2025-05-27T12:27:58","guid":{"rendered":"https:\/\/diarioparanaense.com\/?p=4397"},"modified":"2025-05-27T09:27:59","modified_gmt":"2025-05-27T12:27:59","slug":"sean-kanan-revela-tudo-o-retorno-impactante-de-mike-barnes-em-uma-live-que-vai-mexer-com-sua-nostalgia","status":"publish","type":"post","link":"https:\/\/diarioparanaense.com\/?p=4397","title":{"rendered":"Sean Kanan Revela Tudo: O Retorno Impactante de Mike Barnes em Uma Live Que Vai Mexer com Sua Nostalgia"},"content":{"rendered":"\n<p class=\"has-medium-font-size\">De vil\u00e3o lend\u00e1rio a s\u00edmbolo de reden\u00e7\u00e3o, Sean Kanan promete uma noite intensa de bastidores, emo\u00e7\u00f5es e hist\u00f3rias in\u00e9ditas sobre Karat\u00ea Kid e Cobra Kai.<\/p>\n\n\n\n<p>Ele foi o advers\u00e1rio implac\u00e1vel que marcou gera\u00e7\u00f5es em Karat\u00ea Kid 3 e surpreendeu o mundo ao retornar com uma nova face em Cobra Kai. Agora, Sean Kanan \u2014 o eterno Mike Barnes \u2014 surge ao vivo para abrir o jogo como nunca antes. A live acontece no Instagram @omargcruzsilvaofficial, no dia 1\u00ba de junho, \u00e0s 16h (Calif\u00f3rnia) \/ 20h (Bras\u00edlia).<\/p>\n\n\n\n<p>Com apresenta\u00e7\u00e3o de Omar Silva, media\u00e7\u00e3o da Dra. Kelly Heins e tradu\u00e7\u00e3o da jornalista Uiara Zagolin, a transmiss\u00e3o ser\u00e1 um mergulho direto nas mem\u00f3rias de Hollywood, repleta de revela\u00e7\u00f5es sobre os bastidores e transforma\u00e7\u00f5es que marcaram sua trajet\u00f3ria dentro e fora das c\u00e2meras.<\/p>\n\n\n\n<p class=\"has-medium-font-size\">Prepare-se para descobrir:<\/p>\n\n\n\n<p>Hist\u00f3rias in\u00e9ditas das grava\u00e7\u00f5es de Karat\u00ea Kid 3 e Cobra Kai<\/p>\n\n\n\n<p>O acidente que quase acabou com sua carreira antes mesmo de come\u00e7ar<\/p>\n\n\n\n<p>Como o arquivil\u00e3o Mike Barnes se tornou um personagem querido e complexo<\/p>\n\n\n\n<p>Intera\u00e7\u00e3o ao vivo com perguntas do p\u00fablico<\/p>\n\n\n\n<p>Mais que uma live, um reencontro com um dos personagens mais ic\u00f4nicos da cultura pop.<\/p>\n\n\n\n<p>Siga agora @omargcruzsilvaofficial, ative o lembrete e entre nessa viagem cheia de a\u00e7\u00e3o, supera\u00e7\u00e3o e surpresas. Quando Sean Kanan fala, a nostalgia&nbsp;vira&nbsp;presente.<\/p>\n","protected":false},"excerpt":{"rendered":"<p>De vil\u00e3o lend\u00e1rio a s\u00edmbolo de reden\u00e7\u00e3o, Sean Kanan promete uma noite intensa de bastidores, emo\u00e7\u00f5es e hist\u00f3rias in\u00e9ditas sobre Karat\u00ea Kid e Cobra Kai. Ele foi o advers\u00e1rio implac\u00e1vel que marcou gera\u00e7\u00f5es em Karat\u00ea Kid 3 e surpreendeu o mundo ao retornar com uma nova face em Cobra Kai. Agora, Sean Kanan \u2014 o [&hellip;]<\/p>\n","protected":false},"author":1,"featured_media":4398,"comment_status":"open","ping_status":"open","sticky":false,"template":"","format":"standard","meta":{"footnotes":""},"categories":[29,186],"tags":[],"class_list":["post-4397","post","type-post","status-publish","format-standard","has-post-thumbnail","hentry","category-artigos","category-eventos"],"_links":{"self":[{"href":"https:\/\/diarioparanaense.com\/index.php?rest_route=\/wp\/v2\/posts\/4397","targetHints":{"allow":["GET"]}}],"collection":[{"href":"https:\/\/diarioparanaense.com\/index.php?rest_route=\/wp\/v2\/posts"}],"about":[{"href":"https:\/\/diarioparanaense.com\/index.php?rest_route=\/wp\/v2\/types\/post"}],"author":[{"embeddable":true,"href":"https:\/\/diarioparanaense.com\/index.php?rest_route=\/wp\/v2\/users\/1"}],"replies":[{"embeddable":true,"href":"https:\/\/diarioparanaense.com\/index.php?rest_route=%2Fwp%2Fv2%2Fcomments&post=4397"}],"version-history":[{"count":1,"href":"https:\/\/diarioparanaense.com\/index.php?rest_route=\/wp\/v2\/posts\/4397\/revisions"}],"predecessor-version":[{"id":4399,"href":"https:\/\/diarioparanaense.com\/index.php?rest_route=\/wp\/v2\/posts\/4397\/revisions\/4399"}],"wp:featuredmedia":[{"embeddable":true,"href":"https:\/\/diarioparanaense.com\/index.php?rest_route=\/wp\/v2\/media\/4398"}],"wp:attachment":[{"href":"https:\/\/diarioparanaense.com\/index.php?rest_route=%2Fwp%2Fv2%2Fmedia&parent=4397"}],"wp:term":[{"taxonomy":"category","embeddable":true,"href":"https:\/\/diarioparanaense.com\/index.php?rest_route=%2Fwp%2Fv2%2Fcategories&post=4397"},{"taxonomy":"post_tag","embeddable":true,"href":"https:\/\/diarioparanaense.com\/index.php?rest_route=%2Fwp%2Fv2%2Ftags&post=4397"}],"curies":[{"name":"wp","href":"https:\/\/api.w.org\/{rel}","templated":true}]}}