{"id":4396,"date":"2025-05-27T09:34:23","date_gmt":"2025-05-27T12:34:23","guid":{"rendered":"https:\/\/diarioparanaense.com\/?p=4396"},"modified":"2025-05-27T09:34:24","modified_gmt":"2025-05-27T12:34:24","slug":"aposentados-perdem-isencao-do-ir-por-falta-de-informacao-alerta-advogado","status":"publish","type":"post","link":"https:\/\/diarioparanaense.com\/?p=4396","title":{"rendered":"Aposentados perdem isen\u00e7\u00e3o do IR por falta de informa\u00e7\u00e3o, alerta advogado"},"content":{"rendered":"\n<p><em>Trajano Neto, s\u00f3cio do TNP Advogados, explica obst\u00e1culos na concess\u00e3o do benef\u00edcio a portadores de doen\u00e7as graves e orienta sobre prazos e documentos necess\u00e1rios<\/em><\/p>\n\n\n\n<p>Muitos aposentados acabam n\u00e3o usufruindo da isen\u00e7\u00e3o do Imposto de Renda de Pessoa F\u00edsica (IRPF), mesmo tendo direito garantido em lei. O motivo? Falta de informa\u00e7\u00e3o ou resist\u00eancia dos \u00f3rg\u00e3os pagadores. O s\u00f3cio do TNP Advogados, Trajano Neto destaca que \u201ca legisla\u00e7\u00e3o \u00e9 clara ao estender o benef\u00edcio tanto \u00e0 parcela retida na fonte quanto ao saldo a recolher na declara\u00e7\u00e3o anual, desde que o contribuinte comprove a condi\u00e7\u00e3o de sa\u00fade prevista na lei 7.713\/1988\u201d \u2014 e, lamentavelmente, muitos acabam nem tentando.<\/p>\n\n\n\n<p>Segundo o advogado, \u201c\u00e9 pr\u00e1tica comum da Receita Federal e de diversas entidades pagadoras criar barreiras burocr\u00e1ticas ou omitir informa\u00e7\u00f5es sobre quais doen\u00e7as s\u00e3o enquadradas como graves, justamente para n\u00e3o perder receita tribut\u00e1ria\u201d. Ele enfatiza que n\u00e3o h\u00e1 exig\u00eancia de sintomas ativos nem de laudo m\u00e9dico padronizado por \u00f3rg\u00e3o p\u00fablico: basta o diagn\u00f3stico de qualquer uma das enfermidades previstas \u2014 que v\u00e3o de neoplasia maligna (c\u00e2ncer) e HIV a cegueira monocular, fibrose c\u00edstica e at\u00e9 mol\u00e9stias profissionais, como les\u00f5es por esfor\u00e7o repetitivo (LER).<\/p>\n\n\n\n<p>Para ter acesso ao benef\u00edcio, o contribuinte precisa preencher dois requisitos simultaneamente, segundo Trajano Neto.<\/p>\n\n\n\n<ul class=\"wp-block-list\">\n<li>Diagn\u00f3stico de uma das doen\u00e7as listadas na lei 7.713\/1988;<br><br><\/li>\n\n\n\n<li>Concess\u00e3o da aposentadoria (seja por regime pr\u00f3prio, previd\u00eancia privada ou INSS);<br><br><\/li>\n<\/ul>\n\n\n\n<p>O advogado ainda alerta para o prazo de prescri\u00e7\u00e3o: \u201cO contribuinte pode ser restituir em at\u00e9 cinco anos, contados a partir do ajuizamento da a\u00e7\u00e3o ou do pedido administrativo, para reaver os valores pagos a maior. Por isso, quem recebeu o diagn\u00f3stico e se aposentou h\u00e1 mais de cinco anos precisa procurar orienta\u00e7\u00e3o o quanto antes, sob pena de perder valores expressivos que j\u00e1 teria pago maio\u201d, explica.<\/p>\n\n\n\n<p>A lei contempla tamb\u00e9m os aposentados por doen\u00e7as profissionais, mesmo que essas n\u00e3o tenham sido a causa da aposentadoria. \u201cA legisla\u00e7\u00e3o n\u00e3o exige que a enfermidade seja o motivo do benef\u00edcio previdenci\u00e1rio. Basta que esteja entre as previstas e que acometa o contribuinte ap\u00f3s a aposentadoria\u201d, esclarece Trajano.<a><\/a><\/p>\n\n\n\n<p><strong>Principais doen\u00e7as que garantem a isen\u00e7\u00e3o<\/strong><\/p>\n\n\n\n<p>Segundo Trajano Neto, a lista de enfermidades que permitem a isen\u00e7\u00e3o do IR \u00e9 ampla e inclui:<\/p>\n\n\n\n<ul class=\"wp-block-list\">\n<li>Neoplasia maligna (c\u00e2ncer)<\/li>\n\n\n\n<li>AIDS (S\u00edndrome da Imunodefici\u00eancia Adquirida)<\/li>\n\n\n\n<li>Cardiopatia grave<\/li>\n\n\n\n<li>Cegueira (inclusive monocular)<\/li>\n\n\n\n<li>Aliena\u00e7\u00e3o mental<\/li>\n\n\n\n<li>Paralisia irrevers\u00edvel e incapacitante<\/li>\n\n\n\n<li>Fibrose c\u00edstica<\/li>\n\n\n\n<li>Doen\u00e7a de Parkinson<\/li>\n\n\n\n<li>Esclerose m\u00faltipla<\/li>\n\n\n\n<li>Espondiloartrose anquilosante<\/li>\n\n\n\n<li>Hepatopatia grave<\/li>\n\n\n\n<li>Nefropatia grave<\/li>\n\n\n\n<li>Hansen\u00edase<\/li>\n\n\n\n<li>Tuberculose ativa<\/li>\n\n\n\n<li>Contamina\u00e7\u00e3o por radia\u00e7\u00e3o<\/li>\n\n\n\n<li>Doen\u00e7a de Paget em est\u00e1gio avan\u00e7ado (oste\u00edte deformante)<\/li>\n<\/ul>\n\n\n\n<p><\/p>\n","protected":false},"excerpt":{"rendered":"<p>Trajano Neto, s\u00f3cio do TNP Advogados, explica obst\u00e1culos na concess\u00e3o do benef\u00edcio a portadores de doen\u00e7as graves e orienta sobre prazos e documentos necess\u00e1rios Muitos aposentados acabam n\u00e3o usufruindo da isen\u00e7\u00e3o do Imposto de Renda de Pessoa F\u00edsica (IRPF), mesmo tendo direito garantido em lei. O motivo? Falta de informa\u00e7\u00e3o ou resist\u00eancia dos \u00f3rg\u00e3os pagadores. [&hellip;]<\/p>\n","protected":false},"author":1,"featured_media":4400,"comment_status":"open","ping_status":"open","sticky":false,"template":"","format":"standard","meta":{"footnotes":""},"categories":[29],"tags":[],"class_list":["post-4396","post","type-post","status-publish","format-standard","has-post-thumbnail","hentry","category-artigos"],"_links":{"self":[{"href":"https:\/\/diarioparanaense.com\/index.php?rest_route=\/wp\/v2\/posts\/4396","targetHints":{"allow":["GET"]}}],"collection":[{"href":"https:\/\/diarioparanaense.com\/index.php?rest_route=\/wp\/v2\/posts"}],"about":[{"href":"https:\/\/diarioparanaense.com\/index.php?rest_route=\/wp\/v2\/types\/post"}],"author":[{"embeddable":true,"href":"https:\/\/diarioparanaense.com\/index.php?rest_route=\/wp\/v2\/users\/1"}],"replies":[{"embeddable":true,"href":"https:\/\/diarioparanaense.com\/index.php?rest_route=%2Fwp%2Fv2%2Fcomments&post=4396"}],"version-history":[{"count":1,"href":"https:\/\/diarioparanaense.com\/index.php?rest_route=\/wp\/v2\/posts\/4396\/revisions"}],"predecessor-version":[{"id":4401,"href":"https:\/\/diarioparanaense.com\/index.php?rest_route=\/wp\/v2\/posts\/4396\/revisions\/4401"}],"wp:featuredmedia":[{"embeddable":true,"href":"https:\/\/diarioparanaense.com\/index.php?rest_route=\/wp\/v2\/media\/4400"}],"wp:attachment":[{"href":"https:\/\/diarioparanaense.com\/index.php?rest_route=%2Fwp%2Fv2%2Fmedia&parent=4396"}],"wp:term":[{"taxonomy":"category","embeddable":true,"href":"https:\/\/diarioparanaense.com\/index.php?rest_route=%2Fwp%2Fv2%2Fcategories&post=4396"},{"taxonomy":"post_tag","embeddable":true,"href":"https:\/\/diarioparanaense.com\/index.php?rest_route=%2Fwp%2Fv2%2Ftags&post=4396"}],"curies":[{"name":"wp","href":"https:\/\/api.w.org\/{rel}","templated":true}]}}