{"id":4395,"date":"2025-05-27T09:35:57","date_gmt":"2025-05-27T12:35:57","guid":{"rendered":"https:\/\/diarioparanaense.com\/?p=4395"},"modified":"2025-05-27T09:35:58","modified_gmt":"2025-05-27T12:35:58","slug":"aumenta-em-618-o-numero-de-pedidos-de-recuperacao-judicial-no-brasil","status":"publish","type":"post","link":"https:\/\/diarioparanaense.com\/?p=4395","title":{"rendered":"Aumenta em 61,8% o n\u00famero de pedidos de recupera\u00e7\u00e3o judicial no Brasil"},"content":{"rendered":"\n<p class=\"has-medium-font-size\">Especialista em direito empresarial alerta para a import\u00e2ncia do planejamento jur\u00eddico preventivo diante de cen\u00e1rio econ\u00f4mico desafiador<\/p>\n\n\n\n<p>Com a alta dos juros, infla\u00e7\u00e3o persistente e desacelera\u00e7\u00e3o econ\u00f4mica, empresas de diversos setores no Brasil t\u00eam enfrentado dificuldades para honrar compromissos e manter suas opera\u00e7\u00f5es. Como reflexo desse cen\u00e1rio, o n\u00famero de pedidos de recupera\u00e7\u00e3o judicial no pa\u00eds cresceu significativamente nos \u00faltimos meses. O primeiro trimestre de 2025 registrou um aumento de 6,9%, segundo a RGF &amp; Associados.<br>Em 2024, os pedidos de recupera\u00e7\u00e3o judicial aumentaram 61,8%, totalizando 2.273 solicita\u00e7\u00f5es \u2014 o maior volume desde o in\u00edcio da s\u00e9rie hist\u00f3rica, em 2006. A tend\u00eancia de alta se manteve em 2025, com 162 pedidos em janeiro e 122 em fevereiro, sendo a maioria, mais uma vez, de micro e pequenas empresas (MPEs).<\/p>\n\n\n\n<p>Para a advogada Anna Christine Carloto, especialista em direito empresarial, o aumento j\u00e1 era esperado e deve se intensificar. \u201cMuitas empresas v\u00eam operando no limite h\u00e1 anos, especialmente ap\u00f3s os impactos da pandemia. Agora, com menos acesso a cr\u00e9dito e custos mais altos, recorrer \u00e0 recupera\u00e7\u00e3o judicial tem se tornado uma alternativa vi\u00e1vel para evitar a fal\u00eancia\u201d, afirma.<\/p>\n\n\n\n<p>A recupera\u00e7\u00e3o judicial \u00e9 um instrumento previsto na Lei n\u00ba 11.101\/2005 que permite que empresas em crise financeira renegociem suas d\u00edvidas com credores, mantendo suas atividades e empregos. No entanto, Christine alerta que o processo \u00e9 complexo e exige planejamento. \u201cMuitas vezes, as empresas s\u00f3 procuram ajuda jur\u00eddica quando a situa\u00e7\u00e3o j\u00e1 est\u00e1 cr\u00edtica. O ideal seria adotar uma postura preventiva, com assessoria jur\u00eddica cont\u00ednua e revis\u00e3o peri\u00f3dica da estrutura financeira e contratual\u201d.<\/p>\n\n\n\n<p>Segundo a especialista, um dos principais erros cometidos por empres\u00e1rios \u00e9 negligenciar cl\u00e1usulas de prote\u00e7\u00e3o contratual ou depender de linhas de cr\u00e9dito mal negociadas. \u201cO direito empresarial tem um papel fundamental na gest\u00e3o de riscos. Uma assessoria jur\u00eddica bem estruturada pode antecipar problemas e evitar o agravamento de crises\u201d, destaca.<\/p>\n\n\n\n<p><strong>Sobre Anna Christine Carloto<br><\/strong>Advogada especializada em direito empresarial, com atua\u00e7\u00e3o focada em contratos, reestrutura\u00e7\u00e3o de empresas e governan\u00e7a corporativa. Christine \u00e9 consultora jur\u00eddica de empresas de m\u00e9dio e grande porte.<\/p>\n","protected":false},"excerpt":{"rendered":"<p>Especialista em direito empresarial alerta para a import\u00e2ncia do planejamento jur\u00eddico preventivo diante de cen\u00e1rio econ\u00f4mico desafiador Com a alta dos juros, infla\u00e7\u00e3o persistente e desacelera\u00e7\u00e3o econ\u00f4mica, empresas de diversos setores no Brasil t\u00eam enfrentado dificuldades para honrar compromissos e manter suas opera\u00e7\u00f5es. Como reflexo desse cen\u00e1rio, o n\u00famero de pedidos de recupera\u00e7\u00e3o judicial no [&hellip;]<\/p>\n","protected":false},"author":1,"featured_media":4402,"comment_status":"open","ping_status":"open","sticky":false,"template":"","format":"standard","meta":{"footnotes":""},"categories":[29],"tags":[],"class_list":["post-4395","post","type-post","status-publish","format-standard","has-post-thumbnail","hentry","category-artigos"],"_links":{"self":[{"href":"https:\/\/diarioparanaense.com\/index.php?rest_route=\/wp\/v2\/posts\/4395","targetHints":{"allow":["GET"]}}],"collection":[{"href":"https:\/\/diarioparanaense.com\/index.php?rest_route=\/wp\/v2\/posts"}],"about":[{"href":"https:\/\/diarioparanaense.com\/index.php?rest_route=\/wp\/v2\/types\/post"}],"author":[{"embeddable":true,"href":"https:\/\/diarioparanaense.com\/index.php?rest_route=\/wp\/v2\/users\/1"}],"replies":[{"embeddable":true,"href":"https:\/\/diarioparanaense.com\/index.php?rest_route=%2Fwp%2Fv2%2Fcomments&post=4395"}],"version-history":[{"count":1,"href":"https:\/\/diarioparanaense.com\/index.php?rest_route=\/wp\/v2\/posts\/4395\/revisions"}],"predecessor-version":[{"id":4403,"href":"https:\/\/diarioparanaense.com\/index.php?rest_route=\/wp\/v2\/posts\/4395\/revisions\/4403"}],"wp:featuredmedia":[{"embeddable":true,"href":"https:\/\/diarioparanaense.com\/index.php?rest_route=\/wp\/v2\/media\/4402"}],"wp:attachment":[{"href":"https:\/\/diarioparanaense.com\/index.php?rest_route=%2Fwp%2Fv2%2Fmedia&parent=4395"}],"wp:term":[{"taxonomy":"category","embeddable":true,"href":"https:\/\/diarioparanaense.com\/index.php?rest_route=%2Fwp%2Fv2%2Fcategories&post=4395"},{"taxonomy":"post_tag","embeddable":true,"href":"https:\/\/diarioparanaense.com\/index.php?rest_route=%2Fwp%2Fv2%2Ftags&post=4395"}],"curies":[{"name":"wp","href":"https:\/\/api.w.org\/{rel}","templated":true}]}}