{"id":4384,"date":"2025-05-22T09:24:09","date_gmt":"2025-05-22T12:24:09","guid":{"rendered":"https:\/\/diarioparanaense.com\/?p=4384"},"modified":"2025-05-22T09:24:09","modified_gmt":"2025-05-22T12:24:09","slug":"aplicando-direitos-o-desafio-da-inclusao-com-responsabilidade","status":"publish","type":"post","link":"https:\/\/diarioparanaense.com\/?p=4384","title":{"rendered":"Aplicando direitos: o desafio da inclus\u00e3o com responsabilidade"},"content":{"rendered":"\n<p>Por Esther Cristina Pereira,<\/p>\n\n\n\n<p>Nos \u00faltimos anos, o debate sobre a inclus\u00e3o escolar ganhou for\u00e7a. Garantir o direito de todos os estudantes \u00e0 educa\u00e7\u00e3o, respeitando suas particularidades, \u00e9 um avan\u00e7o necess\u00e1rio. No entanto, a pr\u00e1tica nas escolas brasileiras mostra que ainda estamos distantes de uma inclus\u00e3o plenamente efetiva. A escola, como primeira experi\u00eancia social do indiv\u00edduo em forma\u00e7\u00e3o ap\u00f3s a fam\u00edlia, deve garantir que o direito de todos seja respeitado. Pessoas com defici\u00eancia t\u00eam o direito de ser inclu\u00eddas, e esse processo precisa acontecer de forma que tamb\u00e9m assegure um ambiente saud\u00e1vel e prop\u00edcio \u00e0 aprendizagem para todos na sala de aula.<\/p>\n\n\n\n<p>O avan\u00e7o das legisla\u00e7\u00f5es nos \u00faltimos anos trouxe conquistas importantes para o fortalecimento da inclus\u00e3o escolar, com leis que asseguram direitos \u00e0s pessoas com defici\u00eancia. Esse processo representa um passo relevante na garantia do acesso e da perman\u00eancia de estudantes com diferentes necessidades no ambiente educacional.<\/p>\n\n\n\n<p>Apesar desses avan\u00e7os, surgem tamb\u00e9m novos desafios: tem sido cada vez mais comum o crescimento de diagn\u00f3sticos em crian\u00e7as em idade escolar que apresentam dificuldades como timidez, resist\u00eancia \u00e0 frustra\u00e7\u00e3o ou barreiras de socializa\u00e7\u00e3o. \u00c9 importante lembrar que a verdadeira inclus\u00e3o vai al\u00e9m de diagn\u00f3sticos formais \u2014 ela precisa contemplar desde os estudantes com defici\u00eancias reconhecidas at\u00e9 aqueles que enfrentam vulnerabilidades emocionais, sociais ou afetivas, garantindo um ambiente escolar verdadeiramente acolhedor e equitativo.<\/p>\n\n\n\n<p>A inclus\u00e3o, do jeito que est\u00e1 sendo executada, tem deixado de ser um direito assegurado para se tornar um dever imposto, sem escuta, sem adapta\u00e7\u00e3o \u00e0 realidade e sem suporte t\u00e9cnico. E isso tem adoecido as escolas. Aus\u00eancia de apoio especializado, a falta do suporte familiar, escassez de profissionais preparados e um volume crescente de exig\u00eancias legais criam um cen\u00e1rio de exaust\u00e3o coletiva.<\/p>\n\n\n\n<p>Enquanto as legisla\u00e7\u00f5es avan\u00e7am para garantir os direitos de alguns estudantes, pouco se discute sobre as necessidades de todos os que compartilham a mesma sala de aula. A impress\u00e3o que se tem \u00e9 de que, na tentativa de atender um grupo espec\u00edfico, o sistema tem deixado de lado aqueles que, por n\u00e3o apresentarem diagn\u00f3sticos, acabam invis\u00edveis diante das pol\u00edticas p\u00fablicas. E isso tamb\u00e9m precisa ser revisto. A escola precisa ser um espa\u00e7o de acolhimento para todos, onde se possa aprender com qualidade, com respeito \u00e0s suas diferen\u00e7as, sem que um direito sobreponha ou inviabilize o outro, para criar um ambiente de aprendizagem coletivo e saud\u00e1vel.<\/p>\n\n\n\n<p>\u00c9 importante dizer que o que se questiona n\u00e3o \u00e9 a inclus\u00e3o, mas o modo como ela est\u00e1 sendo exigida, sem planejamento, sem di\u00e1logo com quem vive a sala de aula e sem olhar para os efeitos colaterais de um sistema que funciona na teoria. Enquanto isso, os professores adoecem. S\u00e3o eles que, na pr\u00e1tica, precisam lidar com as crises emocionais, os conflitos di\u00e1rios, as m\u00faltiplas demandas de aprendizagem e a press\u00e3o institucional.<\/p>\n\n\n\n<p>Estamos vivendo tamb\u00e9m um esvaziamento dos cursos de forma\u00e7\u00e3o docente. O desest\u00edmulo \u00e0 carreira \u00e9 evidente. A pergunta \u00e9 inevit\u00e1vel: quem vai querer ser professor nos pr\u00f3ximos anos diante de um cen\u00e1rio t\u00e3o ca\u00f3tico?<\/p>\n\n\n\n<p>A escola tem sido chamada a resolver o que est\u00e1 al\u00e9m de sua responsabilidade: cuidar, alimentar, atender, acolher, adaptar e, se sobrar tempo, ensinar. Essa invers\u00e3o de pap\u00e9is compromete n\u00e3o apenas o rendimento pedag\u00f3gico, mas o equil\u00edbrio emocional de toda a comunidade escolar. A inclus\u00e3o s\u00f3 ser\u00e1 verdadeira quando for feita com estrutura, com responsabilidade e com respeito \u00e0 complexidade do processo educativo.<\/p>\n\n\n\n<p>\u00c9 urgente repensar esse modelo, n\u00e3o para restringir direitos, mas para assegurar que sejam efetivados com qualidade. N\u00e3o \u00e9 poss\u00edvel manter uma pol\u00edtica inclusiva se ela n\u00e3o for acompanhada de um respeito genu\u00edno \u00e0 diversidade de todos, e, sobretudo, ao projeto pedag\u00f3gico da escola. Isso significa ouvir e valorizar o conhecimento sobre como implementar a inclus\u00e3o, n\u00e3o apenas em rela\u00e7\u00e3o a uma ou outra s\u00edndrome, mas promovendo a verdadeira inclus\u00e3o das diferen\u00e7as.<\/p>\n\n\n\n<p>Esther Cristina Pereira \u00e9 pedagoga, psicopedagoga, professora, diretora da Federa\u00e7\u00e3o Nacional das Escolas Particulares (FENEP) e diretora educacional instituto&nbsp;Destino&nbsp;Brasil<\/p>\n","protected":false},"excerpt":{"rendered":"<p>Por Esther Cristina Pereira, Nos \u00faltimos anos, o debate sobre a inclus\u00e3o escolar ganhou for\u00e7a. Garantir o direito de todos os estudantes \u00e0 educa\u00e7\u00e3o, respeitando suas particularidades, \u00e9 um avan\u00e7o necess\u00e1rio. No entanto, a pr\u00e1tica nas escolas brasileiras mostra que ainda estamos distantes de uma inclus\u00e3o plenamente efetiva. A escola, como primeira experi\u00eancia social do [&hellip;]<\/p>\n","protected":false},"author":1,"featured_media":4385,"comment_status":"open","ping_status":"open","sticky":false,"template":"","format":"standard","meta":{"footnotes":""},"categories":[29],"tags":[],"class_list":["post-4384","post","type-post","status-publish","format-standard","has-post-thumbnail","hentry","category-artigos"],"_links":{"self":[{"href":"https:\/\/diarioparanaense.com\/index.php?rest_route=\/wp\/v2\/posts\/4384","targetHints":{"allow":["GET"]}}],"collection":[{"href":"https:\/\/diarioparanaense.com\/index.php?rest_route=\/wp\/v2\/posts"}],"about":[{"href":"https:\/\/diarioparanaense.com\/index.php?rest_route=\/wp\/v2\/types\/post"}],"author":[{"embeddable":true,"href":"https:\/\/diarioparanaense.com\/index.php?rest_route=\/wp\/v2\/users\/1"}],"replies":[{"embeddable":true,"href":"https:\/\/diarioparanaense.com\/index.php?rest_route=%2Fwp%2Fv2%2Fcomments&post=4384"}],"version-history":[{"count":1,"href":"https:\/\/diarioparanaense.com\/index.php?rest_route=\/wp\/v2\/posts\/4384\/revisions"}],"predecessor-version":[{"id":4386,"href":"https:\/\/diarioparanaense.com\/index.php?rest_route=\/wp\/v2\/posts\/4384\/revisions\/4386"}],"wp:featuredmedia":[{"embeddable":true,"href":"https:\/\/diarioparanaense.com\/index.php?rest_route=\/wp\/v2\/media\/4385"}],"wp:attachment":[{"href":"https:\/\/diarioparanaense.com\/index.php?rest_route=%2Fwp%2Fv2%2Fmedia&parent=4384"}],"wp:term":[{"taxonomy":"category","embeddable":true,"href":"https:\/\/diarioparanaense.com\/index.php?rest_route=%2Fwp%2Fv2%2Fcategories&post=4384"},{"taxonomy":"post_tag","embeddable":true,"href":"https:\/\/diarioparanaense.com\/index.php?rest_route=%2Fwp%2Fv2%2Ftags&post=4384"}],"curies":[{"name":"wp","href":"https:\/\/api.w.org\/{rel}","templated":true}]}}