{"id":4378,"date":"2025-05-19T10:35:05","date_gmt":"2025-05-19T13:35:05","guid":{"rendered":"https:\/\/diarioparanaense.com\/?p=4378"},"modified":"2025-05-19T10:35:06","modified_gmt":"2025-05-19T13:35:06","slug":"bacterias-resistentes-podem-causar-quase-40-milhoes-de-mortes-ate-2050-diz-estudo-saiba-como-se-proteger","status":"publish","type":"post","link":"https:\/\/diarioparanaense.com\/?p=4378","title":{"rendered":"Bact\u00e9rias resistentes podem causar quase 40 milh\u00f5es de mortes at\u00e9 2050, diz estudo. Saiba como se proteger"},"content":{"rendered":"\n<p class=\"has-medium-font-size\">Dados vem do estudo conduzido pelo Institute for Health Metrics and Evaluation (IHME) da Universidade de Washington. Uso incorreto de medicamentos pelos pacientes est\u00e1 entre as principais causas<\/p>\n\n\n\n<p>Iniciar ou interromper o uso de antibi\u00f3ticos por conta pr\u00f3pria pode at\u00e9 parecer inofensivo, mas traz consequ\u00eancias graves para o paciente e para a sociedade. O uso incorreto desse tipo de medicamento est\u00e1 entre as principais causas da resist\u00eancia bacteriana \u2014 um problema de sa\u00fade p\u00fablica que pode causar quase 40 milh\u00f5es de mortes at\u00e9 2050, segundo estudo do Institute for Health Metrics and Evaluation (IHME) da Universidade de Washington.<\/p>\n\n\n\n<p>O total de \u00f3bitos por bact\u00e9rias resistentes passou de 1,06 milh\u00e3o em 1990 para 1,14 milh\u00e3o em 2021. Em 2022, no Brasil, o Minist\u00e9rio da Sa\u00fade identificou 85.718 amostras de bact\u00e9rias resistentes a antibi\u00f3ticos no pa\u00eds. Com quase 18 mil amostras, o Paran\u00e1 ficou em segundo lugar, atr\u00e1s de Minas Gerais. Para a m\u00e9dica Fl\u00e1via Cunha, infectologista do Pilar Hospital, em Curitiba, esse tipo de informa\u00e7\u00e3o \u00e9 importante para que se tenha um cen\u00e1rio mais controlado. \u201cE aqui temos uma vigil\u00e2ncia muito ativa no que diz respeito a bact\u00e9rias\u201d, avalia.<\/p>\n\n\n\n<p><strong>Como se d\u00e1 a resist\u00eancia bacteriana<br><\/strong>As bact\u00e9rias s\u00e3o microrganismos que t\u00eam, naturalmente, sensibilidade ou resist\u00eancia a alguns antibi\u00f3ticos, explica a especialista. A resist\u00eancia de algumas bact\u00e9rias a determinados antibi\u00f3ticos \u00e9 um fen\u00f4meno natural. Mas a maneira como os antibi\u00f3ticos s\u00e3o usados indiscriminadamente pode acelerar o tempo que leva para esses micro-organismos se tornarem resistentes e deixarem de responder ao tratamento.<\/p>\n\n\n\n<p>\u201cEnt\u00e3o, quando se fala de resist\u00eancia bacteriana, refere-se \u00e0quelas bact\u00e9rias que adquiriram novas resist\u00eancias e passaram a ser resistentes a antibi\u00f3ticos que antes eram, aos quais elas eram sens\u00edveis\u201d, completa.<\/p>\n\n\n\n<p>O primeiro passo, nesse caso, \u00e9 ajudar o profissional de sa\u00fade com o m\u00e1ximo de informa\u00e7\u00f5es poss\u00edveis sobre o quadro para que ele indique o antibi\u00f3tico adequado segundo crit\u00e9rios cl\u00ednicos e, em seguida, seguir as recomenda\u00e7\u00f5es. \u201cSe n\u00e3o houver melhora, ao inv\u00e9s de abandonar o tratamento, \u00e9 importante voltar a reportar ao profissional\u201d, alerta.<\/p>\n\n\n\n<p><strong>Principais erros cometidos com antibi\u00f3ticos<br><\/strong>Entre os erros mais comuns, a infectologista aponta a interrup\u00e7\u00e3o precoce do tratamento, ou seja, parar de tomar a medica\u00e7\u00e3o antes do tempo indicado pelo m\u00e9dico, o que faz com que as mais resistentes sobrevivam e se multipliquem. Ou, ainda, o uso desses medicamentos sem prescri\u00e7\u00e3o m\u00e9dica e sem necessidade, o que tamb\u00e9m aumenta o risco de sele\u00e7\u00e3o de bact\u00e9rias resistentes. Al\u00e9m da dosagem errada ou a reutiliza\u00e7\u00e3o de antibi\u00f3ticos guardados e n\u00e3o indicados para a infec\u00e7\u00e3o a ser tratada.<\/p>\n\n\n\n<p><strong>Sobre o Pilar Hospital<br><\/strong>Com mais de 60 anos de tradi\u00e7\u00e3o, o Pilar Hospital \u00e9 reconhecido como refer\u00eancia na integra\u00e7\u00e3o de tecnologia avan\u00e7ada e atendimento humanizado. Localizado no bairro Bom Retiro, em Curitiba, o hospital atende pacientes de todo o Paran\u00e1, oferecendo suporte essencial em 44 especialidades m\u00e9dicas. Sua estrutura robusta inclui mais de 120 leitos de enfermaria, 39 unidades de terapia intensiva e o Pilar Centro M\u00e9dico, que realiza at\u00e9 500 procedimentos cir\u00fargicos de baixa e m\u00e9dia complexidade por m\u00eas, consolidando seu papel na qualidade e acesso \u00e0 sa\u00fade para os paranaenses.<\/p>\n\n\n\n<p>Foto:&nbsp;Freepik<\/p>\n","protected":false},"excerpt":{"rendered":"<p>Dados vem do estudo conduzido pelo Institute for Health Metrics and Evaluation (IHME) da Universidade de Washington. Uso incorreto de medicamentos pelos pacientes est\u00e1 entre as principais causas Iniciar ou interromper o uso de antibi\u00f3ticos por conta pr\u00f3pria pode at\u00e9 parecer inofensivo, mas traz consequ\u00eancias graves para o paciente e para a sociedade. O uso [&hellip;]<\/p>\n","protected":false},"author":1,"featured_media":4379,"comment_status":"open","ping_status":"open","sticky":false,"template":"","format":"standard","meta":{"footnotes":""},"categories":[29,164],"tags":[],"class_list":["post-4378","post","type-post","status-publish","format-standard","has-post-thumbnail","hentry","category-artigos","category-saude-2"],"_links":{"self":[{"href":"https:\/\/diarioparanaense.com\/index.php?rest_route=\/wp\/v2\/posts\/4378","targetHints":{"allow":["GET"]}}],"collection":[{"href":"https:\/\/diarioparanaense.com\/index.php?rest_route=\/wp\/v2\/posts"}],"about":[{"href":"https:\/\/diarioparanaense.com\/index.php?rest_route=\/wp\/v2\/types\/post"}],"author":[{"embeddable":true,"href":"https:\/\/diarioparanaense.com\/index.php?rest_route=\/wp\/v2\/users\/1"}],"replies":[{"embeddable":true,"href":"https:\/\/diarioparanaense.com\/index.php?rest_route=%2Fwp%2Fv2%2Fcomments&post=4378"}],"version-history":[{"count":1,"href":"https:\/\/diarioparanaense.com\/index.php?rest_route=\/wp\/v2\/posts\/4378\/revisions"}],"predecessor-version":[{"id":4380,"href":"https:\/\/diarioparanaense.com\/index.php?rest_route=\/wp\/v2\/posts\/4378\/revisions\/4380"}],"wp:featuredmedia":[{"embeddable":true,"href":"https:\/\/diarioparanaense.com\/index.php?rest_route=\/wp\/v2\/media\/4379"}],"wp:attachment":[{"href":"https:\/\/diarioparanaense.com\/index.php?rest_route=%2Fwp%2Fv2%2Fmedia&parent=4378"}],"wp:term":[{"taxonomy":"category","embeddable":true,"href":"https:\/\/diarioparanaense.com\/index.php?rest_route=%2Fwp%2Fv2%2Fcategories&post=4378"},{"taxonomy":"post_tag","embeddable":true,"href":"https:\/\/diarioparanaense.com\/index.php?rest_route=%2Fwp%2Fv2%2Ftags&post=4378"}],"curies":[{"name":"wp","href":"https:\/\/api.w.org\/{rel}","templated":true}]}}