{"id":4368,"date":"2025-05-13T15:12:24","date_gmt":"2025-05-13T18:12:24","guid":{"rendered":"https:\/\/diarioparanaense.com\/?p=4368"},"modified":"2025-05-13T15:12:25","modified_gmt":"2025-05-13T18:12:25","slug":"grupo-imobiliario-do-rs-abre-nova-unidade-em-curitiba","status":"publish","type":"post","link":"https:\/\/diarioparanaense.com\/?p=4368","title":{"rendered":"Grupo imobili\u00e1rio do RS abre nova unidade em Curitiba"},"content":{"rendered":"\n<p class=\"has-medium-font-size\">Prestes a completar 94 anos de atua\u00e7\u00e3o no segmento, Auxiliadora Predial mira lideran\u00e7a de mercado com presen\u00e7a nos tr\u00eas estados do Sul do Brasil<\/p>\n\n\n\n<p>A Auxiliadora Predial, um dos maiores grupos imobili\u00e1rios do pa\u00eds e refer\u00eancia no Sul do Brasil, d\u00e1 um passo estrat\u00e9gico em sua expans\u00e3o regional com a inaugura\u00e7\u00e3o de uma nova unidade em Curitiba. Localizada no tradicional bairro Juvev\u00ea, a opera\u00e7\u00e3o ser\u00e1 oficialmente inaugurada no dia 15 de maio e marca o in\u00edcio de uma nova fase da empresa na capital paranaense.<\/p>\n\n\n\n<p>Com forte presen\u00e7a no Rio Grande do Sul e em Santa Catarina, a Auxiliadora agora volta suas aten\u00e7\u00f5es ao Paran\u00e1 como parte do plano de consolida\u00e7\u00e3o da marca como a maior imobili\u00e1ria da regi\u00e3o Sul. A chegada a Curitiba integra uma estrat\u00e9gia de longo prazo voltada \u00e0 amplia\u00e7\u00e3o da rede e ao fortalecimento da marca em novos territ\u00f3rios.<\/p>\n\n\n\n<p>\u201cA expans\u00e3o em Curitiba faz parte do nosso objetivo de presen\u00e7a e lideran\u00e7a absoluta na regi\u00e3o Sul. Nossa chegada n\u00e3o \u00e9 pontual, \u00e9 parte de um plano robusto de expans\u00e3o, com estrutura, processos e uma rede preparada para escalar resultados. Acreditamos que nosso modelo de neg\u00f3cios, centrado no corretor e na efici\u00eancia operacional, tem muito a agregar \u00e0 cidade\u201d, afirma Matheus Kurtz, diretor de Vendas e Franquias da Auxiliadora Predial.<\/p>\n\n\n\n<p class=\"has-medium-font-size\">Localiza\u00e7\u00e3o estrat\u00e9gica e foco inicial em vendas<\/p>\n\n\n\n<p>A nova opera\u00e7\u00e3o est\u00e1 situada na Rua Amintas de Barros, 795 \u2014 uma regi\u00e3o central e de f\u00e1cil acesso, pr\u00f3xima a bairros que apresentam maior desenvolvimento, apelo comercial e residencial, como Batel, Cabral, Alto da Gl\u00f3ria e Bigorrilho. A escolha do ponto foi baseada em extensas an\u00e1lises de mercado e validada por especialistas locais, com destaque para os pr\u00f3prios corretores da rede.<\/p>\n\n\n\n<p>Inicialmente, a unidade ter\u00e1 foco na venda de im\u00f3veis, com o objetivo de apresentar ao p\u00fablico curitibano a for\u00e7a da marca e a agilidade dos processos da Auxiliadora Predial. Em um segundo momento, os servi\u00e7os de loca\u00e7\u00e3o e administra\u00e7\u00e3o de condom\u00ednios tamb\u00e9m ser\u00e3o oferecidos.<\/p>\n\n\n\n<p class=\"has-medium-font-size\">Atua\u00e7\u00e3o local experiente e gera\u00e7\u00e3o de empregos<\/p>\n\n\n\n<p>A opera\u00e7\u00e3o da unidade est\u00e1 sob o comando de Gislaine Dornelles, profissional com mais de dez anos de trajet\u00f3ria na rede. Iniciou como estagi\u00e1ria, alcan\u00e7ou o Top 3 em vendas da empresa e j\u00e1 atuou como s\u00f3cia operadora de duas das unidades de maior sucesso do grupo. Ao seu lado, est\u00e1 Rafael Dornelles, executivo com mais de 20 anos de experi\u00eancia em Finan\u00e7as e Opera\u00e7\u00f5es, com passagens por grandes empresas e hist\u00f3rico em lideran\u00e7a de equipes de alta performance.<\/p>\n\n\n\n<p>A nova unidade prev\u00ea a cria\u00e7\u00e3o de 25 vagas diretas e at\u00e9 15 indiretas, movimentando o ecossistema imobili\u00e1rio e contribuindo para o desenvolvimento econ\u00f4mico da cidade.<\/p>\n\n\n\n<p class=\"has-medium-font-size\">Oportunidade em um mercado maduro<\/p>\n\n\n\n<p>A empresa enxerga Curitiba como um mercado maduro e com grande potencial de consolida\u00e7\u00e3o. \u201cA cidade possui profissionais altamente qualificados, mas ainda atua de forma bastante fragmentada. Vemos a\u00ed uma excelente oportunidade de oferecer uma experi\u00eancia padronizada e com a solidez da nossa marca\u201d, afirma Gislaine.<\/p>\n\n\n\n<p>A expans\u00e3o para o Paran\u00e1 faz parte do objetivo da Auxiliadora Predial de presen\u00e7a e lideran\u00e7a absoluta na regi\u00e3o Sul. \u201cNosso modelo de rede, que valoriza o protagonismo dos corretores e potencializa os resultados de neg\u00f3cios com base em escala, \u00e9 um dos nossos principais diferenciais competitivos. Com os processos e metodologias padronizadas e alinhadas, temos mais agilidade e garantia na qualidade de atendimento em todas as nossas unidades\u201d, explica Matheus Kurtz.<\/p>\n\n\n\n<p>Ainda segundo o diretor de Vendas e Franquias da Auxiliadora Predial, em 2024 a empresa fechou o ano com R$ 2 bilh\u00f5es em VGV na regi\u00e3o Sul. A expectativa \u00e9 de continuar crescendo em 2025 e que esse valor possa chegar at\u00e9 R$ 2.6 bilh\u00f5es.<\/p>\n","protected":false},"excerpt":{"rendered":"<p>Prestes a completar 94 anos de atua\u00e7\u00e3o no segmento, Auxiliadora Predial mira lideran\u00e7a de mercado com presen\u00e7a nos tr\u00eas estados do Sul do Brasil A Auxiliadora Predial, um dos maiores grupos imobili\u00e1rios do pa\u00eds e refer\u00eancia no Sul do Brasil, d\u00e1 um passo estrat\u00e9gico em sua expans\u00e3o regional com a inaugura\u00e7\u00e3o de uma nova unidade [&hellip;]<\/p>\n","protected":false},"author":1,"featured_media":4369,"comment_status":"open","ping_status":"open","sticky":false,"template":"","format":"standard","meta":{"footnotes":""},"categories":[324],"tags":[],"class_list":["post-4368","post","type-post","status-publish","format-standard","has-post-thumbnail","hentry","category-negocios"],"_links":{"self":[{"href":"https:\/\/diarioparanaense.com\/index.php?rest_route=\/wp\/v2\/posts\/4368","targetHints":{"allow":["GET"]}}],"collection":[{"href":"https:\/\/diarioparanaense.com\/index.php?rest_route=\/wp\/v2\/posts"}],"about":[{"href":"https:\/\/diarioparanaense.com\/index.php?rest_route=\/wp\/v2\/types\/post"}],"author":[{"embeddable":true,"href":"https:\/\/diarioparanaense.com\/index.php?rest_route=\/wp\/v2\/users\/1"}],"replies":[{"embeddable":true,"href":"https:\/\/diarioparanaense.com\/index.php?rest_route=%2Fwp%2Fv2%2Fcomments&post=4368"}],"version-history":[{"count":1,"href":"https:\/\/diarioparanaense.com\/index.php?rest_route=\/wp\/v2\/posts\/4368\/revisions"}],"predecessor-version":[{"id":4370,"href":"https:\/\/diarioparanaense.com\/index.php?rest_route=\/wp\/v2\/posts\/4368\/revisions\/4370"}],"wp:featuredmedia":[{"embeddable":true,"href":"https:\/\/diarioparanaense.com\/index.php?rest_route=\/wp\/v2\/media\/4369"}],"wp:attachment":[{"href":"https:\/\/diarioparanaense.com\/index.php?rest_route=%2Fwp%2Fv2%2Fmedia&parent=4368"}],"wp:term":[{"taxonomy":"category","embeddable":true,"href":"https:\/\/diarioparanaense.com\/index.php?rest_route=%2Fwp%2Fv2%2Fcategories&post=4368"},{"taxonomy":"post_tag","embeddable":true,"href":"https:\/\/diarioparanaense.com\/index.php?rest_route=%2Fwp%2Fv2%2Ftags&post=4368"}],"curies":[{"name":"wp","href":"https:\/\/api.w.org\/{rel}","templated":true}]}}