{"id":4365,"date":"2025-05-13T11:24:52","date_gmt":"2025-05-13T14:24:52","guid":{"rendered":"https:\/\/diarioparanaense.com\/?p=4365"},"modified":"2025-05-13T11:24:53","modified_gmt":"2025-05-13T14:24:53","slug":"endividamento-atinge-783-das-familias-brasileiras-e-escola-aposta-em-educacao-financeira-desde-o-maternal","status":"publish","type":"post","link":"https:\/\/diarioparanaense.com\/?p=4365","title":{"rendered":"Endividamento atinge 78,3% das fam\u00edlias brasileiras e escola aposta em educa\u00e7\u00e3o financeira desde o maternal"},"content":{"rendered":"\n<p class=\"has-medium-font-size\">Projeto pr\u00e1tico de empreendedorismo envolve estudantes de dois a 14 anos, como forma de em atividades de conscientiza\u00e7\u00e3o e viv\u00eancia sobre uso do dinheiro<\/p>\n\n\n\n<p>Ap\u00f3s atingir recorde em 2021, o endividamento das fam\u00edlias brasileiras chegou a 78,3% em fevereiro de 2023, segundo dados da Pesquisa de Endividamento e Inadimpl\u00eancia do Consumidor (Peic), realizada pela Confedera\u00e7\u00e3o Nacional do Com\u00e9rcio. Diante desse cen\u00e1rio, a Escola Atua\u00e7\u00e3o, em Curitiba, promove uma s\u00e9rie de a\u00e7\u00f5es pr\u00e1ticas voltadas \u00e0 educa\u00e7\u00e3o financeira como parte do seu Programa de Empreendedorismo, que envolve crian\u00e7as do maternal at\u00e9 o 9\u00ba ano, como forma de desenvolver a autonomia dos estudantes.<\/p>\n\n\n\n<p>Durante a Semana da Educa\u00e7\u00e3o Financeira, que acontece nos dias 13 a 16 de maio, os estudantes ter\u00e3o palestras com representantes do Banco Sicoob, colheita de frutas nas \u00e1rvores da escola, para refletir sobre o conceito de que \u201cdinheiro d\u00e1 em \u00e1rvore\u201d se houver planejamento e trabalho, receitas com reaproveitamento de alimentos, conversas com pais sobre contabilidade dom\u00e9stica e palestra sobre energia solar. As turmas do 3\u00ba ano tamb\u00e9m ir\u00e3o preparar brigadeiros e vend\u00ea-los aos pais e funcion\u00e1rios, vivenciando todas as etapas do processo, do custo \u00e0 precifica\u00e7\u00e3o e lucro. \u201cNosso objetivo \u00e9 que as crian\u00e7as aprendam na pr\u00e1tica como lidar com escolhas, planejamento e organiza\u00e7\u00e3o financeira. Esse aprendizado impacta diretamente o futuro delas e de suas fam\u00edlias\u201d, explica a diretora da escola, Carolina Pereira Frizon.<\/p>\n\n\n\n<p>A proposta da Escola Atua\u00e7\u00e3o \u00e9 tornar o tema presente no cotidiano, com experi\u00eancias reais e significativas. O projeto busca desenvolver a autonomia dos estudantes por meio de viv\u00eancias que estimulam o pensamento cr\u00edtico e o senso de responsabilidade. \u201cEles ir\u00e3o participar de todas as etapas: decidir o que comprar, preparar o produto, calcular o pre\u00e7o e analisar se houve lucro. \u00c9 uma forma concreta de despertar consci\u00eancia e responsabilidade desde cedo\u201d, destaca a diretora.<\/p>\n\n\n\n<p>Com essa a\u00e7\u00e3o, a Escola Atua\u00e7\u00e3o refor\u00e7a seu compromisso com uma educa\u00e7\u00e3o integral. \u201cEducar financeiramente tamb\u00e9m \u00e9 cuidar do emocional. Ao aprenderem a se organizar, nossos estudantes se tornam mais seguros e preparados para o futuro\u201d, finaliza&nbsp;Carolina.<\/p>\n","protected":false},"excerpt":{"rendered":"<p>Projeto pr\u00e1tico de empreendedorismo envolve estudantes de dois a 14 anos, como forma de em atividades de conscientiza\u00e7\u00e3o e viv\u00eancia sobre uso do dinheiro Ap\u00f3s atingir recorde em 2021, o endividamento das fam\u00edlias brasileiras chegou a 78,3% em fevereiro de 2023, segundo dados da Pesquisa de Endividamento e Inadimpl\u00eancia do Consumidor (Peic), realizada pela Confedera\u00e7\u00e3o [&hellip;]<\/p>\n","protected":false},"author":1,"featured_media":4366,"comment_status":"open","ping_status":"open","sticky":false,"template":"","format":"standard","meta":{"footnotes":""},"categories":[29],"tags":[],"class_list":["post-4365","post","type-post","status-publish","format-standard","has-post-thumbnail","hentry","category-artigos"],"_links":{"self":[{"href":"https:\/\/diarioparanaense.com\/index.php?rest_route=\/wp\/v2\/posts\/4365","targetHints":{"allow":["GET"]}}],"collection":[{"href":"https:\/\/diarioparanaense.com\/index.php?rest_route=\/wp\/v2\/posts"}],"about":[{"href":"https:\/\/diarioparanaense.com\/index.php?rest_route=\/wp\/v2\/types\/post"}],"author":[{"embeddable":true,"href":"https:\/\/diarioparanaense.com\/index.php?rest_route=\/wp\/v2\/users\/1"}],"replies":[{"embeddable":true,"href":"https:\/\/diarioparanaense.com\/index.php?rest_route=%2Fwp%2Fv2%2Fcomments&post=4365"}],"version-history":[{"count":1,"href":"https:\/\/diarioparanaense.com\/index.php?rest_route=\/wp\/v2\/posts\/4365\/revisions"}],"predecessor-version":[{"id":4367,"href":"https:\/\/diarioparanaense.com\/index.php?rest_route=\/wp\/v2\/posts\/4365\/revisions\/4367"}],"wp:featuredmedia":[{"embeddable":true,"href":"https:\/\/diarioparanaense.com\/index.php?rest_route=\/wp\/v2\/media\/4366"}],"wp:attachment":[{"href":"https:\/\/diarioparanaense.com\/index.php?rest_route=%2Fwp%2Fv2%2Fmedia&parent=4365"}],"wp:term":[{"taxonomy":"category","embeddable":true,"href":"https:\/\/diarioparanaense.com\/index.php?rest_route=%2Fwp%2Fv2%2Fcategories&post=4365"},{"taxonomy":"post_tag","embeddable":true,"href":"https:\/\/diarioparanaense.com\/index.php?rest_route=%2Fwp%2Fv2%2Ftags&post=4365"}],"curies":[{"name":"wp","href":"https:\/\/api.w.org\/{rel}","templated":true}]}}