{"id":4362,"date":"2025-05-13T10:37:31","date_gmt":"2025-05-13T13:37:31","guid":{"rendered":"https:\/\/diarioparanaense.com\/?p=4362"},"modified":"2025-05-13T10:37:31","modified_gmt":"2025-05-13T13:37:31","slug":"qual-e-a-diferenca-de-dependente-e-de-alimentando-na-declaracao-de-imposto-de-renda","status":"publish","type":"post","link":"https:\/\/diarioparanaense.com\/?p=4362","title":{"rendered":"Qual \u00e9 a diferen\u00e7a de dependente e de alimentando na declara\u00e7\u00e3o de Imposto de Renda?"},"content":{"rendered":"\n<p class=\"has-medium-font-size\">Especialista da IOB explica que, normalmente, quem \u00e9 dependente n\u00e3o pode ser alimentando na mesma declara\u00e7\u00e3o; saiba os diferenciais de cada um e acerte na presta\u00e7\u00e3o de contas ao Fisco<\/p>\n\n\n\n<p>Na declara\u00e7\u00e3o do Imposto de Renda, alimentando \u00e9 aquele que, mediante decis\u00e3o judicial ou acordo feito por escritura p\u00fablica, como o acordo homologado judicialmente, por exemplo, \u00e9 benefici\u00e1rio de pens\u00e3o aliment\u00edcia. J\u00e1 o dependente \u00e9 a pessoa que se encaixa em uma das regras e defini\u00e7\u00f5es dadas na tabela de dependentes da Receita Federal. Valdir Amorim, especialista da \u00e1rea de Imposto de Renda da IOB, que une Intelig\u00eancia em legisla\u00e7\u00e3o e Tecnologia avan\u00e7ada para resolver os desafios de contadores e empresas, apresenta as condi\u00e7\u00f5es para a inclus\u00e3o de dependentes e alimentandos na declara\u00e7\u00e3o de forma correta.<\/p>\n\n\n\n<p class=\"has-medium-font-size\">Quem pode ser considerado alimentando?<\/p>\n\n\n\n<p>O alimentando \u00e9 quem recebe a pens\u00e3o &#8211; o benefici\u00e1rio da pens\u00e3o aliment\u00edcia judicial ou acordo homologado judicialmente, inclusive a presta\u00e7\u00e3o de alimentos provisionais, ou de escritura p\u00fablica, conforme as regras da legisla\u00e7\u00e3o civil. \u201cPode ser um adulto ou uma crian\u00e7a, como por exemplo, um filho, um pai, uma ex-mulher, um ex-marido ou um parente qualquer desde que amparado por decis\u00e3o de um juiz para ser alimentando\u201d, explica Amorim. N\u00e3o necessariamente \u00e9 quem recebe os valores na pr\u00e1tica (como em casos de pais que recebem pelos filhos menores de idade). Enquanto o alimentante \u00e9 aquele que deve pagar a pens\u00e3o.<\/p>\n\n\n\n<p>Para declarar o pagamento de pens\u00e3o, o contribuinte deve preencher na ficha \u201cAlimentandos\u201d, CPF, data de nascimento, nome do alimentando e os dados da escritura p\u00fablica ou decis\u00e3o judicial que definiu a obriga\u00e7\u00e3o. Segundo o especialista da IOB, o contribuinte deve indicar o n\u00famero do processo judicial, Vara C\u00edvel, Comarca, Unidade da Federa\u00e7\u00e3o e a data. Nos casos de escritura p\u00fablica, \u00e9 obrigat\u00f3rio informar o nome e o CNPJ do Cart\u00f3rio, n\u00famero do livro e folhas na qual a escritura foi registrada, o Munic\u00edpio e o Estado onde est\u00e1 localizado o Cart\u00f3rio, bem como a data da lavratura do documento. A aus\u00eancia dessas informa\u00e7\u00f5es pode impedir o envio da declara\u00e7\u00e3o.<\/p>\n\n\n\n<p>Na ficha \u201cPagamentos Efetuados\u201d, no c\u00f3digo espec\u00edfico (30, 31, 33 ou 34), deve-se informar o nome e o CPF do alimentando e a quantia paga.<\/p>\n\n\n\n<p class=\"has-medium-font-size\">Quem pode ser considerado dependente?<\/p>\n\n\n\n<p>Uma vantagem importante de incluir dependentes \u00e9 a possibilidade de abater as despesas de sa\u00fade, educa\u00e7\u00e3o e previd\u00eancia no c\u00e1lculo do Imposto de Renda. J\u00e1 para abatimento dessas despesas com alimentandos, tais gastos poder\u00e3o ser utilizados se ficou previsto na decis\u00e3o judicial ou no acordo homologado judicialmente. O valor limite para dedu\u00e7\u00e3o anual por dependente \u00e9 de R$ 2.275,08. Filhos, enteados, companheiros, c\u00f4njuges, pais e at\u00e9 irm\u00e3os, netos ou bisnetos podem ser declarados como dependentes em algumas circunst\u00e2ncias. S\u00e3o elas:<\/p>\n\n\n\n<ul class=\"wp-block-list\">\n<li>Companheiro(a) com quem o contribuinte tenha filho ou viva h\u00e1 mais de 5 anos, ou c\u00f4njuge;<\/li>\n\n\n\n<li>Filho(a) ou enteado(a), at\u00e9 21 anos de idade, ou, em qualquer idade, quando incapacitado f\u00edsica ou mentalmente para o trabalho;<\/li>\n\n\n\n<li>Filho(a) ou enteado(a), se ainda estiver cursando estabelecimento de ensino superior ou escola t\u00e9cnica de segundo grau, at\u00e9 24 anos de idade;<\/li>\n\n\n\n<li>Filho(a) ou enteado(a) com defici\u00eancia, de qualquer idade, quando a sua remunera\u00e7\u00e3o n\u00e3o exceder as dedu\u00e7\u00f5es autorizadas por lei;<\/li>\n\n\n\n<li>Irm\u00e3o(\u00e3), neto(a) ou bisneto(a), sem arrimo dos pais, de quem o contribuinte detenha a guarda judicial, com idade at\u00e9 21 anos, ou em qualquer idade, quando incapacitado f\u00edsica ou mentalmente para o trabalho;<\/li>\n\n\n\n<li>Irm\u00e3o(\u00e3), neto(a) ou bisneto(a), sem arrimo dos pais, de quem o contribuinte detenha a guarda judicial, com idade at\u00e9 24 anos, se ainda estiver cursando ensino superior ou escola t\u00e9cnica de segundo grau, desde que o contribuinte tenha detido sua guarda judicial at\u00e9 os 21 anos;<\/li>\n\n\n\n<li>Irm\u00e3o(\u00e3), neto(a) ou bisneto(a) com defici\u00eancia, sem arrimo dos pais, do(a) qual o contribuinte det\u00e9m a guarda judicial, em qualquer idade, quando a sua remunera\u00e7\u00e3o n\u00e3o exceder as dedu\u00e7\u00f5es autorizadas por lei;<\/li>\n\n\n\n<li>Pais, av\u00f3s e bisav\u00f3s que, no ano anterior, tenham recebido rendimentos, tribut\u00e1veis ou n\u00e3o, at\u00e9 R$ 26.963,20;<\/li>\n\n\n\n<li>Menor pobre at\u00e9 21 anos que o contribuinte crie e eduque e de quem detenha a guarda judicial;<\/li>\n\n\n\n<li>Pessoa absolutamente incapaz, da qual o contribuinte seja tutor ou curador.<\/li>\n<\/ul>\n\n\n\n<p>Para incluir dependentes no programa da declara\u00e7\u00e3o, basta clicar na segunda aba da barra esquerda, em \u201cDependentes\u201d, abaixo da aba \u201cIdentifica\u00e7\u00e3o do Contribuinte\u201d. Depois, clicar em \u201cNovo\u201d, no canto inferior direito da tela, e incluir as informa\u00e7\u00f5es do dependente, como nome, CPF e data de nascimento. O contribuinte precisa informar se o dependente mora com o titular da declara\u00e7\u00e3o, assim como celular e e-mail do dependente, caso tenha.<\/p>\n\n\n\n<p class=\"has-medium-font-size\">IOB I Tecnologia e Intelig\u00eancia<\/p>\n\n\n\n<p>A IOB une Intelig\u00eancia em legisla\u00e7\u00e3o e Tecnologia avan\u00e7ada para resolver os desafios de contadores e empresas. Refer\u00eancia nas \u00e1reas fiscal, cont\u00e1bil, tribut\u00e1ria, trabalhista, previdenci\u00e1ria e jur\u00eddica, se destaca pela confiabilidade aliada \u00e0s solu\u00e7\u00f5es tecnol\u00f3gicas, inteligentes e humanizadas para cada cliente.<\/p>\n","protected":false},"excerpt":{"rendered":"<p>Especialista da IOB explica que, normalmente, quem \u00e9 dependente n\u00e3o pode ser alimentando na mesma declara\u00e7\u00e3o; saiba os diferenciais de cada um e acerte na presta\u00e7\u00e3o de contas ao Fisco Na declara\u00e7\u00e3o do Imposto de Renda, alimentando \u00e9 aquele que, mediante decis\u00e3o judicial ou acordo feito por escritura p\u00fablica, como o acordo homologado judicialmente, por [&hellip;]<\/p>\n","protected":false},"author":1,"featured_media":4363,"comment_status":"open","ping_status":"open","sticky":false,"template":"","format":"standard","meta":{"footnotes":""},"categories":[29],"tags":[],"class_list":["post-4362","post","type-post","status-publish","format-standard","has-post-thumbnail","hentry","category-artigos"],"_links":{"self":[{"href":"https:\/\/diarioparanaense.com\/index.php?rest_route=\/wp\/v2\/posts\/4362","targetHints":{"allow":["GET"]}}],"collection":[{"href":"https:\/\/diarioparanaense.com\/index.php?rest_route=\/wp\/v2\/posts"}],"about":[{"href":"https:\/\/diarioparanaense.com\/index.php?rest_route=\/wp\/v2\/types\/post"}],"author":[{"embeddable":true,"href":"https:\/\/diarioparanaense.com\/index.php?rest_route=\/wp\/v2\/users\/1"}],"replies":[{"embeddable":true,"href":"https:\/\/diarioparanaense.com\/index.php?rest_route=%2Fwp%2Fv2%2Fcomments&post=4362"}],"version-history":[{"count":1,"href":"https:\/\/diarioparanaense.com\/index.php?rest_route=\/wp\/v2\/posts\/4362\/revisions"}],"predecessor-version":[{"id":4364,"href":"https:\/\/diarioparanaense.com\/index.php?rest_route=\/wp\/v2\/posts\/4362\/revisions\/4364"}],"wp:featuredmedia":[{"embeddable":true,"href":"https:\/\/diarioparanaense.com\/index.php?rest_route=\/wp\/v2\/media\/4363"}],"wp:attachment":[{"href":"https:\/\/diarioparanaense.com\/index.php?rest_route=%2Fwp%2Fv2%2Fmedia&parent=4362"}],"wp:term":[{"taxonomy":"category","embeddable":true,"href":"https:\/\/diarioparanaense.com\/index.php?rest_route=%2Fwp%2Fv2%2Fcategories&post=4362"},{"taxonomy":"post_tag","embeddable":true,"href":"https:\/\/diarioparanaense.com\/index.php?rest_route=%2Fwp%2Fv2%2Ftags&post=4362"}],"curies":[{"name":"wp","href":"https:\/\/api.w.org\/{rel}","templated":true}]}}