{"id":4357,"date":"2025-05-08T15:21:22","date_gmt":"2025-05-08T18:21:22","guid":{"rendered":"https:\/\/diarioparanaense.com\/?p=4357"},"modified":"2025-05-08T15:21:23","modified_gmt":"2025-05-08T18:21:23","slug":"cafe-da-manha-para-o-dia-das-maes-como-transformar-o-simples-em-especial-com-sabor-afeto-e-criatividade","status":"publish","type":"post","link":"https:\/\/diarioparanaense.com\/?p=4357","title":{"rendered":"Caf\u00e9 da manh\u00e3 para o Dia das M\u00e3es: como transformar o simples em especial com sabor, afeto e criatividade"},"content":{"rendered":"\n<p class=\"has-medium-font-size\">Dicas para montar uma mesa afetuosa, com combina\u00e7\u00f5es que surpreendem e criam mem\u00f3rias<\/p>\n\n\n\n<p>No Brasil, o Dia das M\u00e3es \u00e9 a segunda data mais celebrada do ano, perdendo apenas para o Natal. Muito al\u00e9m dos presentes, \u00e9 um momento que convida \u00e0 pausa para retribuir o cuidado com um gesto simb\u00f3lico, sentar \u00e0 mesa com calma e refor\u00e7ar la\u00e7os por meio daquilo que alimenta tamb\u00e9m o cora\u00e7\u00e3o. Preparar um caf\u00e9 da manh\u00e3 especial pode ser uma dessas formas delicadas e sinceras de dizer \u201ceu te amo\u201d, seja na cama, montado em sil\u00eancio pelas crian\u00e7as, ou \u00e0 mesa, com a fam\u00edlia reunida.<\/p>\n\n\n\n<p>O hor\u00e1rio permite que o dia comece junto e d\u00e1 espa\u00e7o para conversas que muitas vezes n\u00e3o cabem na rotina. E, mais do que ter uma variedade de itens na mesa, o que faz a diferen\u00e7a nesse momento \u00e9 a inten\u00e7\u00e3o. Com frutas frescas, bebidas preparadas com carinho e um toque criativo em alimentos do cotidiano, como o p\u00e3o de queijo, \u00e9 poss\u00edvel transformar o comum em inesquec\u00edvel. A seguir, um passo a passo para montar esse momento com aten\u00e7\u00e3o e afeto.<\/p>\n\n\n\n<p>Frutas<\/p>\n\n\n\n<p>Frutas frescas ajudam a dar cor e leveza ao caf\u00e9. Podem ser servidas j\u00e1 cortadas, em pequenos potes ou organizadas em uma travessa no centro da mesa. Manga, morango, mam\u00e3o, uva, mel\u00e3o e kiwi s\u00e3o f\u00e1ceis de preparar. Outra possibilidade \u00e9 montar copinhos individuais com salada de frutas ou servir com iogurte natural e um pouco de mel.<\/p>\n\n\n\n<p>P\u00e3es e assados<\/p>\n\n\n\n<p>P\u00e3es frescos, bolos simples e itens assados s\u00e3o sempre bem-vindos no caf\u00e9 da manh\u00e3. Mas uma forma de tornar o momento ainda mais especial \u00e9 brincar com as combina\u00e7\u00f5es. Um p\u00e3o de queijo quentinho, por exemplo, pode surpreender quando servido com uma gel\u00e9ia suave, um toque de queijo cremoso ou at\u00e9 uma camada de doce de leite. Simples varia\u00e7\u00f5es que ajudam a transformar um produto do dia a dia em algo memor\u00e1vel.<\/p>\n\n\n\n<p>A Cymco Alimentos, especializada no produto, traz vers\u00f5es que se adaptam a diferentes perfis, como o p\u00e3o de queijo artesanal, de parmes\u00e3o, zero lactose e at\u00e9 formatos alternativos, como chipa e palitos de provolone. Cada op\u00e7\u00e3o permite explorar sabores de forma criativa.<\/p>\n\n\n\n<p>\u201cEm muitos lares, o p\u00e3o de queijo \u00e9 quase um sin\u00f4nimo de pausa e aconchego, ele tem esse papel afetivo de lembrar momentos bons. E, quando a gente come\u00e7a a experimentar novas combina\u00e7\u00f5es, percebe que \u00e9 poss\u00edvel transformar o simples em especial com pouco. O importante \u00e9 a inten\u00e7\u00e3o de cuidar de quem a gente mais ama\u201d, comenta Frederico Cymbalista, CEO da marca.<\/p>\n\n\n\n<p>Queijos, pastas e acompanhamentos<\/p>\n\n\n\n<p>A Cymco, separou algumas ideias de combina\u00e7\u00f5es que podem ser servidas como complemento aos assados: p\u00e3o de queijo tradicional recheado com queijo brie e gel\u00e9ia de mirtilo, chipa com creme de bacon, cebola caramelizada e r\u00facula ou na vers\u00e3o doce com creme de avel\u00e3 e morangos frescos, dadinhos de tapioca com calda de goiabada.<\/p>\n\n\n\n<p>Al\u00e9m disso, uma pequena t\u00e1bua com queijos variados pode agregar aos p\u00e3es. A mussarela tradicional, queijo branco e uma pastinha de gorgonzola s\u00e3o boas escolhas para agradar diferentes paladares. Para incrementar ainda mais, vale incluir acompanhamentos vers\u00e1teis como manteigas, requeij\u00f5es, geleias e mel. Fatias de peito de peru ou uma pasta de gr\u00e3o-de-bico tamb\u00e9m s\u00e3o op\u00e7\u00f5es para equilibrar sabores e oferecer variedade.<\/p>\n\n\n\n<p>Bebidas<\/p>\n\n\n\n<p>Cl\u00e1ssicos como caf\u00e9 coado, ch\u00e1 e chocolate quente s\u00e3o sempre boas escolhas para come\u00e7ar o dia. Para op\u00e7\u00f5es mais refrescantes, sucos naturais, como laranja, abacaxi com hortel\u00e3 ou limonada suave, s\u00e3o ideais. Iogurte, especialmente em combina\u00e7\u00f5es com frutas ou mel, tamb\u00e9m \u00e9 uma excelente op\u00e7\u00e3o, trazendo cremosidade e sabor ao caf\u00e9 da manh\u00e3.<\/p>\n\n\n\n<p>Montagem e momento<\/p>\n\n\n\n<p>A disposi\u00e7\u00e3o da mesa pode ser feita de forma simples: um espa\u00e7o central com as principais op\u00e7\u00f5es e pratos individuais j\u00e1 organizados. Se a ideia for levar o caf\u00e9 at\u00e9 o quarto, uma bandeja com itens escolhidos a dedo, um bilhete escrito \u00e0 m\u00e3o ou uma flor colhida no caminho tornam o momento mais pessoal.<\/p>\n\n\n\n<p>Mais do que a mesa em si, o caf\u00e9 da manh\u00e3 de Dia das M\u00e3es \u00e9 um pretexto para parar. Para sentar. Para lembrar. \u00c9 sobre marcar presen\u00e7a e oferecer o que a correria muitas vezes n\u00e3o permite:&nbsp;tempo&nbsp;junto.<\/p>\n","protected":false},"excerpt":{"rendered":"<p>Dicas para montar uma mesa afetuosa, com combina\u00e7\u00f5es que surpreendem e criam mem\u00f3rias No Brasil, o Dia das M\u00e3es \u00e9 a segunda data mais celebrada do ano, perdendo apenas para o Natal. Muito al\u00e9m dos presentes, \u00e9 um momento que convida \u00e0 pausa para retribuir o cuidado com um gesto simb\u00f3lico, sentar \u00e0 mesa com [&hellip;]<\/p>\n","protected":false},"author":1,"featured_media":4358,"comment_status":"open","ping_status":"open","sticky":false,"template":"","format":"standard","meta":{"footnotes":""},"categories":[29,186],"tags":[],"class_list":["post-4357","post","type-post","status-publish","format-standard","has-post-thumbnail","hentry","category-artigos","category-eventos"],"_links":{"self":[{"href":"https:\/\/diarioparanaense.com\/index.php?rest_route=\/wp\/v2\/posts\/4357","targetHints":{"allow":["GET"]}}],"collection":[{"href":"https:\/\/diarioparanaense.com\/index.php?rest_route=\/wp\/v2\/posts"}],"about":[{"href":"https:\/\/diarioparanaense.com\/index.php?rest_route=\/wp\/v2\/types\/post"}],"author":[{"embeddable":true,"href":"https:\/\/diarioparanaense.com\/index.php?rest_route=\/wp\/v2\/users\/1"}],"replies":[{"embeddable":true,"href":"https:\/\/diarioparanaense.com\/index.php?rest_route=%2Fwp%2Fv2%2Fcomments&post=4357"}],"version-history":[{"count":1,"href":"https:\/\/diarioparanaense.com\/index.php?rest_route=\/wp\/v2\/posts\/4357\/revisions"}],"predecessor-version":[{"id":4359,"href":"https:\/\/diarioparanaense.com\/index.php?rest_route=\/wp\/v2\/posts\/4357\/revisions\/4359"}],"wp:featuredmedia":[{"embeddable":true,"href":"https:\/\/diarioparanaense.com\/index.php?rest_route=\/wp\/v2\/media\/4358"}],"wp:attachment":[{"href":"https:\/\/diarioparanaense.com\/index.php?rest_route=%2Fwp%2Fv2%2Fmedia&parent=4357"}],"wp:term":[{"taxonomy":"category","embeddable":true,"href":"https:\/\/diarioparanaense.com\/index.php?rest_route=%2Fwp%2Fv2%2Fcategories&post=4357"},{"taxonomy":"post_tag","embeddable":true,"href":"https:\/\/diarioparanaense.com\/index.php?rest_route=%2Fwp%2Fv2%2Ftags&post=4357"}],"curies":[{"name":"wp","href":"https:\/\/api.w.org\/{rel}","templated":true}]}}