{"id":4356,"date":"2025-05-08T15:41:14","date_gmt":"2025-05-08T18:41:14","guid":{"rendered":"https:\/\/diarioparanaense.com\/?p=4356"},"modified":"2025-05-08T15:41:15","modified_gmt":"2025-05-08T18:41:15","slug":"afeto-intencao-e-significado-marcas-apostam-em-experiencias-e-memoria-afetiva-no-dia-das-maes","status":"publish","type":"post","link":"https:\/\/diarioparanaense.com\/?p=4356","title":{"rendered":"Afeto, inten\u00e7\u00e3o e significado: marcas apostam em experi\u00eancias e mem\u00f3ria afetiva no Dia das M\u00e3es"},"content":{"rendered":"\n<p class=\"has-medium-font-size\">De acess\u00f3rios personaliz\u00e1veis a rituais de autocuidado, passando por cosm\u00e9ticos conscientes, marcas brasileiras traduzem, em campanhas sens\u00edveis, o movimento por um Dia das M\u00e3es menos sobre consumo e mais sobre conex\u00e3o<\/p>\n\n\n\n<p>Celebrado este ano no dia 11 de maio, o Dia das M\u00e3es \u00e9 historicamente uma das datas mais importantes para o com\u00e9rcio brasileiro. No entanto, o que se v\u00ea nos \u00faltimos anos \u00e9 uma transforma\u00e7\u00e3o no modo como os presentes s\u00e3o escolhidos: mais do que o valor material, o que pesa na decis\u00e3o de compra \u00e9 o significado por tr\u00e1s do gesto. Presentear virou sin\u00f4nimo de criar mem\u00f3rias, oferecer tempo de qualidade ou valorizar a hist\u00f3ria da mulher que est\u00e1 no centro da celebra\u00e7\u00e3o, seja m\u00e3e biol\u00f3gica, de cria\u00e7\u00e3o ou de cora\u00e7\u00e3o. De olho nessa mudan\u00e7a, marcas de moda, beleza e autocuidado v\u00eam reformulando suas campanhas para refletir o novo perfil do consumidor e da m\u00e3e contempor\u00e2nea: multifacetada, conectada com o bem-estar e que valoriza autenticidade.<\/p>\n\n\n\n<p>Entre as escolhas que ganham for\u00e7a este ano, destacam-se op\u00e7\u00f5es que unem autocuidado, afeto e prop\u00f3sito. Kits com velas, skincare e livros dividem espa\u00e7o com experi\u00eancias sensoriais, como massagens e terapias integrativas. No universo da gastronomia, o foco \u00e9 o resgate emocional: brunchs caseiros, caf\u00e9s da manh\u00e3 personalizados e menus exclusivos assinados por chefs t\u00eam encantado quem busca surpreender. J\u00e1 na moda, cresce a valoriza\u00e7\u00e3o de marcas autorais e sustent\u00e1veis, muitas lideradas por mulheres, enquanto acess\u00f3rios com frases, s\u00edmbolos afetivos ou grava\u00e7\u00f5es personalizadas refor\u00e7am a ideia de presentes que contam hist\u00f3rias.<\/p>\n\n\n\n<p>A seguir, confira tr\u00eas marcas brasileiras que traduzem esse movimento em suas a\u00e7\u00f5es para o Dia das M\u00e3es de 2025:<\/p>\n\n\n\n<p>CUFF: o afeto em forma de acess\u00f3rio<\/p>\n\n\n\n<p>A CUFF, marca brasileira de acess\u00f3rios feitos para mulheres modernas, apresenta neste Dia das M\u00e3es o Drop Eternal, para celebrar a maternidade em suas diversas formas. Inspirada na tend\u00eancia internacional dos charms, a cole\u00e7\u00e3o re\u00fane colares e pulseiras que podem ser personalizados com iniciais e s\u00edmbolos que representam v\u00ednculos e mem\u00f3rias. Com design atemporal e foco na personaliza\u00e7\u00e3o, a proposta \u00e9 que cada combina\u00e7\u00e3o conte um cap\u00edtulo \u00fanico da trajet\u00f3ria materna e transforme o ato de presentear em um gesto de celebra\u00e7\u00e3o.<\/p>\n\n\n\n<p>Entre os destaques est\u00e3o o Colar Adore, com um delicado pingente de cora\u00e7\u00e3o, o Colar Eternal, que traz um cora\u00e7\u00e3o em tamanho maior, a Pulseira Endless e o Charm Inicial, uma letra personalizada que pode simbolizar o nome da m\u00e3e ou da filha, tornando o presente ainda mais especial e carregado de afeto. A ideia \u00e9 transformar o acess\u00f3rio em mais do que uma lembran\u00e7a para marcar a data, mas um relic\u00e1rio de emo\u00e7\u00f5es e simbolismos duradouros. \u201cNosso objetivo foi criar uma cole\u00e7\u00e3o atemporal, que fale sobre mem\u00f3ria e v\u00ednculo, e que possa ser usada como forma de homenagear diferentes tipos de maternidade\u201d, afirma Brenda Piccirillo, fundadora da marca que vendeu mais de 100 mil pe\u00e7as em 2024.<\/p>\n\n\n\n<p>Sal\u00e3o Bot\u00ea: experi\u00eancias que homenageiam a beleza aprendida no afeto<\/p>\n\n\n\n<p>J\u00e1 no segmento de beleza e autocuidado, o Sal\u00e3o Bot\u00ea, refer\u00eancia em Curitiba, aposta em uma proposta sens\u00edvel para a data: a campanha A Beleza Que Eu Via em Voc\u00ea. Com cinco pacotes que combinam servi\u00e7os como escova, manicure, podologia, maquiagem, massagens relaxantes e rituais de spa, o objetivo \u00e9 valorizar n\u00e3o apenas o ato de se presentear, mas tamb\u00e9m o tempo dedicado ao cuidado.<\/p>\n\n\n\n<p>A inspira\u00e7\u00e3o veio da mem\u00f3ria afetiva: o cuidado silencioso que tantas mulheres dedicaram \u00e0 pr\u00f3pria beleza ao longo da vida, e que serve de refer\u00eancia para filhos e filhas. \u201cAntes mesmo de sabermos o que era beleza, a gente j\u00e1 via a beleza na nossa m\u00e3e. Por isso, criamos esses pacotes pensando em como o autocuidado pode ser um presente vivo, compartilhado, que cria novas mem\u00f3rias e fortalece as antigas. \u00c9 sobre estar junto, se reconhecer uma na outra e transformar um momento simples em algo que fica\u201d, diz Caroline Gaspar, s\u00f3cia-fundadora do espa\u00e7o.<\/p>\n\n\n\n<p>Os combos de experi\u00eancias poder\u00e3o ser adquiridos at\u00e9 o dia 12 de maio, sendo poss\u00edvel utiliz\u00e1-los durante todo o m\u00eas. Os nomes dos pacotes s\u00e3o simb\u00f3licos, refor\u00e7ando a narrativa afetiva:<\/p>\n\n\n\n<p>ORIGEM \u2013 R$ 199<br>Escova + Manicure + Design de Sobrancelhas<br>Para quem ensinou o que \u00e9 beleza desde o in\u00edcio.<\/p>\n\n\n\n<p>TEMPO \u2013 R$ 399<br>Hidrata\u00e7\u00e3o Capilar + Escova + Podologia<br>Porque dedicar tempo \u00e9 retribuir tudo que ela j\u00e1 deu.<\/p>\n\n\n\n<p>ELA \u2013 R$ 499<br>Limpeza de Pele + Massagem Relaxante + Spa dos P\u00e9s<br>Um presente com nome. Porque quando pensamos em cuidado, pensamos nela<\/p>\n\n\n\n<p>ALMA \u2013 R$ 549<br>Massagem Relaxante + Escova ou Babyliss + Maquiagem<br>Um despertar da beleza interior e exterior.<\/p>\n\n\n\n<p>PRA VOC\u00ca \u2013 R$ 599<br>Penteado + Maquiagem + Manicure e Pedicure<\/p>\n\n\n\n<p>Um gesto completo de cuidado e inten\u00e7\u00e3o<\/p>\n\n\n\n<p>Al\u00e9m dos servi\u00e7os, a experi\u00eancia inclui atendimento em dupla (m\u00e3e e filha ou duas mulheres que se cuidam), cart\u00f5es personalizados com frases da campanha, registros fotogr\u00e1ficos espont\u00e2neos e um mimo especial (flor e cart\u00e3o) nos dias 11 e 12 de maio. O objetivo \u00e9 transformar o sal\u00e3o em um espa\u00e7o de celebra\u00e7\u00e3o afetiva, um presente que se vive, e n\u00e3o apenas se recebe.<\/p>\n\n\n\n<p>Alva: o presente no cotidiano, com leveza e consci\u00eancia<\/p>\n\n\n\n<p>Para m\u00e3es que amam rituais de autocuidado com produtos naturais e livres de toxinas, a Alva Personal Care, marca joinvilense de cosm\u00e9ticos naturais e veganos, tamb\u00e9m preparou a\u00e7\u00f5es especiais no seu e-commerce.<br>Entre os dias 1\u00ba e 10 de maio, a marca ativa duas campanhas promocionais: a primeira presenteia compras acima de R$ 149 com frete gr\u00e1tis e uma lata colecion\u00e1vel de edi\u00e7\u00e3o limitada, criada especialmente para o Dia das M\u00e3es. J\u00e1 a segunda oferece 15% de desconto no site durante toda a semana que antecede a data, com o cupom PRESENTEMAE.<\/p>\n\n\n\n<p>Com proposta clean beauty e uma linha que valoriza ingredientes naturais, performance cl\u00ednica e embalagens recicl\u00e1veis, a Alva entende que o cuidado di\u00e1rio tamb\u00e9m \u00e9 uma forma de homenagem e que presentear com produtos conscientes pode ser uma maneira de reconhecer o tempo e a dedica\u00e7\u00e3o de quem cuida todos os dias. O portf\u00f3lio inclui hidratantes, desodorantes e \u00f3leos multifuncionais que atendem \u00e0s m\u00e3es que valorizam bem-estar sem abrir m\u00e3o da sustentabilidade. \u201cO autocuidado tamb\u00e9m \u00e9 uma forma de presente. E, \u00e0s vezes, o gesto est\u00e1 nas pequenas rotinas di\u00e1rias, no creme que hidrata a pele, no momento de sil\u00eancio ao cuidar de si\u201d, comenta Ananda Boschilia, fundadora da marca.<\/p>\n\n\n\n<p>Uma celebra\u00e7\u00e3o que ultrapassa a data<\/p>\n\n\n\n<p>Mais do que campanhas promocionais, as a\u00e7\u00f5es apontam que presentear, a data tamb\u00e9m \u00e9 uma forma de express\u00e3o. Mais do que movimentar o varejo, o Dia das M\u00e3es de 2025 volta a ser uma oportunidade de resgate afetivo, uma pausa para olhar com aten\u00e7\u00e3o, reconhecer trajet\u00f3rias e celebrar o cuidado que molda hist\u00f3rias, e convida marcas e consumidores a ressignificarem o presente de produto para gesto, de compra para mem\u00f3ria.<\/p>\n\n\n\n<p>\u00c9 a for\u00e7a simb\u00f3lica que torna um colar, uma sess\u00e3o de spa ou um cosm\u00e9tico algo maior do que o objeto em si: uma forma de agradecer com inten\u00e7\u00e3o, cuidado e presen\u00e7a. Um lembrete de que, \u00e0s vezes, o maior presente \u00e9 estar.<\/p>\n\n\n\n<p><strong>Sobre a CUFF<br><\/strong>Fundada em 2019, a CUFF \u00e9 uma marca brasileira de acess\u00f3rios reconhecida pela sofistica\u00e7\u00e3o, qualidade e design atemporal. Com uma opera\u00e7\u00e3o 100% online, a marca atende clientes em todo o Brasil e se destaca por seu compromisso com a excel\u00eancia e a inova\u00e7\u00e3o no mercado de acess\u00f3rios femininos. Para mais informa\u00e7\u00f5es, visite: www.cuff.com.br.<\/p>\n\n\n\n<p><strong>Sobre BOT\u00ca<br><\/strong>O Bot\u00ea \u00e9 um ref\u00fagio sofisticado para a mulher contempor\u00e2nea, onde beleza, cuidado e bem-estar se encontram. Mais do que um sal\u00e3o de beleza, o Bot\u00ea \u00e9 um espa\u00e7o de transforma\u00e7\u00e3o e reconex\u00e3o, pensado para oferecer servi\u00e7os de alta qualidade com sofistica\u00e7\u00e3o, funcionalidade e acolhimento. Com um conceito inovador, a marca se diferencia ao proporcionar experi\u00eancias personalizadas para noivas, debutantes, eventos exclusivos e mulheres que buscam rituais de autocuidado no dia a dia. O Bot\u00ea acredita que a beleza real j\u00e1 existe em cada mulher \u2014 seu prop\u00f3sito \u00e9 apenas revel\u00e1-la. Inspirada pela leveza e sofistica\u00e7\u00e3o, o Bot\u00ea une t\u00e9cnicas de excel\u00eancia, atendimento personalizado e um ambiente acolhedor para criar momentos \u00fanicos para suas clientes.<\/p>\n\n\n\n<p><strong>Sobre a Alva<br><\/strong>A Alva Personal Care \u00e9 uma marca brasileira de cosm\u00e9ticos naturais, pioneira e l\u00edder do segmento no pa\u00eds. Fundada por Ananda Boschilia, que iniciou sua trajet\u00f3ria empreendedora aos 18 anos, a marca une efic\u00e1cia, f\u00f3rmulas limpas e responsabilidade ambiental em um portf\u00f3lio completo \u2014 da higiene bucal \u00e0 maquiagem. Com mais de 1,8 milh\u00e3o de produtos vendidos e presen\u00e7a em mais de 40 mil pontos de venda, a Alva \u00e9 a marca de cosm\u00e9ticos naturais que mais cresce no Brasil. Seu produto mais conhecido, o desodorante cristal stick, foi o mais vendido da Amazon por dois anos\u00a0consecutivos.<\/p>\n","protected":false},"excerpt":{"rendered":"<p>De acess\u00f3rios personaliz\u00e1veis a rituais de autocuidado, passando por cosm\u00e9ticos conscientes, marcas brasileiras traduzem, em campanhas sens\u00edveis, o movimento por um Dia das M\u00e3es menos sobre consumo e mais sobre conex\u00e3o Celebrado este ano no dia 11 de maio, o Dia das M\u00e3es \u00e9 historicamente uma das datas mais importantes para o com\u00e9rcio brasileiro. No [&hellip;]<\/p>\n","protected":false},"author":1,"featured_media":4360,"comment_status":"open","ping_status":"open","sticky":false,"template":"","format":"standard","meta":{"footnotes":""},"categories":[29,426],"tags":[],"class_list":["post-4356","post","type-post","status-publish","format-standard","has-post-thumbnail","hentry","category-artigos","category-servicos"],"_links":{"self":[{"href":"https:\/\/diarioparanaense.com\/index.php?rest_route=\/wp\/v2\/posts\/4356","targetHints":{"allow":["GET"]}}],"collection":[{"href":"https:\/\/diarioparanaense.com\/index.php?rest_route=\/wp\/v2\/posts"}],"about":[{"href":"https:\/\/diarioparanaense.com\/index.php?rest_route=\/wp\/v2\/types\/post"}],"author":[{"embeddable":true,"href":"https:\/\/diarioparanaense.com\/index.php?rest_route=\/wp\/v2\/users\/1"}],"replies":[{"embeddable":true,"href":"https:\/\/diarioparanaense.com\/index.php?rest_route=%2Fwp%2Fv2%2Fcomments&post=4356"}],"version-history":[{"count":1,"href":"https:\/\/diarioparanaense.com\/index.php?rest_route=\/wp\/v2\/posts\/4356\/revisions"}],"predecessor-version":[{"id":4361,"href":"https:\/\/diarioparanaense.com\/index.php?rest_route=\/wp\/v2\/posts\/4356\/revisions\/4361"}],"wp:featuredmedia":[{"embeddable":true,"href":"https:\/\/diarioparanaense.com\/index.php?rest_route=\/wp\/v2\/media\/4360"}],"wp:attachment":[{"href":"https:\/\/diarioparanaense.com\/index.php?rest_route=%2Fwp%2Fv2%2Fmedia&parent=4356"}],"wp:term":[{"taxonomy":"category","embeddable":true,"href":"https:\/\/diarioparanaense.com\/index.php?rest_route=%2Fwp%2Fv2%2Fcategories&post=4356"},{"taxonomy":"post_tag","embeddable":true,"href":"https:\/\/diarioparanaense.com\/index.php?rest_route=%2Fwp%2Fv2%2Ftags&post=4356"}],"curies":[{"name":"wp","href":"https:\/\/api.w.org\/{rel}","templated":true}]}}