{"id":4347,"date":"2025-05-07T15:27:46","date_gmt":"2025-05-07T18:27:46","guid":{"rendered":"https:\/\/diarioparanaense.com\/?p=4347"},"modified":"2025-05-07T15:27:47","modified_gmt":"2025-05-07T18:27:47","slug":"acao-especial-de-dia-das-maes-acontece-nos-cemiterios-jardim-da-saudade-com-homenagens-rosas-e-musica-ao-vivo","status":"publish","type":"post","link":"https:\/\/diarioparanaense.com\/?p=4347","title":{"rendered":"A\u00e7\u00e3o especial de Dia das M\u00e3es acontece nos cemit\u00e9rios Jardim da Saudade com homenagens, rosas e m\u00fasica ao vivo"},"content":{"rendered":"\n<p class=\"has-medium-font-size\">No Jardim da Saudade, o amor por uma m\u00e3e continua vivo mesmo depois da despedida<\/p>\n\n\n\n<p>Em homenagem ao Dia das M\u00e3es, o Cemit\u00e9rio Jardim da Saudade promove a a\u00e7\u00e3o especial \u201cComo \u00e9 grande o meu amor por voc\u00ea!\u201d, inspirada na can\u00e7\u00e3o de Roberto Carlos, com o objetivo de proporcionar um momento de carinho e lembran\u00e7a \u00e0s m\u00e3es visitantes e aos familiares que j\u00e1 se despediram de suas m\u00e3es. Entre os dias 9 e 11 de maio, das 8h \u00e0s 18h, nos cemit\u00e9rios de Curitiba, Pinhais e Blumenau, o p\u00fablico poder\u00e1 participar de diversas atividades emocionantes: distribui\u00e7\u00e3o de rosas, que poder\u00e3o ser levadas para casa ou deixadas nos jazigos; a \u00c1rvore da Saudade, onde mensagens de saudade poder\u00e3o ser amarradas em fitas; enfeites para jazigos e floreiras; al\u00e9m de sorteios de cestas. No domingo, 11 de maio, das 9h \u00e0s 11h, a a\u00e7\u00e3o contar\u00e1 ainda com a presen\u00e7a de m\u00fasicos instrumentistas, criando uma atmosfera de acolhimento e respeito \u00e0s mem\u00f3rias afetivas.<\/p>\n\n\n\n<p>O Dia das M\u00e3es \u00e9 uma data que carrega uma for\u00e7a simb\u00f3lica intensa. Para quem pode celebrar com um abra\u00e7o, \u00e9 tempo de festa e gratid\u00e3o. Mas para quem j\u00e1 se despediu, esse dia pode se tornar um territ\u00f3rio delicado de saudades. A aus\u00eancia de uma m\u00e3e reverbera fundo: \u00e9 uma falta que n\u00e3o se preenche, mas que pode, com o tempo e o cuidado certos, encontrar novas formas de presen\u00e7a. No Jardim da Saudade, essa realidade \u00e9 compreendida com sensibilidade. \u201cO luto n\u00e3o \u00e9 um fim. \u00c9 um processo de ressignifica\u00e7\u00e3o\u201d, diz Andr\u00e9 Le\u00e3o, representante do cemit\u00e9rio.<\/p>\n\n\n\n<p>Quando a dor da perda encontra espa\u00e7o para ser vivida com verdade, nasce a possibilidade de transforma\u00e7\u00e3o. A saudade deixa de ser apenas ferida e come\u00e7a a se tornar homenagem. No Jardim, cada detalhe \u00e9 pensado para acolher esse caminho: flores, palavras, sil\u00eancio respeitoso, rituais personalizados e apoio emocional. \u00c9 um ambiente que respeita o tempo de cada um, onde o amor n\u00e3o precisa ser escondido, e o choro n\u00e3o precisa ser contido. \u201cTransformar a aus\u00eancia em tributo \u00e9 uma das formas mais bonitas de continuar amando\u201d, completa Andr\u00e9.<\/p>\n\n\n\n<p>Nesse processo, recordar se torna um ato poderoso. Revisitar hist\u00f3rias, relembrar o cheiro, a voz, os conselhos e os gestos simples do cotidiano \u00e9 uma forma de manter viva a presen\u00e7a de quem partiu. A morte de uma m\u00e3e n\u00e3o apaga sua influ\u00eancia: ela continua moldando quem somos, nas escolhas que fazemos, nos valores que carregamos. O Jardim da Saudade reconhece essa dimens\u00e3o profunda do luto materno, e oferece um espa\u00e7o onde ele pode ser vivido com dignidade, serenidade e significado, n\u00e3o como um rompimento, mas como uma continuidade afetiva.<\/p>\n\n\n\n<p>Neste Dia das M\u00e3es, o convite \u00e9 para que cada lembran\u00e7a se transforme em gesto. Que o amor vivido n\u00e3o se perca, mas flores\u00e7a de outra maneira. O Jardim da Saudade acredita que o v\u00ednculo entre m\u00e3e e filho n\u00e3o termina com a despedida: ele apenas muda de forma. E onde h\u00e1 mem\u00f3ria, h\u00e1 presen\u00e7a. Onde h\u00e1 cuidado, h\u00e1 renascimento. Porque uma m\u00e3e nunca vai embora por completo: ela permanece onde o amor continua a viver.<\/p>\n\n\n\n<p><strong>Servi\u00e7o: Jardim da Saudade\u00a0<\/strong><\/p>\n\n\n\n<p>Andr\u00e9 Le\u00e3o&nbsp;<\/p>\n\n\n\n<p>Representante do Jardim da Saudade&nbsp;<\/p>\n\n\n\n<p>0800 007 0001<\/p>\n\n\n\n<p>@grupojardimdasaudade<\/p>\n\n\n\n<figure class=\"wp-block-embed is-type-wp-embed is-provider-jardim-da-saudade wp-block-embed-jardim-da-saudade\"><div class=\"wp-block-embed__wrapper\">\n<blockquote class=\"wp-embedded-content\" data-secret=\"o49JfbZd7y\"><a href=\"https:\/\/www.jardimdasaudade.com\/jardim-da-saudade-curitiba\/\">Jardim da Saudade &#8211; Curitiba<\/a><\/blockquote><iframe loading=\"lazy\" class=\"wp-embedded-content\" sandbox=\"allow-scripts\" security=\"restricted\" style=\"position: absolute; visibility: hidden;\" title=\"&#8220;Jardim da Saudade &#8211; Curitiba&#8221; &#8212; Jardim da Saudade\" src=\"https:\/\/www.jardimdasaudade.com\/jardim-da-saudade-curitiba\/embed\/#?secret=la0uw9kPvd#?secret=o49JfbZd7y\" data-secret=\"o49JfbZd7y\" width=\"600\" height=\"338\" frameborder=\"0\" marginwidth=\"0\" marginheight=\"0\" scrolling=\"no\"><\/iframe>\n<\/div><\/figure>\n\n\n\n<p>Cemit\u00e9rio Jardim da Saudade, Rua Jo\u00e3o Bettega, 999 | Port\u00e3o,&nbsp;Curitiba&nbsp;|&nbsp;PR<\/p>\n","protected":false},"excerpt":{"rendered":"<p>No Jardim da Saudade, o amor por uma m\u00e3e continua vivo mesmo depois da despedida Em homenagem ao Dia das M\u00e3es, o Cemit\u00e9rio Jardim da Saudade promove a a\u00e7\u00e3o especial \u201cComo \u00e9 grande o meu amor por voc\u00ea!\u201d, inspirada na can\u00e7\u00e3o de Roberto Carlos, com o objetivo de proporcionar um momento de carinho e lembran\u00e7a [&hellip;]<\/p>\n","protected":false},"author":1,"featured_media":4348,"comment_status":"open","ping_status":"open","sticky":false,"template":"","format":"standard","meta":{"footnotes":""},"categories":[29],"tags":[],"class_list":["post-4347","post","type-post","status-publish","format-standard","has-post-thumbnail","hentry","category-artigos"],"_links":{"self":[{"href":"https:\/\/diarioparanaense.com\/index.php?rest_route=\/wp\/v2\/posts\/4347","targetHints":{"allow":["GET"]}}],"collection":[{"href":"https:\/\/diarioparanaense.com\/index.php?rest_route=\/wp\/v2\/posts"}],"about":[{"href":"https:\/\/diarioparanaense.com\/index.php?rest_route=\/wp\/v2\/types\/post"}],"author":[{"embeddable":true,"href":"https:\/\/diarioparanaense.com\/index.php?rest_route=\/wp\/v2\/users\/1"}],"replies":[{"embeddable":true,"href":"https:\/\/diarioparanaense.com\/index.php?rest_route=%2Fwp%2Fv2%2Fcomments&post=4347"}],"version-history":[{"count":1,"href":"https:\/\/diarioparanaense.com\/index.php?rest_route=\/wp\/v2\/posts\/4347\/revisions"}],"predecessor-version":[{"id":4349,"href":"https:\/\/diarioparanaense.com\/index.php?rest_route=\/wp\/v2\/posts\/4347\/revisions\/4349"}],"wp:featuredmedia":[{"embeddable":true,"href":"https:\/\/diarioparanaense.com\/index.php?rest_route=\/wp\/v2\/media\/4348"}],"wp:attachment":[{"href":"https:\/\/diarioparanaense.com\/index.php?rest_route=%2Fwp%2Fv2%2Fmedia&parent=4347"}],"wp:term":[{"taxonomy":"category","embeddable":true,"href":"https:\/\/diarioparanaense.com\/index.php?rest_route=%2Fwp%2Fv2%2Fcategories&post=4347"},{"taxonomy":"post_tag","embeddable":true,"href":"https:\/\/diarioparanaense.com\/index.php?rest_route=%2Fwp%2Fv2%2Ftags&post=4347"}],"curies":[{"name":"wp","href":"https:\/\/api.w.org\/{rel}","templated":true}]}}