{"id":4325,"date":"2025-04-30T11:13:21","date_gmt":"2025-04-30T14:13:21","guid":{"rendered":"https:\/\/diarioparanaense.com\/?p=4325"},"modified":"2025-04-30T11:13:22","modified_gmt":"2025-04-30T14:13:22","slug":"projeto-doutor-banheiro-fortalece-autonomia-infantil-e-prevencao-de-doencas-respiratorias","status":"publish","type":"post","link":"https:\/\/diarioparanaense.com\/?p=4325","title":{"rendered":"Projeto \u201cDoutor Banheiro\u201d fortalece autonomia infantil e preven\u00e7\u00e3o de doen\u00e7as respirat\u00f3rias"},"content":{"rendered":"\n<p class=\"has-medium-font-size\">Com foco em sa\u00fade e responsabilidade, iniciativa refor\u00e7a bons h\u00e1bitos de higiene e ajuda a reduzir riscos de cont\u00e1gio em per\u00edodos cr\u00edticos como o outono<\/p>\n\n\n\n<p>Com o objetivo de estimular a autonomia infantil desde os primeiros anos de vida escolar, a Escola Atua\u00e7\u00e3o desenvolve, h\u00e1 quase uma d\u00e9cada, o projeto \u201cDoutor Banheiro\u201d. A iniciativa, voltada para crian\u00e7as da Educa\u00e7\u00e3o Infantil e do Ensino Fundamental I, promove a conscientiza\u00e7\u00e3o sobre a import\u00e2ncia da higiene pessoal e coletiva, refor\u00e7ando comportamentos como o uso adequado do banheiro, o descarte correto do papel higi\u00eanico, a descarga ap\u00f3s o uso e a manuten\u00e7\u00e3o da pia limpa e seca.<\/p>\n\n\n\n<p>Com a chegada do outono e o aumento dos casos de doen\u00e7as respirat\u00f3rias como gripes, resfriados, bronquites e alergias, o projeto ganha ainda mais relev\u00e2ncia. De acordo com a enfermeira da Escola Atua\u00e7\u00e3o, Luiza Reikdal Moreira, a mudan\u00e7a clim\u00e1tica t\u00edpica da esta\u00e7\u00e3o (com ar mais seco, temperaturas mais baixas e maior concentra\u00e7\u00e3o de poluentes) cria um cen\u00e1rio prop\u00edcio para a dissemina\u00e7\u00e3o de v\u00edrus e bact\u00e9rias, especialmente em ambientes coletivos como escolas.<\/p>\n\n\n\n<p>\u201cEm per\u00edodos como o outono, o cuidado com a higiene pessoal \u00e9 uma das principais formas de preven\u00e7\u00e3o contra doen\u00e7as respirat\u00f3rias. Projetos como o \u2018Doutor Banheiro\u2019 n\u00e3o apenas educam, mas tamb\u00e9m atuam diretamente na diminui\u00e7\u00e3o do cont\u00e1gio dentro do ambiente escolar\u201d, explica Luiza.<\/p>\n\n\n\n<p>A proposta pedag\u00f3gica \u00e9 implementada de forma l\u00fadica, com personagens, din\u00e2micas e linguagem adaptada \u00e0 faixa et\u00e1ria das crian\u00e7as, o que torna o processo educativo mais eficaz e acolhedor. Al\u00e9m da autonomia, o projeto tamb\u00e9m estimula a proatividade, a empatia, o desenvolvimento cognitivo e a intelig\u00eancia emocional.<\/p>\n\n\n\n<p>Segundo a diretora da Escola Atua\u00e7\u00e3o, Carolina Pereira Frizon, o projeto vai muito al\u00e9m do cuidado b\u00e1sico com a higiene. \u201cO \u2018Doutor Banheiro\u2019 foi pensado para desenvolver, desde cedo, o senso de responsabilidade e o respeito ao pr\u00f3ximo. S\u00e3o atitudes simples que, somadas, promovem bem-estar coletivo e ainda t\u00eam um impacto direto na sa\u00fade dos nossos&nbsp;estudantes\u201d.<\/p>\n","protected":false},"excerpt":{"rendered":"<p>Com foco em sa\u00fade e responsabilidade, iniciativa refor\u00e7a bons h\u00e1bitos de higiene e ajuda a reduzir riscos de cont\u00e1gio em per\u00edodos cr\u00edticos como o outono Com o objetivo de estimular a autonomia infantil desde os primeiros anos de vida escolar, a Escola Atua\u00e7\u00e3o desenvolve, h\u00e1 quase uma d\u00e9cada, o projeto \u201cDoutor Banheiro\u201d. A iniciativa, voltada [&hellip;]<\/p>\n","protected":false},"author":1,"featured_media":4326,"comment_status":"open","ping_status":"open","sticky":false,"template":"","format":"standard","meta":{"footnotes":""},"categories":[148],"tags":[],"class_list":["post-4325","post","type-post","status-publish","format-standard","has-post-thumbnail","hentry","category-educacao"],"_links":{"self":[{"href":"https:\/\/diarioparanaense.com\/index.php?rest_route=\/wp\/v2\/posts\/4325","targetHints":{"allow":["GET"]}}],"collection":[{"href":"https:\/\/diarioparanaense.com\/index.php?rest_route=\/wp\/v2\/posts"}],"about":[{"href":"https:\/\/diarioparanaense.com\/index.php?rest_route=\/wp\/v2\/types\/post"}],"author":[{"embeddable":true,"href":"https:\/\/diarioparanaense.com\/index.php?rest_route=\/wp\/v2\/users\/1"}],"replies":[{"embeddable":true,"href":"https:\/\/diarioparanaense.com\/index.php?rest_route=%2Fwp%2Fv2%2Fcomments&post=4325"}],"version-history":[{"count":1,"href":"https:\/\/diarioparanaense.com\/index.php?rest_route=\/wp\/v2\/posts\/4325\/revisions"}],"predecessor-version":[{"id":4327,"href":"https:\/\/diarioparanaense.com\/index.php?rest_route=\/wp\/v2\/posts\/4325\/revisions\/4327"}],"wp:featuredmedia":[{"embeddable":true,"href":"https:\/\/diarioparanaense.com\/index.php?rest_route=\/wp\/v2\/media\/4326"}],"wp:attachment":[{"href":"https:\/\/diarioparanaense.com\/index.php?rest_route=%2Fwp%2Fv2%2Fmedia&parent=4325"}],"wp:term":[{"taxonomy":"category","embeddable":true,"href":"https:\/\/diarioparanaense.com\/index.php?rest_route=%2Fwp%2Fv2%2Fcategories&post=4325"},{"taxonomy":"post_tag","embeddable":true,"href":"https:\/\/diarioparanaense.com\/index.php?rest_route=%2Fwp%2Fv2%2Ftags&post=4325"}],"curies":[{"name":"wp","href":"https:\/\/api.w.org\/{rel}","templated":true}]}}