{"id":4315,"date":"2025-04-29T17:07:46","date_gmt":"2025-04-29T20:07:46","guid":{"rendered":"https:\/\/diarioparanaense.com\/?p=4315"},"modified":"2025-04-29T17:07:47","modified_gmt":"2025-04-29T20:07:47","slug":"a-estetica-retro-ganha-espaco-na-moda-e-os-acessorios-acompanham-esse-movimento","status":"publish","type":"post","link":"https:\/\/diarioparanaense.com\/?p=4315","title":{"rendered":"A est\u00e9tica retr\u00f4 ganha espa\u00e7o na moda e os acess\u00f3rios acompanham esse movimento"},"content":{"rendered":"\n<p class=\"has-medium-font-size\">Nova cole\u00e7\u00e3o da CUFF traduz o esp\u00edrito dos anos 80 que domina a temporada em acess\u00f3rios cheios de personalidade, textura e significado<\/p>\n\n\n\n<p>A moda segue em seu ciclo cont\u00ednuo de revisita\u00e7\u00e3o e reinven\u00e7\u00e3o. Em um cen\u00e1rio cada vez mais guiado pela busca por identidade e autenticidade, as refer\u00eancias retr\u00f4 voltam ao centro das aten\u00e7\u00f5es, n\u00e3o como uma repeti\u00e7\u00e3o, mas como releituras que dialogam com o presente. A atual temporada reafirma essa tend\u00eancia, com ecos dos anos 1980 dominando as passarelas internacionais. Na mais recente Semana de Moda de Paris, casas como Saint Laurent e Louis Vuitton trouxeram \u00e0 tona silhuetas com ombreiras marcantes e vestidos rendados, resgatando o glamour e a ousadia daquela d\u00e9cada. Fora das passarelas, pe\u00e7as como a cal\u00e7a jeans cigarrete voltam a circular, mostrando que esse esp\u00edrito retr\u00f4 que conquistou tamb\u00e9m as ruas.<\/p>\n\n\n\n<p>Nesse contexto, os acess\u00f3rios tamb\u00e9m assumem um papel fundamental. Mais do que complementar o visual, eles precisam refletir a mesma linguagem est\u00e9tica das roupas e, ao mesmo tempo, traduzir a personalidade de quem os usa. \u201cA moda muda e os acess\u00f3rios mudam com ela. Eles s\u00e3o pontos de express\u00e3o, estilo e conex\u00e3o, s\u00e3o detalhes que transformam um look b\u00e1sico em algo marcante\u201d, explica Brenda Piccirillo, fundadora da CUFF, uma das marcas de acess\u00f3rios que mais crescem no e-commerce brasileiro.<\/p>\n\n\n\n<p>\u00c9 justamente nesse esp\u00edrito que nasce a nova cole\u00e7\u00e3o Retro Waves, da CUFF. Inspirada na transforma\u00e7\u00e3o urbana e cultural de Miami nos anos 80, ela mergulha na atmosfera vibrante que marcou a cidade naquele per\u00edodo. Ap\u00f3s anos de instabilidade, Miami se reinventou com uma est\u00e9tica cheia de personalidade. A s\u00e9rie Miami Vice tamb\u00e9m ganhou o mundo, levando o estilo da cidade para os holofotes da moda, influenciando a forma como homens e mulheres se vestiam. No universo masculino palet\u00f3s com camiseta, \u00f3culos Ray-Ban eram tend\u00eancia na \u00e9poca.<\/p>\n\n\n\n<p>Essa mem\u00f3ria visual, cultural e estil\u00edstica inspira as pe\u00e7as da Retro Waves, que equilibram o charme costeiro com o glamour urbano. Os acess\u00f3rios exploram elementos como argolas m\u00e9dias, pedras pequenas, texturas que remetem a p\u00e9rolas, conchas e corais, um resgate delicado da est\u00e9tica praiana dos anos 80, com acabamento contempor\u00e2neo.<\/p>\n\n\n\n<p>Os nomes das pe\u00e7as refor\u00e7am a conex\u00e3o com a cidade: o brinco Mary, por exemplo, \u00e9 uma homenagem ao Mary Brickell Village, ponto de encontro efervescente que mistura restaurantes, lojas, caf\u00e9s e baladas. J\u00e1 a pulseira Groove remete ao bairro Coconut Grove, conhecido por sua vibe sofisticada e arborizada \u00e0s margens da Biscayne Bay.<\/p>\n\n\n\n<p>A cole\u00e7\u00e3o \u00e9, acima de tudo, uma tradu\u00e7\u00e3o moderna de uma d\u00e9cada marcada pelo excesso e pelo desejo de se destacar, mas com os p\u00e9s no presente, guiada pela sensibilidade do design e pela for\u00e7a do estilo pessoal. \u201cAcreditamos que cada acess\u00f3rio conta uma hist\u00f3ria, e a Retro Waves traz esse clima de descoberta, reinven\u00e7\u00e3o e liberdade. Ela \u00e9 para mulheres que querem se expressar com autenticidade, sem abrir m\u00e3o da eleg\u00e2ncia\u201d, finaliza Brenda.<\/p>\n\n\n\n<p><strong>Sobre a CUFF<br><\/strong>Fundada em 2019, a CUFF \u00e9 uma marca brasileira de acess\u00f3rios reconhecida pela sofistica\u00e7\u00e3o, qualidade e design atemporal. Com uma opera\u00e7\u00e3o 100% online, a marca atende clientes em todo o Brasil e se destaca por seu compromisso com a excel\u00eancia e a inova\u00e7\u00e3o no mercado de acess\u00f3rios femininos. Para mais informa\u00e7\u00f5es, visite: <a href=\"http:\/\/www.cuff.com.br\">www.cuff.com.br<\/a>.<\/p>\n","protected":false},"excerpt":{"rendered":"<p>Nova cole\u00e7\u00e3o da CUFF traduz o esp\u00edrito dos anos 80 que domina a temporada em acess\u00f3rios cheios de personalidade, textura e significado A moda segue em seu ciclo cont\u00ednuo de revisita\u00e7\u00e3o e reinven\u00e7\u00e3o. Em um cen\u00e1rio cada vez mais guiado pela busca por identidade e autenticidade, as refer\u00eancias retr\u00f4 voltam ao centro das aten\u00e7\u00f5es, n\u00e3o [&hellip;]<\/p>\n","protected":false},"author":1,"featured_media":4317,"comment_status":"open","ping_status":"open","sticky":false,"template":"","format":"standard","meta":{"footnotes":""},"categories":[432],"tags":[],"class_list":["post-4315","post","type-post","status-publish","format-standard","has-post-thumbnail","hentry","category-moda"],"_links":{"self":[{"href":"https:\/\/diarioparanaense.com\/index.php?rest_route=\/wp\/v2\/posts\/4315","targetHints":{"allow":["GET"]}}],"collection":[{"href":"https:\/\/diarioparanaense.com\/index.php?rest_route=\/wp\/v2\/posts"}],"about":[{"href":"https:\/\/diarioparanaense.com\/index.php?rest_route=\/wp\/v2\/types\/post"}],"author":[{"embeddable":true,"href":"https:\/\/diarioparanaense.com\/index.php?rest_route=\/wp\/v2\/users\/1"}],"replies":[{"embeddable":true,"href":"https:\/\/diarioparanaense.com\/index.php?rest_route=%2Fwp%2Fv2%2Fcomments&post=4315"}],"version-history":[{"count":1,"href":"https:\/\/diarioparanaense.com\/index.php?rest_route=\/wp\/v2\/posts\/4315\/revisions"}],"predecessor-version":[{"id":4318,"href":"https:\/\/diarioparanaense.com\/index.php?rest_route=\/wp\/v2\/posts\/4315\/revisions\/4318"}],"wp:featuredmedia":[{"embeddable":true,"href":"https:\/\/diarioparanaense.com\/index.php?rest_route=\/wp\/v2\/media\/4317"}],"wp:attachment":[{"href":"https:\/\/diarioparanaense.com\/index.php?rest_route=%2Fwp%2Fv2%2Fmedia&parent=4315"}],"wp:term":[{"taxonomy":"category","embeddable":true,"href":"https:\/\/diarioparanaense.com\/index.php?rest_route=%2Fwp%2Fv2%2Fcategories&post=4315"},{"taxonomy":"post_tag","embeddable":true,"href":"https:\/\/diarioparanaense.com\/index.php?rest_route=%2Fwp%2Fv2%2Ftags&post=4315"}],"curies":[{"name":"wp","href":"https:\/\/api.w.org\/{rel}","templated":true}]}}