{"id":4302,"date":"2025-04-24T08:39:10","date_gmt":"2025-04-24T11:39:10","guid":{"rendered":"https:\/\/diarioparanaense.com\/?p=4302"},"modified":"2025-04-24T08:39:11","modified_gmt":"2025-04-24T11:39:11","slug":"no-dia-mundial-do-livro-obra-de-psicologa-curitibana-destaca-a-escrita-como-caminho-de-cura-e-redescoberta-apos-infarto","status":"publish","type":"post","link":"https:\/\/diarioparanaense.com\/?p=4302","title":{"rendered":"No Dia Mundial do Livro, obra de psic\u00f3loga curitibana destaca a escrita como caminho de cura e redescoberta ap\u00f3s infarto"},"content":{"rendered":"\n<p class=\"has-medium-font-size\">No Dia Mundial do Livro, obra de psic\u00f3loga curitibana destaca a escrita como caminho de cura e redescoberta ap\u00f3s infarto<\/p>\n\n\n\n<p>&#8220;Al\u00e9m do Infarto \u2013 Uma Jornada de Redescoberta e Carreira&#8221;, lan\u00e7ado por Elis\u00e2ngela Passos, na Bienal do Livro de S\u00e3o Paulo, inspira leitores com relato real sobre supera\u00e7\u00e3o, sa\u00fade emocional e prop\u00f3sito de vida<\/p>\n\n\n\n<p>No Dia Mundial do Livro, celebrado em 23 de abril, a leitura ganha destaque n\u00e3o apenas como fonte de conhecimento, mas como uma poderosa ferramenta de transforma\u00e7\u00e3o. A psic\u00f3loga cl\u00ednica e organizacional Elis\u00e2ngela Passos \u00e9 um exemplo vivo desse poder. Ap\u00f3s sofrer um infarto, ela encontrou na escrita uma forma de reconstru\u00e7\u00e3o emocional e profissional \u2014 experi\u00eancia que deu origem ao livro \u201cAl\u00e9m do Infarto \u2013 Uma Jornada de Redescoberta e Carreira\u201d, lan\u00e7ado na 27\u00aa Bienal Internacional do Livro de S\u00e3o Paulo, em 2024.<\/p>\n\n\n\n<p>A obra traz um relato \u00edntimo e sens\u00edvel sobre como um evento traum\u00e1tico redefiniu os rumos da vida e da carreira de Elis\u00e2ngela. Com mais de uma d\u00e9cada de atua\u00e7\u00e3o na psicologia, a autora apresenta, com linguagem acess\u00edvel, uma jornada de enfrentamento, cura e reinven\u00e7\u00e3o.<\/p>\n\n\n\n<p>\u201cEm uma d\u00e9cada de profiss\u00e3o, j\u00e1 passei por muitos momentos dif\u00edceis, mas foi ap\u00f3s o infarto que compreendi de forma profunda o valor do autocuidado, da pausa e da reconex\u00e3o com meu prop\u00f3sito. Escrever foi parte fundamental desse processo\u201d, declara a autora.<\/p>\n\n\n\n<p>\u201cAl\u00e9m do Infarto\u201d discute temas como autoconhecimento, sa\u00fade mental, resili\u00eancia emocional e equil\u00edbrio entre vida pessoal e carreira. Mais do que uma biografia, o livro serve como guia reflexivo para quem busca superar adversidades e viver de forma mais alinhada com seus valores.<\/p>\n\n\n\n<p>Neste Dia Mundial do Livro, a hist\u00f3ria de Elis\u00e2ngela Passos refor\u00e7a que ler \u2014 e escrever \u2014 pode ser um ponto de virada. Uma jornada n\u00e3o apenas de recupera\u00e7\u00e3o f\u00edsica, mas de renascimento emocional e profissional.<\/p>\n\n\n\n<p><strong>Ficha T\u00e9cnica<br>T\u00edtulo<\/strong>: Al\u00e9m do Infarto &#8211; uma jornada de redescoberta e carreira<br><strong>Texto<\/strong>: Elis\u00e2ngela Barbosa Pereira dos Passos<br><strong>Ilustra\u00e7\u00f5es<\/strong>: Adobe Firefly<br><strong>Editora<\/strong>: UICLAP<br><strong>ISBN<\/strong>: 978-65-01-11754-6<br><strong>Dimens\u00f5es<\/strong>: 16L x 23A<br><strong>P\u00e1ginas<\/strong>: 149<br><strong>Pre\u00e7o sugerido<\/strong>: R$ 89,90<br><a href=\"https:\/\/www.psicoelipassos.com.br\/compre-meu-livro\">https:\/\/www.psicoelipassos.com.br\/compre-meu-livro<\/a><\/p>\n","protected":false},"excerpt":{"rendered":"<p>No Dia Mundial do Livro, obra de psic\u00f3loga curitibana destaca a escrita como caminho de cura e redescoberta ap\u00f3s infarto &#8220;Al\u00e9m do Infarto \u2013 Uma Jornada de Redescoberta e Carreira&#8221;, lan\u00e7ado por Elis\u00e2ngela Passos, na Bienal do Livro de S\u00e3o Paulo, inspira leitores com relato real sobre supera\u00e7\u00e3o, sa\u00fade emocional e prop\u00f3sito de vida No [&hellip;]<\/p>\n","protected":false},"author":1,"featured_media":4303,"comment_status":"open","ping_status":"open","sticky":false,"template":"","format":"standard","meta":{"footnotes":""},"categories":[29,142],"tags":[],"class_list":["post-4302","post","type-post","status-publish","format-standard","has-post-thumbnail","hentry","category-artigos","category-literatura"],"_links":{"self":[{"href":"https:\/\/diarioparanaense.com\/index.php?rest_route=\/wp\/v2\/posts\/4302","targetHints":{"allow":["GET"]}}],"collection":[{"href":"https:\/\/diarioparanaense.com\/index.php?rest_route=\/wp\/v2\/posts"}],"about":[{"href":"https:\/\/diarioparanaense.com\/index.php?rest_route=\/wp\/v2\/types\/post"}],"author":[{"embeddable":true,"href":"https:\/\/diarioparanaense.com\/index.php?rest_route=\/wp\/v2\/users\/1"}],"replies":[{"embeddable":true,"href":"https:\/\/diarioparanaense.com\/index.php?rest_route=%2Fwp%2Fv2%2Fcomments&post=4302"}],"version-history":[{"count":1,"href":"https:\/\/diarioparanaense.com\/index.php?rest_route=\/wp\/v2\/posts\/4302\/revisions"}],"predecessor-version":[{"id":4304,"href":"https:\/\/diarioparanaense.com\/index.php?rest_route=\/wp\/v2\/posts\/4302\/revisions\/4304"}],"wp:featuredmedia":[{"embeddable":true,"href":"https:\/\/diarioparanaense.com\/index.php?rest_route=\/wp\/v2\/media\/4303"}],"wp:attachment":[{"href":"https:\/\/diarioparanaense.com\/index.php?rest_route=%2Fwp%2Fv2%2Fmedia&parent=4302"}],"wp:term":[{"taxonomy":"category","embeddable":true,"href":"https:\/\/diarioparanaense.com\/index.php?rest_route=%2Fwp%2Fv2%2Fcategories&post=4302"},{"taxonomy":"post_tag","embeddable":true,"href":"https:\/\/diarioparanaense.com\/index.php?rest_route=%2Fwp%2Fv2%2Ftags&post=4302"}],"curies":[{"name":"wp","href":"https:\/\/api.w.org\/{rel}","templated":true}]}}