{"id":4298,"date":"2025-04-17T15:12:57","date_gmt":"2025-04-17T18:12:57","guid":{"rendered":"https:\/\/diarioparanaense.com\/?p=4298"},"modified":"2025-04-17T15:12:59","modified_gmt":"2025-04-17T18:12:59","slug":"conexao-hytera-chega-a-curitiba-com-capacitacao-para-parceiros-do-mercado-de-radiocomunicacao-e-apresentacao-de-solucoes-inovadoras-voltadas-a-nova-era-da-ia","status":"publish","type":"post","link":"https:\/\/diarioparanaense.com\/?p=4298","title":{"rendered":"Conex\u00e3o Hytera chega a Curitiba com capacita\u00e7\u00e3o para parceiros do mercado de radiocomunica\u00e7\u00e3o e apresenta\u00e7\u00e3o de solu\u00e7\u00f5es inovadoras voltadas \u00e0 nova era da IA"},"content":{"rendered":"\n<p class=\"has-medium-font-size\">Evento integra o programa de canais Hytera Wings, que certifica os parceiros participantes; al\u00e9m disso edi\u00e7\u00e3o contar\u00e1 com o lan\u00e7amento de um trade-in para digitaliza\u00e7\u00e3o do mercado<\/p>\n\n\n\n<p>No dia 22 de abril, a Hytera, empresa l\u00edder em solu\u00e7\u00f5es de radiocomunica\u00e7\u00e3o profissional, promove em Curitiba o Conex\u00e3o Hytera 2025. O evento faz parte do programa de canais Hytera Wings, voltado exclusivamente para parceiros deste mercado, e \u00e9 uma oportunidade para networking, capacita\u00e7\u00e3o e certifica\u00e7\u00e3o dos participantes. A empresa tamb\u00e9m apresentar\u00e1 suas mais recentes inova\u00e7\u00f5es e abordar\u00e1 estrat\u00e9gias para impulsionar vendas e otimizar solu\u00e7\u00f5es voltadas para setores de Servi\u00e7os, Sistemas e \u00c1reas Classificadas.<\/p>\n\n\n\n<p>Um dos grandes destaques do dia ser\u00e1 o lan\u00e7amento de um programa trade-in, que visa acelerar a digitaliza\u00e7\u00e3o do mercado e integrar a radiocomunica\u00e7\u00e3o profissional \u00e0 nova era da Intelig\u00eancia Artificial, garantindo maior efici\u00eancia e seguran\u00e7a nas opera\u00e7\u00f5es dos clientes.<\/p>\n\n\n\n<p>\u201cMais do que apresentar nossos produtos e solu\u00e7\u00f5es, o Conex\u00e3o Hytera \u00e9 um momento estrat\u00e9gico para desenvolver e capacitar ainda mais nossos parceiros no intuito de atenderem seus clientes de forma precisa e com qualidade em seus verticais de atua\u00e7\u00e3o. Queremos n\u00e3o apenas oferecer tecnologias de ponta, que maximizam a comunica\u00e7\u00e3o dos usu\u00e1rios, mas tamb\u00e9m contribuir para que nossos parceiros tenham um crescimento constante e de qualidade dentro do mercado de radiocomunica\u00e7\u00e3o\u201d, destaca Fl\u00e1vio Fuchs, vice-presidente da Hytera Brasil.<\/p>\n\n\n\n<p>H\u00e1 11 anos no Brasil, a Hytera se consolidou como refer\u00eancia em radiocomunica\u00e7\u00e3o, atendendo demandas di\u00e1rias e desafios cr\u00edticos em situa\u00e7\u00f5es de emerg\u00eancia. A empresa lidera o mercado de r\u00e1dio DMR no pa\u00eds e segue investindo em inova\u00e7\u00e3o para ampliar sua presen\u00e7a em diferentes verticais.<\/p>\n\n\n\n<p>Nos \u00faltimos cinco anos, o Conex\u00e3o Hytera j\u00e1 percorreu mais de 65 mil quil\u00f4metros, impactando mais de 500 participantes por ano em mais de 60 encontros. Este ano, entre abril e maio, o evento percorrer\u00e1 outras 23 cidades brasileiras, levando conhecimento aos parceiros.<\/p>\n\n\n\n<p>Ap\u00f3s o encerramento da programa\u00e7\u00e3o oficial, os convidados poder\u00e3o participar de um happy hour, fortalecendo conex\u00f5es e gerando mais oportunidades de neg\u00f3cios.<\/p>\n\n\n\n<p><strong>Servi\u00e7o<\/strong><br>Conex\u00e3o Hytera<br>Data: 22 de abril, a partir das 14h<br>Endere\u00e7o: Pestana Curitiba &#8211; R. Comendador Ara\u00fajo, 499 &#8211; Centro, Curitiba\/PR<br>Inscri\u00e7\u00e3o: evento fechado, apenas para convidados<\/p>\n\n\n\n<p><strong>Sobre a Hytera<br><\/strong>A Hytera Communications Corporation Limited \u00e9 l\u00edder global em solu\u00e7\u00f5es de comunica\u00e7\u00e3o profissional, oferecendo tecnologia de ponta para setores como seguran\u00e7a p\u00fablica, ind\u00fastrias, log\u00edstica e agroneg\u00f3cio. Fundada em 1993, em Shenzhen, na China, a empresa est\u00e1 presente em mais de 120 pa\u00edses, com 90 escrit\u00f3rios e uma rede de mais de 4.000 parceiros. Com forte investimento em pesquisa e desenvolvimento \u2014 cerca de 18% do faturamento anual \u2014 a Hytera j\u00e1 registrou mais de 3.000 patentes globais, incluindo inova\u00e7\u00f5es em 5G e sat\u00e9lites. No Brasil h\u00e1 11 anos, consolidou-se como refer\u00eancia em radiocomunica\u00e7\u00e3o, sobretudo na cria\u00e7\u00e3o de produtos que atendem as demandas do dia a dia e as cr\u00edticas em emerg\u00eancias, e liderando o mercado\u00a0de\u00a0r\u00e1dios\u00a0DMR.<\/p>\n","protected":false},"excerpt":{"rendered":"<p>Evento integra o programa de canais Hytera Wings, que certifica os parceiros participantes; al\u00e9m disso edi\u00e7\u00e3o contar\u00e1 com o lan\u00e7amento de um trade-in para digitaliza\u00e7\u00e3o do mercado No dia 22 de abril, a Hytera, empresa l\u00edder em solu\u00e7\u00f5es de radiocomunica\u00e7\u00e3o profissional, promove em Curitiba o Conex\u00e3o Hytera 2025. O evento faz parte do programa de [&hellip;]<\/p>\n","protected":false},"author":1,"featured_media":4299,"comment_status":"open","ping_status":"open","sticky":false,"template":"","format":"standard","meta":{"footnotes":""},"categories":[29,424,186,425],"tags":[],"class_list":["post-4298","post","type-post","status-publish","format-standard","has-post-thumbnail","hentry","category-artigos","category-curitiba","category-eventos","category-parana"],"_links":{"self":[{"href":"https:\/\/diarioparanaense.com\/index.php?rest_route=\/wp\/v2\/posts\/4298","targetHints":{"allow":["GET"]}}],"collection":[{"href":"https:\/\/diarioparanaense.com\/index.php?rest_route=\/wp\/v2\/posts"}],"about":[{"href":"https:\/\/diarioparanaense.com\/index.php?rest_route=\/wp\/v2\/types\/post"}],"author":[{"embeddable":true,"href":"https:\/\/diarioparanaense.com\/index.php?rest_route=\/wp\/v2\/users\/1"}],"replies":[{"embeddable":true,"href":"https:\/\/diarioparanaense.com\/index.php?rest_route=%2Fwp%2Fv2%2Fcomments&post=4298"}],"version-history":[{"count":1,"href":"https:\/\/diarioparanaense.com\/index.php?rest_route=\/wp\/v2\/posts\/4298\/revisions"}],"predecessor-version":[{"id":4300,"href":"https:\/\/diarioparanaense.com\/index.php?rest_route=\/wp\/v2\/posts\/4298\/revisions\/4300"}],"wp:featuredmedia":[{"embeddable":true,"href":"https:\/\/diarioparanaense.com\/index.php?rest_route=\/wp\/v2\/media\/4299"}],"wp:attachment":[{"href":"https:\/\/diarioparanaense.com\/index.php?rest_route=%2Fwp%2Fv2%2Fmedia&parent=4298"}],"wp:term":[{"taxonomy":"category","embeddable":true,"href":"https:\/\/diarioparanaense.com\/index.php?rest_route=%2Fwp%2Fv2%2Fcategories&post=4298"},{"taxonomy":"post_tag","embeddable":true,"href":"https:\/\/diarioparanaense.com\/index.php?rest_route=%2Fwp%2Fv2%2Ftags&post=4298"}],"curies":[{"name":"wp","href":"https:\/\/api.w.org\/{rel}","templated":true}]}}