{"id":4285,"date":"2025-04-16T16:10:52","date_gmt":"2025-04-16T19:10:52","guid":{"rendered":"https:\/\/diarioparanaense.com\/?p=4285"},"modified":"2025-04-16T16:10:53","modified_gmt":"2025-04-16T19:10:53","slug":"como-proteger-os-seus-sonhos-durante-uma-crise-economica","status":"publish","type":"post","link":"https:\/\/diarioparanaense.com\/?p=4285","title":{"rendered":"Como proteger os seus sonhos durante uma crise econ\u00f4mica"},"content":{"rendered":"\n<p class=\"has-medium-font-size\">Como o cr\u00e9dito com garantia de im\u00f3vel oferece uma solu\u00e7\u00e3o estrat\u00e9gica para superar os impactos econ\u00f4micos da Guerra do A\u00e7o e viabilizar investimentos<\/p>\n\n\n\n<p>A economia global passa, nos dias de hoje, por um momento conturbado. O protecionismo comercial dos Estados Unidos (EUA), que impulsiona a chamada \u201cGuerra do A\u00e7o\u201d, proveniente das tarifas impostas pelo governo norte-americano sobre a importa\u00e7\u00e3o de a\u00e7o e alum\u00ednio, impacta a din\u00e2mica dos pre\u00e7os e as finan\u00e7as dos brasileiros. Pessoas que desejam come\u00e7ar uma vida, ou um neg\u00f3cio, se veem diretamente afetadas pela falta de recursos financeiros.<\/p>\n\n\n\n<p>\u201cEsperar pela estabilidade econ\u00f4mica global para mudar de vida, parece uma escolha totalmente invi\u00e1vel, atualmente. Abrir uma empresa, perseguir um sonho, s\u00e3o metas que demandam dinheiro e dedica\u00e7\u00e3o. Um investimento pequeno seria, portanto, insuficiente\u201d, afirma o economista e CEO da Anidea Soluc\u0327o\u0303es Financeiras, No\u00e9 Santiago. Nesse contexto, o cr\u00e9dito com garantia de im\u00f3vel surge como uma solu\u00e7\u00e3o vi\u00e1vel para garantir a realiza\u00e7\u00e3o de sonhos mesmo durante a crise causada pelo protecionismo comercial dos EUA e da Guerra do A\u00e7o.<\/p>\n\n\n\n<p>Essa modalidade de cr\u00e9dito permite que propriet\u00e1rios de im\u00f3veis utilizem seus bens como garantia para obten\u00e7\u00e3o de financiamentos com taxas de juros mais baixas e prazos estendidos. Segundo Santiago, para os consumidores, esse \u00e9 um modelo revolucion\u00e1rio de levantamento de capital, j\u00e1 que pode ser utilizado para aquisi\u00e7\u00e3o de materiais, reformas ou at\u00e9 mesmo investimentos em novas oportunidades de neg\u00f3cio. J\u00e1 para as empresas, ocupa uma a\u00e7\u00e3o estrat\u00e9gica, capaz viabilizar novos projetos, reduzir impactos financeiros e manter a competitividade em um cen\u00e1rio desafiador.<\/p>\n\n\n\n<p>Assim, a perturba\u00e7\u00e3o na economia n\u00e3o se torna um obst\u00e1culo incontorn\u00e1vel para a mudan\u00e7a de vida, para o alcance de objetivos que n\u00e3o podem esperar.<\/p>\n\n\n\n<p>Servi\u00e7o: Anidea Solu\u00e7\u00f5es Financeiras<br>No\u00e9 Santiago<br>Economista especialista em cr\u00e9dito<br>@anidea.br<br>+55 41 9652-5524<br>noe.santiago@anidea.com.br<br><a href=\"https:\/\/anidea.com.br\">https:\/\/anidea.com.br<\/a><\/p>\n","protected":false},"excerpt":{"rendered":"<p>Como o cr\u00e9dito com garantia de im\u00f3vel oferece uma solu\u00e7\u00e3o estrat\u00e9gica para superar os impactos econ\u00f4micos da Guerra do A\u00e7o e viabilizar investimentos A economia global passa, nos dias de hoje, por um momento conturbado. O protecionismo comercial dos Estados Unidos (EUA), que impulsiona a chamada \u201cGuerra do A\u00e7o\u201d, proveniente das tarifas impostas pelo governo [&hellip;]<\/p>\n","protected":false},"author":1,"featured_media":4290,"comment_status":"open","ping_status":"open","sticky":false,"template":"","format":"standard","meta":{"footnotes":""},"categories":[29,324],"tags":[],"class_list":["post-4285","post","type-post","status-publish","format-standard","has-post-thumbnail","hentry","category-artigos","category-negocios"],"_links":{"self":[{"href":"https:\/\/diarioparanaense.com\/index.php?rest_route=\/wp\/v2\/posts\/4285","targetHints":{"allow":["GET"]}}],"collection":[{"href":"https:\/\/diarioparanaense.com\/index.php?rest_route=\/wp\/v2\/posts"}],"about":[{"href":"https:\/\/diarioparanaense.com\/index.php?rest_route=\/wp\/v2\/types\/post"}],"author":[{"embeddable":true,"href":"https:\/\/diarioparanaense.com\/index.php?rest_route=\/wp\/v2\/users\/1"}],"replies":[{"embeddable":true,"href":"https:\/\/diarioparanaense.com\/index.php?rest_route=%2Fwp%2Fv2%2Fcomments&post=4285"}],"version-history":[{"count":1,"href":"https:\/\/diarioparanaense.com\/index.php?rest_route=\/wp\/v2\/posts\/4285\/revisions"}],"predecessor-version":[{"id":4291,"href":"https:\/\/diarioparanaense.com\/index.php?rest_route=\/wp\/v2\/posts\/4285\/revisions\/4291"}],"wp:featuredmedia":[{"embeddable":true,"href":"https:\/\/diarioparanaense.com\/index.php?rest_route=\/wp\/v2\/media\/4290"}],"wp:attachment":[{"href":"https:\/\/diarioparanaense.com\/index.php?rest_route=%2Fwp%2Fv2%2Fmedia&parent=4285"}],"wp:term":[{"taxonomy":"category","embeddable":true,"href":"https:\/\/diarioparanaense.com\/index.php?rest_route=%2Fwp%2Fv2%2Fcategories&post=4285"},{"taxonomy":"post_tag","embeddable":true,"href":"https:\/\/diarioparanaense.com\/index.php?rest_route=%2Fwp%2Fv2%2Ftags&post=4285"}],"curies":[{"name":"wp","href":"https:\/\/api.w.org\/{rel}","templated":true}]}}