{"id":4284,"date":"2025-04-16T16:20:46","date_gmt":"2025-04-16T19:20:46","guid":{"rendered":"https:\/\/diarioparanaense.com\/?p=4284"},"modified":"2025-04-16T16:20:47","modified_gmt":"2025-04-16T19:20:47","slug":"projeto-despertar-para-a-autonomia-esta-na-segunda-edicao-e-oferece-capacitacao-para-moradores-do-tatuquara-e-de-araucaria","status":"publish","type":"post","link":"https:\/\/diarioparanaense.com\/?p=4284","title":{"rendered":"Projeto Despertar Para a Autonomia est\u00e1 na segunda edi\u00e7\u00e3o e oferece capacita\u00e7\u00e3o para moradores do Tatuquara e de Arauc\u00e1ria"},"content":{"rendered":"\n<p>Atuar em comunidades com vulnerabilidade social n\u00e3o se resume a oferecer possibilidades de melhoria imediatas, \u00e9 preciso agir pensando no futuro. Com essa mentalidade, o Projeto Despertar Para a Autonomia, em parceria com a Petrobras, por meio do Programa Petrobras Socioambiental, inicia sua segunda fase de atua\u00e7\u00e3o na regi\u00e3o do Tatuquara, em Curitiba (PR), e em Arauc\u00e1ria, na Regi\u00e3o Metropolitana da capital. O projeto \u00e9 realizado pela Associa\u00e7\u00e3o Vov\u00f4 Vitorino e oferece cursos de capacita\u00e7\u00e3o profissional para moradores locais. Em sua primeira edi\u00e7\u00e3o, a iniciativa j\u00e1 formou 520 pessoas e a expectativa \u00e9 que nos pr\u00f3ximos tr\u00eas anos, mais 1500 concluam as forma\u00e7\u00f5es.&nbsp;&nbsp;<\/p>\n\n\n\n<p>J\u00e1 foram oferecidos 13 cursos para 57 turmas e agora as oportunidades foram ampliadas, com novas capacita\u00e7\u00f5es. Um dos mais concorridos \u00e9 o de Gastronomia, que possui diferentes edi\u00e7\u00f5es para que a popula\u00e7\u00e3o se especialize em \u00e1reas como bolos e tortas, doces de p\u00e1scoa, p\u00e3es e massas. Estavam previstas nove turmas entre 2021 e 2023, mas a procura foi grande e o projeto conseguiu formar 22 turmas.&nbsp;<\/p>\n\n\n\n<p>Um dos formados \u00e9 Anderson Jos\u00e9 Foga\u00e7o, de 42 anos. Sendo o \u00fanico homem a realizar o curso em Arauc\u00e1ria em 2023, o operador de CNC e empilhadeirista fez a especializa\u00e7\u00e3o em panifica\u00e7\u00e3o. \u201cEu sempre gostei de cozinhar e preparar massas, mas a conclus\u00e3o do curso me despertou uma confian\u00e7a na cozinha. Eu aprendi muito e at\u00e9 fiz algumas encomendas\u201d, conta.&nbsp;<\/p>\n\n\n\n<p>Quem ganhou uma nova profiss\u00e3o, e at\u00e9 abriu um neg\u00f3cio ap\u00f3s a realiza\u00e7\u00e3o do curso, foi o barbeiro Lucas Nascimento de Souza. \u201cEu trabalhava em uma empresa como operador de m\u00e1quina, mas eu via na internet bastante v\u00eddeo de crian\u00e7as com espectro autista e a dificuldade na hora de cortar o cabelo delas. Quando eu vi a oportunidade, surgiu a vontade de fazer o curso e auxiliar. Me formei e estou na \u00e1rea desde ent\u00e3o. Ele realmente despertou a minha autonimia\u201d.&nbsp;<\/p>\n\n\n\n<p class=\"has-medium-font-size\">Capacita\u00e7\u00f5es exclusivas para mulheres<\/p>\n\n\n\n<p>Possibilitar a autonomia de quem realiza os cursos \u00e9 a principal meta do programa, junto \u00e0 possibilidade de gera\u00e7\u00e3o de renda e desenvolvimento profissional e pessoal. Outro curso de destaque durante o Despertar Para a Autonomia, e que possibilitou que mais de 40 mulheres se tornassem l\u00edderes de suas pr\u00f3prias hist\u00f3rias, \u00e9 o de Pequenos Reparos, exclusivo para mulheres e chamado, carinhosamente, de Mulheres \u00e0 Obra.&nbsp;<\/p>\n\n\n\n<p>A \u00e1rea da constru\u00e7\u00e3o civil \u00e9 majoritariamente masculina, mas contrariando os n\u00fameros duas vezes, Aline Domingues Milit\u00e3o, de 38 anos, realizou o curso de Pequenos Reparos em 2022 e dois anos depois se inscreveu no de Operador de Empilhadeira, outra profiss\u00e3o repleta por homens. \u201cO primeiro curso foi essencial para minha vida, pois passei por um div\u00f3rcio e tudo era meu ex-marido que fazia em casa, mas com o curso eu ganhei autonomia e aprendi a fazer v\u00e1rios reparos em casa, algo que sem ele, eu n\u00e3o teria coragem nem mesmo em tentar a aprender a como fazer\u201d.&nbsp;<\/p>\n\n\n\n<p>Participar da capacita\u00e7\u00e3o trouxe tamb\u00e9m uma dose de autoestima e confian\u00e7a para Aline. \u201cFoi por meio do Projeto que pude me valorizar e ver o quando sou capaz e importante da vida das pessoas, basta querer e aprender que o universo ajuda. Sou grata por terem transformado a minha vida, s\u00f3 tenho a agradecer a Deus e a vida de todas as pessoas envolvidas, pois eu fui salva e despertei para vida\u201d, afirma.&nbsp;<\/p>\n\n\n\n<p class=\"has-medium-font-size\">Desenvolvimento da comunidade&nbsp;<\/p>\n\n\n\n<p>A Associa\u00e7\u00e3o Vov\u00f4 Vitorino, realizadora do Despertar Para a Autonomia, foi fundada em 1992 e desde ent\u00e3o atua na prote\u00e7\u00e3o a inf\u00e2ncia, mas tamb\u00e9m apoia o desenvolvimento da comunidade do Tatuquara e regi\u00e3o em todas as \u00e1reas, seja na assist\u00eancia social, na educa\u00e7\u00e3o, na implementa\u00e7\u00e3o de projetos que visam a sustentabilidade ambiental e at\u00e9 no fortalecimento de v\u00ednculos. Anualmente, a organiza\u00e7\u00e3o realiza um pr\u00eamio, o Trof\u00e9u Vitorino Xavier, que reconhece iniciativas e l\u00edderes que trouxeram benfeitorias para suas comunidades.&nbsp;<\/p>\n\n\n\n<p>\u201cNossa atua\u00e7\u00e3o \u00e9 essencial para transformar a comunidade, promovendo inclus\u00e3o, dignidade e novas oportunidades. Os projetos enfrentam a vulnerabilidade social, fortalecem v\u00ednculos comunit\u00e1rios e oferecem suporte educacional e profissional para crian\u00e7as, jovens e adultos. Al\u00e9m de preencher lacunas deixadas pelo poder p\u00fablico, a institui\u00e7\u00e3o contribui para a autonomia financeira e a quebra do ciclo da pobreza, sendo um agente ativo na constru\u00e7\u00e3o de um futuro mais justo e promissor\u201d, destaca a coordenadora administrativa da Associa\u00e7\u00e3o, Amanda Santana.&nbsp;<\/p>\n\n\n\n<p>A iniciativa \u201cReciclar \u00e9 Viver\u201d \u00e9 um dos projetos realizados pela Associa\u00e7\u00e3o e que busca a conscientiza\u00e7\u00e3o ambiental por meio da reciclagem. O projeto consiste em realizar a troca de materiais recicl\u00e1veis por alimentos n\u00e3o perec\u00edveis, al\u00e9m das&nbsp;oficinas realizadas junto, que ensinam sobre a separa\u00e7\u00e3o correta dos materiais, preserva\u00e7\u00e3o do meio ambiente e outros temas sociais.&nbsp;<\/p>\n\n\n\n<p>Os encontros s\u00e3o feitos em dias diferentes todos os meses e os alimentos ficam na kombi do projeto, que passa por 13 comunidades de Curitiba e atende cerca de 25 fam\u00edlias. Em 2024, mais de 577 kg de materiais foram retirados das ruas e trocados por alimentos. O impacto fez com que em 2009, a iniciativa recebesse o Pr\u00eamio Betinho &#8211; Atitude Cidad\u00e3, e em 2012, o Trof\u00e9u Zilda Arns, na categoria meio ambiente.&nbsp;<\/p>\n\n\n\n<p>O Grupo de Fortalecimento de V\u00ednculos \u00e9 outro projeto da Associa\u00e7\u00e3o e que funciona desde 2004, atendendo crian\u00e7as de sete a 13 anos no contraturno escolar. Hoje, cerca de 100 crian\u00e7as frequentam a institui\u00e7\u00e3o tr\u00eas vezes por semana e participam de oficinas de esporte e lazer, aulas de ingl\u00eas e s\u00e3o preparadas para atuar em sociedade. A Associa\u00e7\u00e3o ainda promove um Bazar todos os meses, apoiando a economia solid\u00e1ria e circular, possibilitando que roupas que n\u00e3o t\u00eam mais uso para algumas pessoas tenham um novo destino.&nbsp;&nbsp;<\/p>\n\n\n\n<p>O Despertar Para a Autonomia \u00e9 feito em parceria com a Petrobras, por meio do Programa Petrobras Socioambiental e realizado na sede da Associa\u00e7\u00e3o, mas tamb\u00e9m acontece em parceria com outras organiza\u00e7\u00f5es, uma vez que \u00e9 realizado em outros bairros e cidades. Apesar de ser a segunda edi\u00e7\u00e3o do projeto, a parceria entre a Associa\u00e7\u00e3o e a empresa \u00e9 antiga. Desde 2009, outras a\u00e7\u00f5es s\u00e3o realizadas com o patroc\u00ednio, como o \u201cMaximizando a qualidade de vida\u201d que ofertou cursos de inform\u00e1tica, ingl\u00eas, cria\u00e7\u00e3o de curr\u00edculo, entre outros. Entre 2014 e 2016, a Associa\u00e7\u00e3o realizou o \u201cIntera\u00e7\u00e3o Jovem\u201d, focado em oficinas socioculturais para crian\u00e7as e adolescentes, e dois anos depois a edi\u00e7\u00e3o 2.0, que incluiu jovens e adultos. Para mais informa\u00e7\u00f5es, acesse<a href=\" https:\/\/www.instagram.com\/despertarparaautonomia\/\"> https:\/\/www.instagram.com\/despertarparaautonomia\/<\/a>.<\/p>\n","protected":false},"excerpt":{"rendered":"<p>Atuar em comunidades com vulnerabilidade social n\u00e3o se resume a oferecer possibilidades de melhoria imediatas, \u00e9 preciso agir pensando no futuro. Com essa mentalidade, o Projeto Despertar Para a Autonomia, em parceria com a Petrobras, por meio do Programa Petrobras Socioambiental, inicia sua segunda fase de atua\u00e7\u00e3o na regi\u00e3o do Tatuquara, em Curitiba (PR), e [&hellip;]<\/p>\n","protected":false},"author":1,"featured_media":4292,"comment_status":"open","ping_status":"open","sticky":false,"template":"","format":"standard","meta":{"footnotes":""},"categories":[29],"tags":[],"class_list":["post-4284","post","type-post","status-publish","format-standard","has-post-thumbnail","hentry","category-artigos"],"_links":{"self":[{"href":"https:\/\/diarioparanaense.com\/index.php?rest_route=\/wp\/v2\/posts\/4284","targetHints":{"allow":["GET"]}}],"collection":[{"href":"https:\/\/diarioparanaense.com\/index.php?rest_route=\/wp\/v2\/posts"}],"about":[{"href":"https:\/\/diarioparanaense.com\/index.php?rest_route=\/wp\/v2\/types\/post"}],"author":[{"embeddable":true,"href":"https:\/\/diarioparanaense.com\/index.php?rest_route=\/wp\/v2\/users\/1"}],"replies":[{"embeddable":true,"href":"https:\/\/diarioparanaense.com\/index.php?rest_route=%2Fwp%2Fv2%2Fcomments&post=4284"}],"version-history":[{"count":1,"href":"https:\/\/diarioparanaense.com\/index.php?rest_route=\/wp\/v2\/posts\/4284\/revisions"}],"predecessor-version":[{"id":4293,"href":"https:\/\/diarioparanaense.com\/index.php?rest_route=\/wp\/v2\/posts\/4284\/revisions\/4293"}],"wp:featuredmedia":[{"embeddable":true,"href":"https:\/\/diarioparanaense.com\/index.php?rest_route=\/wp\/v2\/media\/4292"}],"wp:attachment":[{"href":"https:\/\/diarioparanaense.com\/index.php?rest_route=%2Fwp%2Fv2%2Fmedia&parent=4284"}],"wp:term":[{"taxonomy":"category","embeddable":true,"href":"https:\/\/diarioparanaense.com\/index.php?rest_route=%2Fwp%2Fv2%2Fcategories&post=4284"},{"taxonomy":"post_tag","embeddable":true,"href":"https:\/\/diarioparanaense.com\/index.php?rest_route=%2Fwp%2Fv2%2Ftags&post=4284"}],"curies":[{"name":"wp","href":"https:\/\/api.w.org\/{rel}","templated":true}]}}