{"id":4275,"date":"2025-04-10T13:44:05","date_gmt":"2025-04-10T16:44:05","guid":{"rendered":"https:\/\/diarioparanaense.com\/?p=4275"},"modified":"2025-04-10T13:44:06","modified_gmt":"2025-04-10T16:44:06","slug":"rock-vinyl-clube-curitibano-inicia-as-vendas-de-ingressos-para-o-show-da-banda-biquini","status":"publish","type":"post","link":"https:\/\/diarioparanaense.com\/?p=4275","title":{"rendered":"Rock Vinyl: Clube Curitibano inicia as vendas de ingressos para o show da banda Biqu\u00edni"},"content":{"rendered":"\n<p>No dia 11 de abril, o Clube Curitibano realiza a sexta edi\u00e7\u00e3o do Rock Vinyl e traz a banda Biqu\u00edni para um show no estilo anos 1980 e 1990, uma verdadeira viagem no tempo com hits que marcaram gera\u00e7\u00f5es. Com mais de 35 anos de carreira, o grupo carioca \u00e9 dono de cl\u00e1ssicos como \u201cT\u00e9dio\u201d, \u201cVento Ventania\u201d, \u201cTimidez\u201d e \u201cZ\u00e9 Ningu\u00e9m\u201d, can\u00e7\u00f5es que embalaram festas e r\u00e1dios pelo Brasil.<\/p>\n\n\n\n<p>\u201cEstamos trabalhando muito para fazer com que a sexta edi\u00e7\u00e3o do Rock Vinyl seja memor\u00e1vel. A banda Biqu\u00edni com certeza vai encantar o p\u00fablico\u201d, relatou o presidente Paulo Roberto de Oliveira.<\/p>\n\n\n\n<p>O show ser\u00e1 realizado no Sal\u00e3o Rubens Arles Bettega, espa\u00e7o de eventos do Clube Curitibano, que passou por uma grande reforma recentemente e est\u00e1 localizado no bairro \u00c1gua Verde em Curitiba. A abertura do sal\u00e3o ser\u00e1 \u00e0s 20h, com o DJ Ricardo Monteiro na abertura. \u00c0s 23h, o Biqu\u00edni sobe ao palco do Sal\u00e3o.<\/p>\n\n\n\n<p><strong>Servi\u00e7o<\/strong><\/p>\n\n\n\n<p><strong>Rock Vinyl<br><\/strong>Data: 11\/04\/2025<br>Local: Sal\u00e3o Rubens Arles Bettega | Sede Bar\u00e3o<br>Hor\u00e1rio: Abertura do sal\u00e3o \u00e0s 20h<br>Atra\u00e7\u00f5es: Banda Biqu\u00edni e DJ Ricardo Monteiro<br>Valor: Associados R$150,00. Para convidados, o pre\u00e7o \u00e9 de R$300,00 \u2013 sujeito \u00e0 disponibilidade.<\/p>\n","protected":false},"excerpt":{"rendered":"<p>No dia 11 de abril, o Clube Curitibano realiza a sexta edi\u00e7\u00e3o do Rock Vinyl e traz a banda Biqu\u00edni para um show no estilo anos 1980 e 1990, uma verdadeira viagem no tempo com hits que marcaram gera\u00e7\u00f5es. Com mais de 35 anos de carreira, o grupo carioca \u00e9 dono de cl\u00e1ssicos como \u201cT\u00e9dio\u201d, [&hellip;]<\/p>\n","protected":false},"author":1,"featured_media":4276,"comment_status":"open","ping_status":"open","sticky":false,"template":"","format":"standard","meta":{"footnotes":""},"categories":[186,27],"tags":[],"class_list":["post-4275","post","type-post","status-publish","format-standard","has-post-thumbnail","hentry","category-eventos","category-musica"],"_links":{"self":[{"href":"https:\/\/diarioparanaense.com\/index.php?rest_route=\/wp\/v2\/posts\/4275","targetHints":{"allow":["GET"]}}],"collection":[{"href":"https:\/\/diarioparanaense.com\/index.php?rest_route=\/wp\/v2\/posts"}],"about":[{"href":"https:\/\/diarioparanaense.com\/index.php?rest_route=\/wp\/v2\/types\/post"}],"author":[{"embeddable":true,"href":"https:\/\/diarioparanaense.com\/index.php?rest_route=\/wp\/v2\/users\/1"}],"replies":[{"embeddable":true,"href":"https:\/\/diarioparanaense.com\/index.php?rest_route=%2Fwp%2Fv2%2Fcomments&post=4275"}],"version-history":[{"count":1,"href":"https:\/\/diarioparanaense.com\/index.php?rest_route=\/wp\/v2\/posts\/4275\/revisions"}],"predecessor-version":[{"id":4277,"href":"https:\/\/diarioparanaense.com\/index.php?rest_route=\/wp\/v2\/posts\/4275\/revisions\/4277"}],"wp:featuredmedia":[{"embeddable":true,"href":"https:\/\/diarioparanaense.com\/index.php?rest_route=\/wp\/v2\/media\/4276"}],"wp:attachment":[{"href":"https:\/\/diarioparanaense.com\/index.php?rest_route=%2Fwp%2Fv2%2Fmedia&parent=4275"}],"wp:term":[{"taxonomy":"category","embeddable":true,"href":"https:\/\/diarioparanaense.com\/index.php?rest_route=%2Fwp%2Fv2%2Fcategories&post=4275"},{"taxonomy":"post_tag","embeddable":true,"href":"https:\/\/diarioparanaense.com\/index.php?rest_route=%2Fwp%2Fv2%2Ftags&post=4275"}],"curies":[{"name":"wp","href":"https:\/\/api.w.org\/{rel}","templated":true}]}}