{"id":4240,"date":"2025-04-07T17:18:11","date_gmt":"2025-04-07T20:18:11","guid":{"rendered":"https:\/\/diarioparanaense.com\/?p=4240"},"modified":"2025-04-10T10:19:27","modified_gmt":"2025-04-10T13:19:27","slug":"duplo-campeao-mundial-no-arnold-sport-festival-south-america-2025","status":"publish","type":"post","link":"https:\/\/diarioparanaense.com\/?p=4240","title":{"rendered":"Duplo Campe\u00e3o Mundial no Arnold Sport Festival South America 2025"},"content":{"rendered":"\n<p class=\"has-medium-font-size\">J\u00falio Ferraz segue escrevendo uma hist\u00f3ria incr\u00edvel no halterofilismo<\/p>\n\n\n\n<p>No \u00faltimo s\u00e1bado, 05\/04\/25, aconteceu em S\u00e3o Paulo, no Expo Center Norte, mais uma edi\u00e7\u00e3o do Arnold Sport Festival South America. O evento, que contou com +105 mil visitantes, +8,4 mil atletas e +20 modalidades esportivas, foi palco de grandes disputas e performances inesquec\u00edveis.<\/p>\n\n\n\n<p>Entre os destaques das competi\u00e7\u00f5es, brilhou mais uma vez o nome de J\u00falio Ferraz, que conquistou o t\u00edtulo de <strong>duplo campe\u00e3o mundial de Power B\u00edceps repeti\u00e7\u00e3o e melhor atleta da modalidade<\/strong>, consolidando sua posi\u00e7\u00e3o como um dos maiores nomes do halterofilismo atual.<\/p>\n\n\n<div class=\"wp-block-image\">\n<figure class=\"aligncenter size-large is-resized\"><img loading=\"lazy\" decoding=\"async\" width=\"623\" height=\"1024\" src=\"https:\/\/diarioparanaense.com\/wp-content\/uploads\/2025\/04\/2-2-623x1024.jpg\" alt=\"\" class=\"wp-image-4245\" style=\"width:364px;height:auto\" srcset=\"https:\/\/diarioparanaense.com\/wp-content\/uploads\/2025\/04\/2-2-623x1024.jpg 623w, https:\/\/diarioparanaense.com\/wp-content\/uploads\/2025\/04\/2-2-182x300.jpg 182w, https:\/\/diarioparanaense.com\/wp-content\/uploads\/2025\/04\/2-2-768x1263.jpg 768w, https:\/\/diarioparanaense.com\/wp-content\/uploads\/2025\/04\/2-2-696x1145.jpg 696w, https:\/\/diarioparanaense.com\/wp-content\/uploads\/2025\/04\/2-2-255x420.jpg 255w, https:\/\/diarioparanaense.com\/wp-content\/uploads\/2025\/04\/2-2.jpg 900w\" sizes=\"auto, (max-width: 623px) 100vw, 623px\" \/><\/figure><\/div>\n\n\n<p><\/p>\n\n\n\n<p>A vit\u00f3ria em duas categorias representa n\u00e3o apenas um feito in\u00e9dito na carreira do atleta, mas tamb\u00e9m o reconhecimento de anos de dedica\u00e7\u00e3o, disciplina e paix\u00e3o pelo esporte. \u201c<em>Subir no palco do Arnold e representar meu pa\u00eds com essa conquista \u00e9 indescrit\u00edvel. Foram meses intensos de prepara\u00e7\u00e3o, abdica\u00e7\u00f5es e foco total nesse objetivo<\/em>\u201d, declarou J\u00falio.<\/p>\n\n\n\n<p><\/p>\n\n\n<div class=\"wp-block-image\">\n<figure class=\"aligncenter size-large is-resized\"><img loading=\"lazy\" decoding=\"async\" width=\"576\" height=\"1024\" src=\"https:\/\/diarioparanaense.com\/wp-content\/uploads\/2025\/04\/3-576x1024.jpg\" alt=\"Foto cr\u00e9dito: Filipe Skeggur\" class=\"wp-image-4242\" style=\"width:278px;height:auto\" srcset=\"https:\/\/diarioparanaense.com\/wp-content\/uploads\/2025\/04\/3-576x1024.jpg 576w, https:\/\/diarioparanaense.com\/wp-content\/uploads\/2025\/04\/3-169x300.jpg 169w, https:\/\/diarioparanaense.com\/wp-content\/uploads\/2025\/04\/3-768x1365.jpg 768w, https:\/\/diarioparanaense.com\/wp-content\/uploads\/2025\/04\/3-864x1536.jpg 864w, https:\/\/diarioparanaense.com\/wp-content\/uploads\/2025\/04\/3-696x1237.jpg 696w, https:\/\/diarioparanaense.com\/wp-content\/uploads\/2025\/04\/3-236x420.jpg 236w, https:\/\/diarioparanaense.com\/wp-content\/uploads\/2025\/04\/3.jpg 900w\" sizes=\"auto, (max-width: 576px) 100vw, 576px\" \/><figcaption class=\"wp-element-caption\">Foto cr\u00e9dito: Filipe Skeggur<\/figcaption><\/figure><\/div>\n\n\n<p><strong>Livro e tarde de aut\u00f3grafos no maior evento fitness da Am\u00e9rica do Sul<\/strong><\/p>\n\n\n\n<p>Al\u00e9m das conquistas, J\u00falio Ferraz atendeu o p\u00fablico no domingo, 06\/04\/25, numa tarde de aut\u00f3grafos promovida pela organiza\u00e7\u00e3o do evento. \u201cFoi a realiza\u00e7\u00e3o de um sonho. Sou extremamente grato a cada pessoa que passou por ali, trocou uma palavra, pediu uma foto ou demonstrou carinho pelo meu trabalho. Ver meu livro nas m\u00e3os dos leitores e f\u00e3s, logo ap\u00f3s uma conquista t\u00e3o marcante, foi emocionante\u201d, contou o atleta.<\/p>\n\n\n\n<p>O livro de J\u00falio, que mistura filosofia com reflex\u00f5es, trata de disciplina, valores, prop\u00f3sito e alta performance. A obra \u00e9 um verdadeiro manual de mentalidade vencedora.<\/p>\n\n\n\n<p>Pr\u00f3ximos desafios<\/p>\n\n\n\n<p>Ap\u00f3s a consagra\u00e7\u00e3o no Arnold Sport Festival, J\u00falio j\u00e1 se prepara para novos desafios internacionais. \u201cA competi\u00e7\u00e3o foi s\u00f3 o come\u00e7o. Quero seguir evoluindo, quebrando limites e levando o nome do halterofilismo brasileiro ainda mais longe\u201d, afirma com convic\u00e7\u00e3o.<\/p>\n\n\n\n<p>Com sua hist\u00f3ria de supera\u00e7\u00e3o, seus t\u00edtulos e agora sua contribui\u00e7\u00e3o intelectual para o esporte, J\u00falio Ferraz est\u00e1, sem d\u00favida, escrevendo um cap\u00edtulo memor\u00e1vel na hist\u00f3ria do fisiculturismo e do esporte nacional.<\/p>\n\n\n\n<p><strong>Sobre o atleta<\/strong><\/p>\n\n\n\n<p>J\u00falio Ferraz mora na cidade de Rio Branco do Sul-Pr, tem 43 anos, \u00e9 formado em Marketing, Filosofia, Pedagogia, Letras, Ingl\u00eas e Espanhol.<\/p>\n\n\n\n<p><strong>Apoio aos atletas<\/strong><\/p>\n\n\n\n<p><strong>Apoio aos atletas<\/strong><\/p>\n\n\n\n<p>A Prefeitura de Rio Branco do Sul tem demonstrado um compromisso significativo com o fomento e apoio ao esporte local. A cria\u00e7\u00e3o da Lei 1.268\/2021, que institui o programa Bolsa Atleta, \u00e9 uma das principais iniciativas que visa proporcionar incentivos financeiros para os atletas da cidade. Com essa pol\u00edtica p\u00fablica, os esportistas locais recebem apoio para custear despesas, como inscri\u00e7\u00f5es em competi\u00e7\u00f5es oficiais, permitindo que representem o munic\u00edpio em eventos esportivos.<\/p>\n\n\n\n<p>Al\u00e9m disso, a cidade agora est\u00e1 apta a receber recursos adicionais atrav\u00e9s do Fundo Estadual, por meio do selo Plus, o que amplia ainda mais as possibilidades de apoio e investimento no esporte. Esses repasses de recursos &#8220;fundo a fundo&#8221; fortalecem ainda mais a capacidade do munic\u00edpio de incentivar e apoiar seus atletas, criando condi\u00e7\u00f5es mais favor\u00e1veis para o desenvolvimento do esporte e a descoberta de novos talentos&nbsp;na&nbsp;regi\u00e3o.<\/p>\n\n\n\n<p><\/p>\n","protected":false},"excerpt":{"rendered":"<p>J\u00falio Ferraz segue escrevendo uma hist\u00f3ria incr\u00edvel no halterofilismo No \u00faltimo s\u00e1bado, 05\/04\/25, aconteceu em S\u00e3o Paulo, no Expo Center Norte, mais uma edi\u00e7\u00e3o do Arnold Sport Festival South America. O evento, que contou com +105 mil visitantes, +8,4 mil atletas e +20 modalidades esportivas, foi palco de grandes disputas e performances inesquec\u00edveis. Entre os [&hellip;]<\/p>\n","protected":false},"author":1,"featured_media":4243,"comment_status":"open","ping_status":"open","sticky":false,"template":"","format":"standard","meta":{"footnotes":""},"categories":[2,159],"tags":[439,154,440,155,441],"class_list":["post-4240","post","type-post","status-publish","format-standard","has-post-thumbnail","hentry","category-destaque","category-esportes","tag-halterofilismo","tag-julio-ferraz","tag-levantamento-de-peso","tag-powerbiceps","tag-powercurl"],"_links":{"self":[{"href":"https:\/\/diarioparanaense.com\/index.php?rest_route=\/wp\/v2\/posts\/4240","targetHints":{"allow":["GET"]}}],"collection":[{"href":"https:\/\/diarioparanaense.com\/index.php?rest_route=\/wp\/v2\/posts"}],"about":[{"href":"https:\/\/diarioparanaense.com\/index.php?rest_route=\/wp\/v2\/types\/post"}],"author":[{"embeddable":true,"href":"https:\/\/diarioparanaense.com\/index.php?rest_route=\/wp\/v2\/users\/1"}],"replies":[{"embeddable":true,"href":"https:\/\/diarioparanaense.com\/index.php?rest_route=%2Fwp%2Fv2%2Fcomments&post=4240"}],"version-history":[{"count":3,"href":"https:\/\/diarioparanaense.com\/index.php?rest_route=\/wp\/v2\/posts\/4240\/revisions"}],"predecessor-version":[{"id":4248,"href":"https:\/\/diarioparanaense.com\/index.php?rest_route=\/wp\/v2\/posts\/4240\/revisions\/4248"}],"wp:featuredmedia":[{"embeddable":true,"href":"https:\/\/diarioparanaense.com\/index.php?rest_route=\/wp\/v2\/media\/4243"}],"wp:attachment":[{"href":"https:\/\/diarioparanaense.com\/index.php?rest_route=%2Fwp%2Fv2%2Fmedia&parent=4240"}],"wp:term":[{"taxonomy":"category","embeddable":true,"href":"https:\/\/diarioparanaense.com\/index.php?rest_route=%2Fwp%2Fv2%2Fcategories&post=4240"},{"taxonomy":"post_tag","embeddable":true,"href":"https:\/\/diarioparanaense.com\/index.php?rest_route=%2Fwp%2Fv2%2Ftags&post=4240"}],"curies":[{"name":"wp","href":"https:\/\/api.w.org\/{rel}","templated":true}]}}