{"id":4237,"date":"2025-04-02T17:45:40","date_gmt":"2025-04-02T20:45:40","guid":{"rendered":"https:\/\/diarioparanaense.com\/?p=4237"},"modified":"2025-04-02T17:45:40","modified_gmt":"2025-04-02T20:45:40","slug":"thiago-miranda-lanca-nordestino","status":"publish","type":"post","link":"https:\/\/diarioparanaense.com\/?p=4237","title":{"rendered":"Thiago Miranda lan\u00e7a NorDestino"},"content":{"rendered":"\n<p class=\"has-medium-font-size\">Sobre o disco<\/p>\n\n\n\n<p class=\"has-medium-font-size\">&#8220;NorDestino&#8221;, terceiro disco do compositor mineiro Thiago Miranda, passeia pela m\u00fasica nordestina com muita propriedade e originalidade, conectando-se \u00e0s ra\u00edzes dessa regi\u00e3o t\u00e3o rica.<\/p>\n\n\n\n<p>Nascido do predestinado encontro de Thiago com o p\u00fablico do Nordeste que, pelas lives no Youtube, abra\u00e7ou de maneira calorosa seu trabalho, o disco \u00e9 uma celebra\u00e7\u00e3o desse v\u00ednculo que possibilitou ao artista um mergulho em uma nova sonoridade. Como fruto dessa experi\u00eancia t\u00e3o intensa, o \u00e1lbum caminha por g\u00eaneros variados, da toada ao ax\u00e9, numa obra permeada por xotes, forr\u00f3s, emboladas e bai\u00f5es modernos com pitadas de maracatu.<\/p>\n\n\n\n<p>Produzido pelo pr\u00f3prio artista, o disco conta ainda com participa\u00e7\u00f5es pra l\u00e1 de especiais que generosamente se envolveram no projeto: Br\u00e1ulio Bessa, Janayna Pereira, Trio Forr\u00f3z\u00e3o, Daniel Gonzaga, As Janu\u00e1rias e Ap\u00e1 Silvino. A mixagem e masteriza\u00e7\u00e3o s\u00e3o assinadas por Nando Costa (WeMasterMusic &#8211; Los Angeles \/ EUA).<\/p>\n\n\n\n<p>O \u00e1lbum nasce ent\u00e3o como uma experi\u00eancia musical que reflete n\u00e3o apenas uma admira\u00e7\u00e3o de Thiago Miranda pelas ra\u00edzes nordestinas, mas tamb\u00e9m um rico di\u00e1logo cultural, resultando num registro vibrante e colaborativo, que destaca o poder que s\u00f3 a m\u00fasica tem em unir diferentes territ\u00f3rios e hist\u00f3rias. Assim, \u201cNorDestino\u201d traduz de maneira exata o que h\u00e1 de mais essencialmente brasileiro.<\/p>\n\n\n\n<p>Lan\u00e7ado inicialmente em m\u00eddia f\u00edsica (Pendisc e CD), a disponibiliza\u00e7\u00e3o nas plataformas de streaming foi feita faixa a faixa sendo integralmente postado ap\u00f3s o lan\u00e7amento da faixa t\u00edtulo com participa\u00e7\u00e3o de Br\u00e1ulio Bessa em 04 de abril. Antes do lan\u00e7amento desta \u00faltima faixa, o disco contabilizou mais de 70 mil execu\u00e7\u00f5es nas plataformas de streaming.<\/p>\n\n\n\n<p>O pre-save do album completo pode ser feito pelo link&nbsp;<a href=\"https:\/\/artists.landr.com\/nordestino\" target=\"_blank\" rel=\"noreferrer noopener\">https:\/\/artists.landr.com\/nordestino<\/a><\/p>\n\n\n\n<p>Os shows de lan\u00e7amento seguir\u00e3o em momentos distintos sendo a pr\u00f3xima ocasi\u00e3o:<\/p>\n\n\n\n<p>Dia 20 de abril &#8211; Show de lan\u00e7amento do NorDestino no projeto Palco Central, no Cine-Theatro Central (Juiz de Fora \/ MG) &#8211; \u00e0s 19:30.<\/p>\n\n\n\n<p class=\"has-medium-font-size\">Sobre Thiago Miranda<\/p>\n\n\n\n<p>&nbsp;Dono de uma voz doce e precisa com acabamento refinado, Thiago j\u00e1 soma mais de 5 mil apresenta\u00e7\u00f5es desde 2004, al\u00e9m de diversas premia\u00e7\u00f5es em festivais e um trof\u00e9u do 23\u00ba Pr\u00eamio da M\u00fasica Brasileira. Tamb\u00e9m teve seu primeiro disco, &#8220;M\u00fasica e palavras&#8221; (MPB), pr\u00e9-selecionado pelo mesmo pr\u00eamio em 2015 e foi indicado a melhor cantor de samba ao lado de Diogo Nogueira e Criolo em 2018, com o disco &#8220;Samba pra elas&#8221;. Depois de um dueto transcendental com Dani Black em 2023, Thiago agora mergulha nas ra\u00edzes nordestinas, especialmente<\/p>\n","protected":false},"excerpt":{"rendered":"<p>Sobre o disco &#8220;NorDestino&#8221;, terceiro disco do compositor mineiro Thiago Miranda, passeia pela m\u00fasica nordestina com muita propriedade e originalidade, conectando-se \u00e0s ra\u00edzes dessa regi\u00e3o t\u00e3o rica. Nascido do predestinado encontro de Thiago com o p\u00fablico do Nordeste que, pelas lives no Youtube, abra\u00e7ou de maneira calorosa seu trabalho, o disco \u00e9 uma celebra\u00e7\u00e3o desse [&hellip;]<\/p>\n","protected":false},"author":1,"featured_media":4238,"comment_status":"open","ping_status":"open","sticky":false,"template":"","format":"standard","meta":{"footnotes":""},"categories":[27],"tags":[],"class_list":["post-4237","post","type-post","status-publish","format-standard","has-post-thumbnail","hentry","category-musica"],"_links":{"self":[{"href":"https:\/\/diarioparanaense.com\/index.php?rest_route=\/wp\/v2\/posts\/4237","targetHints":{"allow":["GET"]}}],"collection":[{"href":"https:\/\/diarioparanaense.com\/index.php?rest_route=\/wp\/v2\/posts"}],"about":[{"href":"https:\/\/diarioparanaense.com\/index.php?rest_route=\/wp\/v2\/types\/post"}],"author":[{"embeddable":true,"href":"https:\/\/diarioparanaense.com\/index.php?rest_route=\/wp\/v2\/users\/1"}],"replies":[{"embeddable":true,"href":"https:\/\/diarioparanaense.com\/index.php?rest_route=%2Fwp%2Fv2%2Fcomments&post=4237"}],"version-history":[{"count":1,"href":"https:\/\/diarioparanaense.com\/index.php?rest_route=\/wp\/v2\/posts\/4237\/revisions"}],"predecessor-version":[{"id":4239,"href":"https:\/\/diarioparanaense.com\/index.php?rest_route=\/wp\/v2\/posts\/4237\/revisions\/4239"}],"wp:featuredmedia":[{"embeddable":true,"href":"https:\/\/diarioparanaense.com\/index.php?rest_route=\/wp\/v2\/media\/4238"}],"wp:attachment":[{"href":"https:\/\/diarioparanaense.com\/index.php?rest_route=%2Fwp%2Fv2%2Fmedia&parent=4237"}],"wp:term":[{"taxonomy":"category","embeddable":true,"href":"https:\/\/diarioparanaense.com\/index.php?rest_route=%2Fwp%2Fv2%2Fcategories&post=4237"},{"taxonomy":"post_tag","embeddable":true,"href":"https:\/\/diarioparanaense.com\/index.php?rest_route=%2Fwp%2Fv2%2Ftags&post=4237"}],"curies":[{"name":"wp","href":"https:\/\/api.w.org\/{rel}","templated":true}]}}