{"id":4234,"date":"2025-04-02T17:43:51","date_gmt":"2025-04-02T20:43:51","guid":{"rendered":"https:\/\/diarioparanaense.com\/?p=4234"},"modified":"2025-04-02T17:43:51","modified_gmt":"2025-04-02T20:43:51","slug":"de-proprietario-a-posseiro-impactos-da-lei-13-178-2015","status":"publish","type":"post","link":"https:\/\/diarioparanaense.com\/?p=4234","title":{"rendered":"De propriet\u00e1rio a posseiro? Impactos da Lei 13.178\/2015"},"content":{"rendered":"\n<p class=\"has-medium-font-size\">Propriet\u00e1rios de im\u00f3veis na faixa de fronteira devem regulariz\u00e1-los at\u00e9 outubro de 2025, para evitar a Reincorpora\u00e7\u00e3o desses bens ao patrim\u00f4nio da Uni\u00e3o.<\/p>\n\n\n\n<p>A fim de proteger a soberania nacional e garantir o controle da ocupa\u00e7\u00e3o territorial, a Lei 13.178\/2015, neste ano de 2025, deve ser objeto central das preocupa\u00e7\u00f5es de grande parte dos brasileiros. Segundo a advogada especialista em Regulariza\u00e7\u00e3o de Im\u00f3veis, Isabelle Ianesko, \u00e9 imprescind\u00edvel que os propriet\u00e1rios de terras verifiquem se est\u00e3o com os seus im\u00f3veis devidamente regularizados at\u00e9 22 de outubro deste ano. Caso contr\u00e1rio, est\u00e3o sujeitos a perd\u00ea-los para a Uni\u00e3o.<\/p>\n\n\n\n<p>A Lei n\u00ba 13.178\/2015 estabeleceu o prazo de 10 anos para seja realizado o processo da Ratifica\u00e7\u00e3o da Matr\u00edcula de todos os im\u00f3veis situados em Faixa de Fronteira, cuja titula\u00e7\u00e3o tenha sido concedida de forma irregular pelos Estados-Membros em terras de dom\u00ednio da Uni\u00e3o.<\/p>\n\n\n\n<p>A Faixa de Fronteira, com 150 quil\u00f4metros de largura, estende-se ao longo de todo o territ\u00f3rio brasileiro, abrangendo 11 estados e, segundo a Constitui\u00e7\u00e3o da Rep\u00fablica, s\u00e3o bens da Uni\u00e3o. S\u00f3 no Estado do Paran\u00e1, s\u00e3o 139 munic\u00edpios abrangidos pela Faixa de Fronteira.<\/p>\n\n\n\n<p>\u201cCaso o propriet\u00e1rio n\u00e3o fa\u00e7a a Ratifica\u00e7\u00e3o do seu im\u00f3vel at\u00e9 a data indicada, poder\u00e1 perder o seu Im\u00f3vel para a Uni\u00e3o (tornando-se apenas posseiro), al\u00e9m de sofrer restri\u00e7\u00f5es de uso econ\u00f4mico do im\u00f3vel, como dificuldade para a venda, arrendamentos e acesso a cr\u00e9ditos (financiamentos rurais).<\/p>\n\n\n\n<p>Se isso acontecer, dever\u00e1 requerer novamente a Regulariza\u00e7\u00e3o dessas terras, enfrentando um longo e custoso processo de Titula\u00e7\u00e3o.<\/p>\n\n\n\n<p>\u00c9, portanto, crucial procurar por um especialista em Regulariza\u00e7\u00e3o de Im\u00f3veis, que poder\u00e1 realizar um estudo de caso bem fundamentado, al\u00e9m de guiar uma orienta\u00e7\u00e3o preventiva para garantir a seguran\u00e7a jur\u00eddica do im\u00f3vel (manuten\u00e7\u00e3o da propriedade), enquadrando-o nas condi\u00e7\u00f5es prescritas pela Lei. Somente assim ser\u00e1 poss\u00edvel evitar transtornos futuros e assegurar a posse definitiva do patrim\u00f4nio.<\/p>\n\n\n\n<p><strong>Servic\u0327o<\/strong>: Grupo Ianesko<\/p>\n\n\n\n<p>Isabelle Larissa Ianesko<\/p>\n\n\n\n<p>Advogada especialista em Regulariza\u00e7\u00e3o de Im\u00f3veis<\/p>\n\n\n\n<p>OAB\/PR 85.341, CRECI\/PR 51951, Avaliadora Imobili\u00e1ria 51935<\/p>\n\n\n\n<p>(45) 99981-2522 \/ (41) 99108-5522<\/p>\n\n\n\n<p>isa.ianesko@hotmail.com<\/p>\n","protected":false},"excerpt":{"rendered":"<p>Propriet\u00e1rios de im\u00f3veis na faixa de fronteira devem regulariz\u00e1-los at\u00e9 outubro de 2025, para evitar a Reincorpora\u00e7\u00e3o desses bens ao patrim\u00f4nio da Uni\u00e3o. A fim de proteger a soberania nacional e garantir o controle da ocupa\u00e7\u00e3o territorial, a Lei 13.178\/2015, neste ano de 2025, deve ser objeto central das preocupa\u00e7\u00f5es de grande parte dos brasileiros. [&hellip;]<\/p>\n","protected":false},"author":1,"featured_media":4235,"comment_status":"open","ping_status":"open","sticky":false,"template":"","format":"standard","meta":{"footnotes":""},"categories":[29],"tags":[],"class_list":["post-4234","post","type-post","status-publish","format-standard","has-post-thumbnail","hentry","category-artigos"],"_links":{"self":[{"href":"https:\/\/diarioparanaense.com\/index.php?rest_route=\/wp\/v2\/posts\/4234","targetHints":{"allow":["GET"]}}],"collection":[{"href":"https:\/\/diarioparanaense.com\/index.php?rest_route=\/wp\/v2\/posts"}],"about":[{"href":"https:\/\/diarioparanaense.com\/index.php?rest_route=\/wp\/v2\/types\/post"}],"author":[{"embeddable":true,"href":"https:\/\/diarioparanaense.com\/index.php?rest_route=\/wp\/v2\/users\/1"}],"replies":[{"embeddable":true,"href":"https:\/\/diarioparanaense.com\/index.php?rest_route=%2Fwp%2Fv2%2Fcomments&post=4234"}],"version-history":[{"count":1,"href":"https:\/\/diarioparanaense.com\/index.php?rest_route=\/wp\/v2\/posts\/4234\/revisions"}],"predecessor-version":[{"id":4236,"href":"https:\/\/diarioparanaense.com\/index.php?rest_route=\/wp\/v2\/posts\/4234\/revisions\/4236"}],"wp:featuredmedia":[{"embeddable":true,"href":"https:\/\/diarioparanaense.com\/index.php?rest_route=\/wp\/v2\/media\/4235"}],"wp:attachment":[{"href":"https:\/\/diarioparanaense.com\/index.php?rest_route=%2Fwp%2Fv2%2Fmedia&parent=4234"}],"wp:term":[{"taxonomy":"category","embeddable":true,"href":"https:\/\/diarioparanaense.com\/index.php?rest_route=%2Fwp%2Fv2%2Fcategories&post=4234"},{"taxonomy":"post_tag","embeddable":true,"href":"https:\/\/diarioparanaense.com\/index.php?rest_route=%2Fwp%2Fv2%2Ftags&post=4234"}],"curies":[{"name":"wp","href":"https:\/\/api.w.org\/{rel}","templated":true}]}}