{"id":4220,"date":"2025-04-01T14:09:09","date_gmt":"2025-04-01T17:09:09","guid":{"rendered":"https:\/\/diarioparanaense.com\/?p=4220"},"modified":"2025-04-01T14:09:10","modified_gmt":"2025-04-01T17:09:10","slug":"seu-escritorio-nao-precisa-de-moveis-novos-precisa-de-inteligencia-espacial6-dicas-praticas-para-repensar-o-ambiente-de-trabalho-nas-empresas-segundo-a-ciencia","status":"publish","type":"post","link":"https:\/\/diarioparanaense.com\/?p=4220","title":{"rendered":"Seu Escrit\u00f3rio N\u00e3o Precisa de M\u00f3veis Novos. Precisa de Intelig\u00eancia Espacial6 dicas pr\u00e1ticas para repensar o ambiente de trabalho nas empresas segundo a Ci\u00eancia"},"content":{"rendered":"\n<p><strong><em>Por : Roberta da Trindade<\/em><\/strong><\/p>\n\n\n\n<p>Estudos recentes questionam a cren\u00e7a de que a simples aquisi\u00e7\u00e3o de novos m\u00f3veis melhora a produtividade. Especialistas em ergonomia e design de interiores apontam um fator essencial para a efici\u00eancia no trabalho: a intelig\u00eancia espacial. A disposi\u00e7\u00e3o dos m\u00f3veis, a ilumina\u00e7\u00e3o, a ac\u00fastica e, claro, a ergonomia do ambiente afetam diretamente a sa\u00fade, o bem-estar e a produtividade dos colaboradores.<\/p>\n\n\n<div class=\"wp-block-image\">\n<figure class=\"aligncenter size-full\"><img loading=\"lazy\" decoding=\"async\" width=\"248\" height=\"371\" src=\"https:\/\/diarioparanaense.com\/wp-content\/uploads\/2025\/04\/0104252.jpg\" alt=\"\" class=\"wp-image-4222\" srcset=\"https:\/\/diarioparanaense.com\/wp-content\/uploads\/2025\/04\/0104252.jpg 248w, https:\/\/diarioparanaense.com\/wp-content\/uploads\/2025\/04\/0104252-201x300.jpg 201w\" sizes=\"auto, (max-width: 248px) 100vw, 248px\" \/><\/figure><\/div>\n\n\n<p>&#8220;N\u00e3o \u00e9 sobre encher o escrit\u00f3rio com m\u00f3veis novos, mas otimizar o uso do espa\u00e7o para promover bem-estar e efici\u00eancia&#8221;, afirma Adriana Schlemmer, empreendedora \u00e0 frente da Cia do Escrit\u00f3rio, uma empresa curitibana especializada em solu\u00e7\u00f5es personalizadas para ambientes corporativos.<\/p>\n\n\n\n<p>Estudos da Universidade de Stanford mostram que ambientes de trabalho ergonomicamente planejados podem aumentar a produtividade em at\u00e9 20%. Adriana refor\u00e7a: &#8220;Investir em design ergon\u00f4mico n\u00e3o \u00e9 apenas sobre conforto, mas sobre criar um ambiente onde o colaborador se sinta motivado e saud\u00e1vel&#8221;. A postura correta, o apoio adequado e a altura ajust\u00e1vel das mesas s\u00e3o essenciais para reduzir a fadiga e aumentar a concentra\u00e7\u00e3o.<\/p>\n\n\n\n<p>Adriana complementa: &#8220;O impacto do mobili\u00e1rio mal planejado vai al\u00e9m do desconforto. Ele pode resultar em afastamentos e custos com tratamentos m\u00e9dicos&#8221;. Corroborando com essa fala, pesquisas do Instituto Nacional de Seguran\u00e7a e Sa\u00fade Ocupacional (NIOSH) indicam que mobili\u00e1rio inadequado est\u00e1 diretamente relacionado ao aumento de les\u00f5es por esfor\u00e7o repetitivo (LER) e dist\u00farbios osteomusculares.<\/p>\n\n\n\n<p>A ilumina\u00e7\u00e3o tamb\u00e9m desempenha papel fundamental. Estudos da Universidade de Cornell indicam que a luz natural e a ilumina\u00e7\u00e3o adequada melhoram o humor, a concentra\u00e7\u00e3o e a produtividade. &#8220;A ilumina\u00e7\u00e3o afeta diretamente a disposi\u00e7\u00e3o das pessoas no ambiente de trabalho. A luz natural, quando poss\u00edvel, deve ser aproveitada ao m\u00e1ximo&#8221;, diz Adriana, destacando a import\u00e2ncia de um projeto iluminot\u00e9cnico eficiente.<\/p>\n\n\n\n<p><strong>Dicas Pr\u00e1ticas para Implementar a Intelig\u00eancia Espacial em Seu Escrit\u00f3rio:<\/strong><\/p>\n\n\n\n<ol start=\"1\" class=\"wp-block-list\">\n<li><strong>Reorganize a Distribui\u00e7\u00e3o dos M\u00f3veis<br><\/strong>Em vez de investir em m\u00f3veis novos, repense a disposi\u00e7\u00e3o dos itens existentes. Posicione as mesas de modo que favore\u00e7am a intera\u00e7\u00e3o e a comunica\u00e7\u00e3o. Evite o excesso de obst\u00e1culos no caminho para garantir fluidez e mobilidade. Al\u00e9m disso, a proximidade das \u00e1reas de descanso e trabalho pode impactar positivamente a produtividade.<\/li>\n\n\n\n<li><strong>Aposte na Ergonomia<br><\/strong>Invista em m\u00f3veis que promovam a postura correta. Cadeiras com apoio lombar ajust\u00e1vel e mesas com altura regul\u00e1vel s\u00e3o fundamentais para reduzir desconfortos e aumentar o foco dos colaboradores. Se j\u00e1 tiver m\u00f3veis, considere modificar ou adaptar aqueles que n\u00e3o oferecem os suportes necess\u00e1rios.<\/li>\n\n\n\n<li><strong>Otimize a Ilumina\u00e7\u00e3o Natural e Artificial<br><\/strong>Aproveite ao m\u00e1ximo a luz natural, posicionando mesas perto de janelas. Quando a luz natural n\u00e3o for suficiente, certifique-se de que a ilumina\u00e7\u00e3o artificial seja eficiente, distribu\u00edda de maneira uniforme e n\u00e3o prejudique a vis\u00e3o. Luzes com temperatura de cor quente favorecem um ambiente acolhedor, enquanto luzes mais frias s\u00e3o ideais para manter a concentra\u00e7\u00e3o.<\/li>\n\n\n\n<li><strong>Minimize o Ru\u00eddo e Invista na Ac\u00fastica<br><\/strong>O som ambiente tem grande influ\u00eancia no desempenho de uma equipe. Utilize elementos que minimizem o eco, como carpetes, cortinas ou pain\u00e9is ac\u00fasticos. Al\u00e9m disso, considere criar zonas de sil\u00eancio para que os colaboradores possam se concentrar sem interrup\u00e7\u00f5es constantes.<\/li>\n\n\n\n<li><strong>Crie Ambientes Flex\u00edveis<br><\/strong>\u00c0 medida que as necessidades de trabalho evoluem, \u00e9 importante que o ambiente tamb\u00e9m se adapte. Opte por m\u00f3veis modulares e m\u00f3veis multifuncionais que possam ser reorganizados facilmente, permitindo que o escrit\u00f3rio seja ajustado conforme as demandas de cada projeto ou time.<\/li>\n\n\n\n<li><strong>Fomente a Integra\u00e7\u00e3o e Colabora\u00e7\u00e3o<br><\/strong>Criar um layout que favore\u00e7a a colabora\u00e7\u00e3o \u00e9 essencial para promover o trabalho em equipe. \u00c1reas abertas e espa\u00e7os compartilhados incentivam a troca de ideias e a intera\u00e7\u00e3o. No entanto, n\u00e3o negligencie o equil\u00edbrio com espa\u00e7os privados para momentos de concentra\u00e7\u00e3o.<\/li>\n<\/ol>\n\n\n\n<p><strong>Repensando o Ambiente de Trabalho<\/strong><\/p>\n\n\n\n<p>A intelig\u00eancia espacial vai muito al\u00e9m do simples planejamento de m\u00f3veis. Ela envolve uma abordagem estrat\u00e9gica que considera a intera\u00e7\u00e3o entre o ser humano e o ambiente, com foco na cria\u00e7\u00e3o de espa\u00e7os que promovam sa\u00fade, bem-estar e produtividade. Ao repensar a disposi\u00e7\u00e3o e a funcionalidade do seu escrit\u00f3rio, as empresas podem descobrir que pequenas mudan\u00e7as no ambiente podem resultar em grandes ganhos para os colaboradores e, consequentemente, para os resultados da organiza\u00e7\u00e3o.<\/p>\n\n\n\n<p><strong>Contribuiu com essa mat\u00e9ria: Adriana Schlemmer da CIA do Escrit\u00f3rio<\/strong><\/p>\n\n\n\n<p>A Cia do Escrit\u00f3rio \u00e9 uma empresa curitibana especializada em oferecer solu\u00e7\u00f5es personalizadas para ambientes corporativos. Fundada e liderada por Adriana Schlemmer, a empresa tem mais de 25 anos de experi\u00eancia no mercado de m\u00f3veis corporativos e home office. A Cia do Escrit\u00f3rio se destaca por criar espa\u00e7os de trabalho inteligentes, ergon\u00f4micos e personalizados, priorizando o bem-estar e a produtividade dos colaboradores.<\/p>\n\n\n\n<p>Adriana Schlemmer \u00e9 uma empreendedora vision\u00e1ria, com uma trajet\u00f3ria marcada pela supera\u00e7\u00e3o e dedica\u00e7\u00e3o. Nascida no Rio Grande do Sul e radicada no Paran\u00e1, ela construiu sua carreira a partir de sua paix\u00e3o por design de interiores e atendimento ao cliente. Ao lado de seu esposo, Rildo, Adriana fundou a Cia do Escrit\u00f3rio, que hoje \u00e9 reconhecida por transformar espa\u00e7os em ambientes mais funcionais e confort\u00e1veis, sempre com foco na intelig\u00eancia espacial e na ergonomia.<\/p>\n\n\n\n<p>Com uma vis\u00e3o clara sobre o impacto do ambiente de trabalho na produtividade, Adriana tem sido uma defensora da cria\u00e7\u00e3o de espa\u00e7os que n\u00e3o s\u00f3 atendem \u00e0s necessidades funcionais, mas tamb\u00e9m promovem o bem-estar dos colaboradores. Sua abordagem personalizada e inovadora \u00e9 o que faz da Cia do Escrit\u00f3rio uma parceira estrat\u00e9gica para empresas que buscam melhorar seus espa\u00e7os e resultados.<\/p>\n\n\n\n<p>Al\u00e9m de m\u00f3veis sob medida, a empresa oferece consultoria em design de interiores, otimiza\u00e7\u00e3o de layout e solu\u00e7\u00f5es completas para empresas de diferentes setores. Com uma equipe dedicada e uma vis\u00e3o voltada para a inova\u00e7\u00e3o e sustentabilidade, a Cia do Escrit\u00f3rio tem conquistado a confian\u00e7a de empresas que buscam transformar seus escrit\u00f3rios em ambientes de alta performance.<\/p>\n\n\n\n<p>Entre em contato com Adriana Schlemmer e descubra como a Cia do Escrit\u00f3rio pode transformar seu espa\u00e7o de trabalho.<\/p>\n\n\n\n<p><strong>Contato:<\/strong> Adriana Schlemmer<\/p>\n\n\n\n<p>Telefone\/WhatsApp: (41) 99720-3524<\/p>\n\n\n\n<p>E-mail: vendas@ciadoescritorio.com.br<\/p>\n\n\n\n<p>Website: <a href=\"http:\/\/www.ciadoescritorio.com.br\">www.ciadoescritorio.com.br<\/a><\/p>\n","protected":false},"excerpt":{"rendered":"<p>Por : Roberta da Trindade Estudos recentes questionam a cren\u00e7a de que a simples aquisi\u00e7\u00e3o de novos m\u00f3veis melhora a produtividade. Especialistas em ergonomia e design de interiores apontam um fator essencial para a efici\u00eancia no trabalho: a intelig\u00eancia espacial. A disposi\u00e7\u00e3o dos m\u00f3veis, a ilumina\u00e7\u00e3o, a ac\u00fastica e, claro, a ergonomia do ambiente afetam [&hellip;]<\/p>\n","protected":false},"author":1,"featured_media":4221,"comment_status":"open","ping_status":"open","sticky":false,"template":"","format":"standard","meta":{"footnotes":""},"categories":[434,29,324],"tags":[],"class_list":["post-4220","post","type-post","status-publish","format-standard","has-post-thumbnail","hentry","category-habla-empreendedora","category-artigos","category-negocios"],"_links":{"self":[{"href":"https:\/\/diarioparanaense.com\/index.php?rest_route=\/wp\/v2\/posts\/4220","targetHints":{"allow":["GET"]}}],"collection":[{"href":"https:\/\/diarioparanaense.com\/index.php?rest_route=\/wp\/v2\/posts"}],"about":[{"href":"https:\/\/diarioparanaense.com\/index.php?rest_route=\/wp\/v2\/types\/post"}],"author":[{"embeddable":true,"href":"https:\/\/diarioparanaense.com\/index.php?rest_route=\/wp\/v2\/users\/1"}],"replies":[{"embeddable":true,"href":"https:\/\/diarioparanaense.com\/index.php?rest_route=%2Fwp%2Fv2%2Fcomments&post=4220"}],"version-history":[{"count":1,"href":"https:\/\/diarioparanaense.com\/index.php?rest_route=\/wp\/v2\/posts\/4220\/revisions"}],"predecessor-version":[{"id":4223,"href":"https:\/\/diarioparanaense.com\/index.php?rest_route=\/wp\/v2\/posts\/4220\/revisions\/4223"}],"wp:featuredmedia":[{"embeddable":true,"href":"https:\/\/diarioparanaense.com\/index.php?rest_route=\/wp\/v2\/media\/4221"}],"wp:attachment":[{"href":"https:\/\/diarioparanaense.com\/index.php?rest_route=%2Fwp%2Fv2%2Fmedia&parent=4220"}],"wp:term":[{"taxonomy":"category","embeddable":true,"href":"https:\/\/diarioparanaense.com\/index.php?rest_route=%2Fwp%2Fv2%2Fcategories&post=4220"},{"taxonomy":"post_tag","embeddable":true,"href":"https:\/\/diarioparanaense.com\/index.php?rest_route=%2Fwp%2Fv2%2Ftags&post=4220"}],"curies":[{"name":"wp","href":"https:\/\/api.w.org\/{rel}","templated":true}]}}