{"id":4214,"date":"2025-03-31T17:49:04","date_gmt":"2025-03-31T20:49:04","guid":{"rendered":"https:\/\/diarioparanaense.com\/?p=4214"},"modified":"2025-03-31T17:49:04","modified_gmt":"2025-03-31T20:49:04","slug":"sabores-que-marcam-momentos-como-a-cymco-alimentos-traz-mais-sabor-para-a-rotina-e-celebracoes-criando-memorias-afetivas","status":"publish","type":"post","link":"https:\/\/diarioparanaense.com\/?p=4214","title":{"rendered":"Sabores que marcam momentos: como a Cymco Alimentos traz mais sabor para a rotina e celebra\u00e7\u00f5es, criando mem\u00f3rias afetivas"},"content":{"rendered":"\n<p class=\"has-medium-font-size\">Com um olhar atento \u00e0s necessidades dos consumidores, a marca adapta seus p\u00e3es de queijo e outros produtos para resgatar sabores aut\u00eanticos e especiais<\/p>\n\n\n\n<p>Refer\u00eancia no mercado de p\u00e3es de queijo, a Cymco Alimentos vem ampliando sua atua\u00e7\u00e3o para al\u00e9m desse cl\u00e1ssico brasileiro. A marca, que nasceu com a proposta de oferecer um p\u00e3o de queijo diferenciado, hoje conta com um portf\u00f3lio de oito produtos, que incluem op\u00e7\u00f5es como palito de provolone, chipa e dadinho de tapioca. A diversifica\u00e7\u00e3o acompanha o comportamento do consumidor, que busca tanto praticidade no dia a dia quanto produtos que proporcionem sabores marcantes e memor\u00e1veis.<\/p>\n\n\n\n<p>Segundo Frederico Cymbalista, CEO da empresa, a variedade do portf\u00f3lio reflete um olhar atento \u00e0s demandas do mercado e ao que realmente conecta as pessoas \u00e0 comida. &#8220;Queremos estar presentes nos momentos que importam, oferecendo produtos ideais para tornar essas experi\u00eancias ainda mais especiais. Seja em um caf\u00e9 da manh\u00e3 em fam\u00edlia, uma pausa no trabalho ou um encontro entre amigos, nossos sabores despertam a mem\u00f3ria afetiva e transformam cada mordida em um momento \u00fanico&#8221;, ressalta.<\/p>\n\n\n\n<p>Os produtos da Cymco foram pensados para refletir diferentes momentos de consumo. A linha Dia a Dia, por exemplo, foi criada para levar mais praticidade e sabor \u00e0 rotina dos consumidores, com op\u00e7\u00f5es que facilitam o preparo e garantem qualidade em cada refei\u00e7\u00e3o. O p\u00e3o de queijo tradicional, perfeito para o caf\u00e9 da manh\u00e3 ou o lanche da tarde, traz a ess\u00eancia da marca, com um equil\u00edbrio de ingredientes que garantem um sabor suave e uma textura leve ap\u00f3s o preparo. J\u00e1 a Chipa, com receita de origem paraguaia, traz um sabor aut\u00eantico em um formato pr\u00e1tico e delicioso, ideal para quem busca uma varia\u00e7\u00e3o do p\u00e3o de queijo, sem abrir m\u00e3o do sabor caracter\u00edstico do queijo.<\/p>\n\n\n\n<p>Para aqueles que querem repartir uma experi\u00eancia gastron\u00f4mica diferenciada, a linha Para Compartilhar foi pensada especialmente em compartilhar momentos de alegria e descontra\u00e7\u00e3o, seja em festas, encontros com amigos ou em um happy hour em casa. Essa linha harmoniza com bebidas e conta com op\u00e7\u00f5es como o dadinho de tapioca, feito de queijo coalho de verdade e combina a leveza da tapioca com uma croc\u00e2ncia ideal, ele pode ser consumido assado ou frito e com acompanhamentos doces ou salgados. J\u00e1 o palito de queijo, traz o sabor defumado e marcante do provolone de verdade, \u00e9 ideal para quem aprecia queijos de perfil mais pronunciado.<\/p>\n\n\n\n<p>A linha Momentos Especiais foi criada para agregar sofistica\u00e7\u00e3o a momentos que merecem ser lembrados. O p\u00e3o de queijo parmes\u00e3o combina o sabor \u00fanico do queijo meia cura com a intensidade do parmes\u00e3o, oferecendo uma experi\u00eancia diferenciada. Ideal para ocasi\u00f5es especiais, seja para agradar a fam\u00edlia, surpreender amigos ou adicionar um toque gourmet a um momento de descontra\u00e7\u00e3o, essa linha proporciona o equil\u00edbrio perfeito entre qualidade, sabor e requinte.<\/p>\n\n\n\n<p>Al\u00e9m de sabor e tradi\u00e7\u00e3o, a marca tamb\u00e9m acompanha tend\u00eancias de consumo mais conscientes. A Linha Sa\u00fade e Bem-Estar foi cuidadosamente desenvolvida para oferecer produtos que unem qualidade, sabor e ingredientes naturais. Pensada para atender diferentes necessidades alimentares, traz op\u00e7\u00f5es livres de aditivos e corantes artificiais, refor\u00e7ando o compromisso da Cymco de oferecer praticidade, equil\u00edbrio e ingredientes selecionados.<\/p>\n\n\n\n<p>Dentre os produtos desta linha, destaca-se o p\u00e3o de queijo mini bites, uma parceria com o perfil &#8220;Comidinhas de Diana&#8221; no Instagram. Este produto, desenvolvido especialmente para crian\u00e7as, \u00e9 feito com queijo coalho, ingredientes naturais e \u00e9 produzido sem gl\u00faten, como todos os produtos da marca, tornando-o uma op\u00e7\u00e3o saud\u00e1vel e pr\u00e1tica para a lancheira escolar.<\/p>\n\n\n\n<p>A linha Sa\u00fade e Bem-Estar tamb\u00e9m traz o p\u00e3o de queijo artesanal, preparado com o m\u00e9todo tradicional de escaldagem, que garante uma massa mais leve e macia, remetendo ao sabor do produto feito em casa. A receita traz apenas cinco ingredientes, al\u00e9m do queijo meia cura de verdade. J\u00e1 o p\u00e3o de queijo zero lactose adapta essa mesma receita para quem tem restri\u00e7\u00f5es alimentares, combinando queijo mina e parmes\u00e3o sem lactose, al\u00e9m de leite de verdade, para preservar o sabor e a experi\u00eancia do p\u00e3o de queijo original.<\/p>\n\n\n\n<p>&#8220;Investir em produtos sem lactose e adaptados para crian\u00e7as n\u00e3o \u00e9 apenas uma resposta \u00e0s tend\u00eancias de mercado, mas uma estrat\u00e9gia que visa fidelizar um p\u00fablico em busca de conveni\u00eancia e bem-estar, enquanto garantimos que cada produto seja uma extens\u00e3o da nossa miss\u00e3o de unir inova\u00e7\u00e3o com a experi\u00eancia gastron\u00f4mica&#8221;, conclui.<\/p>\n\n\n\n<p><strong>Sobre a Cymco<br><\/strong>A Cymco Alimentos nasceu a partir da veia empreendedora do casal Fred e Paola Cymbalista, que formataram o modelo de neg\u00f3cio como um projeto de TCC de uma pequena produ\u00e7\u00e3o de p\u00e3o de queijo na garagem de um centro comercial em uma empresa que comercializou mais de 360 toneladas de p\u00e3o de queijo e faturou mais R$70 milh\u00f5es em 2024. A marca atua especialmente no food service, atendendo panificadoras, supermercados e postos de gasolina do Paran\u00e1, Santa Catarina, Rio Grande do Sul e S\u00e3o Paulo. Em 2025, o objetivo principal da marca \u00e9 expandir sua atua\u00e7\u00e3o no varejo, ampliando a presen\u00e7a da Cymco Alimentos nas ilhas de congelados dos principais supermercados do\u00a0Sul\u00a0do\u00a0Brasil.<\/p>\n","protected":false},"excerpt":{"rendered":"<p>Com um olhar atento \u00e0s necessidades dos consumidores, a marca adapta seus p\u00e3es de queijo e outros produtos para resgatar sabores aut\u00eanticos e especiais Refer\u00eancia no mercado de p\u00e3es de queijo, a Cymco Alimentos vem ampliando sua atua\u00e7\u00e3o para al\u00e9m desse cl\u00e1ssico brasileiro. A marca, que nasceu com a proposta de oferecer um p\u00e3o de [&hellip;]<\/p>\n","protected":false},"author":1,"featured_media":4215,"comment_status":"open","ping_status":"open","sticky":false,"template":"","format":"standard","meta":{"footnotes":""},"categories":[324],"tags":[],"class_list":["post-4214","post","type-post","status-publish","format-standard","has-post-thumbnail","hentry","category-negocios"],"_links":{"self":[{"href":"https:\/\/diarioparanaense.com\/index.php?rest_route=\/wp\/v2\/posts\/4214","targetHints":{"allow":["GET"]}}],"collection":[{"href":"https:\/\/diarioparanaense.com\/index.php?rest_route=\/wp\/v2\/posts"}],"about":[{"href":"https:\/\/diarioparanaense.com\/index.php?rest_route=\/wp\/v2\/types\/post"}],"author":[{"embeddable":true,"href":"https:\/\/diarioparanaense.com\/index.php?rest_route=\/wp\/v2\/users\/1"}],"replies":[{"embeddable":true,"href":"https:\/\/diarioparanaense.com\/index.php?rest_route=%2Fwp%2Fv2%2Fcomments&post=4214"}],"version-history":[{"count":1,"href":"https:\/\/diarioparanaense.com\/index.php?rest_route=\/wp\/v2\/posts\/4214\/revisions"}],"predecessor-version":[{"id":4216,"href":"https:\/\/diarioparanaense.com\/index.php?rest_route=\/wp\/v2\/posts\/4214\/revisions\/4216"}],"wp:featuredmedia":[{"embeddable":true,"href":"https:\/\/diarioparanaense.com\/index.php?rest_route=\/wp\/v2\/media\/4215"}],"wp:attachment":[{"href":"https:\/\/diarioparanaense.com\/index.php?rest_route=%2Fwp%2Fv2%2Fmedia&parent=4214"}],"wp:term":[{"taxonomy":"category","embeddable":true,"href":"https:\/\/diarioparanaense.com\/index.php?rest_route=%2Fwp%2Fv2%2Fcategories&post=4214"},{"taxonomy":"post_tag","embeddable":true,"href":"https:\/\/diarioparanaense.com\/index.php?rest_route=%2Fwp%2Fv2%2Ftags&post=4214"}],"curies":[{"name":"wp","href":"https:\/\/api.w.org\/{rel}","templated":true}]}}