{"id":4208,"date":"2025-03-31T17:44:11","date_gmt":"2025-03-31T20:44:11","guid":{"rendered":"https:\/\/diarioparanaense.com\/?p=4208"},"modified":"2025-04-01T08:12:24","modified_gmt":"2025-04-01T11:12:24","slug":"habla-empreendedora-espalhando-representatividade-alem-do-dia-da-mulher","status":"publish","type":"post","link":"https:\/\/diarioparanaense.com\/?p=4208","title":{"rendered":"&#8220;Habla Empreendedora&#8221;: espalhando representatividade al\u00e9m do dia da mulher"},"content":{"rendered":"\n<p class=\"has-medium-font-size\">O podcast que d\u00e1 voz \u00e0s mulheres de neg\u00f3cios<\/p>\n\n\n\n<p>Desde cedo, Roberta da Trindade percebeu o quanto as hist\u00f3rias de supera\u00e7\u00e3o de mulheres comuns \u2014 sem milh\u00f5es na conta, sem milh\u00f5es de seguidores, mas com garra de sobra para tocar fam\u00edlia, trabalho e sonhos \u2014 precisavam ser ouvidas. Foi dessa motiva\u00e7\u00e3o que nasceu o \u201cHabla Empreendedora\u201d, um podcast feito de mulher para mulher, com o prop\u00f3sito de inspirar, conectar e empoderar quem se aventura no mundo do empreendedorismo.<\/p>\n\n\n\n<p>\u201cQuando idealizei o \u2018Habla\u2019, pensei em n\u00f3s, mulheres comuns, que trabalhamos, estudamos, cuidamos da fam\u00edlia, mantemos nossos neg\u00f3cios e temos muito a falar. Queremos que nossas experi\u00eancias sejam ouvidas e possam iluminar a jornada de outras mulheres que buscam o sucesso.\u201d<\/p>\n\n\n\n<p>\u2014 Roberta da Trindade, criadora do \u2018Habla Empreendedora\u2019<\/p>\n\n\n\n<p class=\"has-medium-font-size\">Colabora\u00e7\u00e3o que fortalece<\/p>\n\n\n\n<p>O projeto j\u00e1 come\u00e7ou de forma diferenciada. Na primeira temporada, 15 mulheres empreendedoras se uniram n\u00e3o apenas para serem entrevistadas, mas tamb\u00e9m para contribuir financeiramente como apoiadoras e patrocinadoras. Dessa forma, o \u201cHabla Empreendedora\u201d se tornou um projeto colaborativo, fortalecendo a rede de apoio feminina e garantindo espa\u00e7o para cada uma compartilhar suas viv\u00eancias:<\/p>\n\n\n\n<p>\u201cEssas 15 empreendedoras foram a voz do \u2018Habla\u2019 e investiram para faz\u00ea-lo acontecer. Acreditam tanto na for\u00e7a feminina que decidiram unir suas marcas, expertises e recursos para que o projeto seja n\u00e3o s\u00f3 inspirador, mas tamb\u00e9m vi\u00e1vel e sustent\u00e1vel\u201d, Roberta explica.<\/p>\n\n\n\n<p class=\"has-medium-font-size\">Conscientiza\u00e7\u00e3o sobre sa\u00fade mental<\/p>\n\n\n\n<p>A iniciativa ganha ainda mais relev\u00e2ncia num cen\u00e1rio em que mulheres enfrentam \u00edndices mais altos de ansiedade (+10%) e depress\u00e3o (+13%) do que os homens. Conforme estudos recentes, elas tamb\u00e9m apresentam maior exaust\u00e3o (+20%) e dificuldades de desconex\u00e3o do trabalho (+10%). Esses dados refor\u00e7am a import\u00e2ncia de um espa\u00e7o seguro e acolhedor para falar de sa\u00fade mental e bem-estar, especialmente quando se trata de empreendedorismo \u2014 \u00e1rea em que muitas se sentem sobrecarregadas pelas demandas profissionais e pessoais.<\/p>\n\n\n\n<p>Al\u00e9m disso, a realidade de conflitos sutis ou expl\u00edcitos no ambiente corporativo \u00e9 outro fator de alerta. Pesquisas mostram que, muitas vezes, as mulheres s\u00e3o interrompidas com mais frequ\u00eancia em reuni\u00f5es, o que pode minar a autoconfian\u00e7a e a participa\u00e7\u00e3o ativa em decis\u00f5es importantes. Para Roberta, falar sobre esses temas e ampliar a reflex\u00e3o coletiva \u00e9 fundamental:<\/p>\n\n\n\n<p>\u201cQueremos n\u00e3o s\u00f3 compartilhar dicas de neg\u00f3cios, mas tamb\u00e9m abordar como manter a sa\u00fade mental, lidar com conflitos e, principalmente, mostrar que n\u00e3o estamos sozinhas. O \u2018Habla\u2019 \u00e9 sobre representatividade: \u00e9 cada mulher encontrando for\u00e7a na hist\u00f3ria da outra\u201d, explica Roberta da Trindade<\/p>\n\n\n\n<p class=\"has-medium-font-size\">Mais que um podcast: um movimento<\/p>\n\n\n\n<p>Com epis\u00f3dios recheados de hist\u00f3rias reais, dicas pr\u00e1ticas e ferramentas para quem deseja crescer profissionalmente, o \u201cHabla Empreendedora\u201d se prop\u00f5e a ser muito al\u00e9m de um podcast. Para Roberta, \u00e9 uma esp\u00e9cie de levante, um movimento em prol do protagonismo feminino:<\/p>\n\n\n\n<p>\u201cMuitas pessoas \u2014 homens e mulheres \u2014 j\u00e1 demonstraram apoio. Elas querem participar, contar suas experi\u00eancias e mostrar que h\u00e1 sim espa\u00e7o para todas. Quanto mais unirmos nossas vozes, mais fortes seremos\u201d, diz Roberta da Trindade<\/p>\n\n\n\n<p class=\"has-medium-font-size\">Empreendedorismo e acolhimento<\/p>\n\n\n\n<p>Os conte\u00fados do \u201cHabla Empreendedora\u201d incluem entrevistas com empres\u00e1rias de diferentes setores, profissionais de sa\u00fade, especialistas em gest\u00e3o, al\u00e9m de dicas sobre networking, planejamento financeiro, marketing e lideran\u00e7a. Tudo permeado por conversas francas sobre desafios de g\u00eanero, desigualdades, preconceitos e, sobretudo, resili\u00eancia feminina.<\/p>\n\n\n\n<p>Por meio desse caminho colaborativo, cada convidada traz n\u00e3o s\u00f3 solu\u00e7\u00f5es e aprendizados de neg\u00f3cios, mas tamb\u00e9m reflex\u00f5es sobre a import\u00e2ncia de equilibrar vida pessoal e carreira, sem deixar de lado o cuidado consigo mesma.<\/p>\n\n\n\n<p class=\"has-medium-font-size\">Onde encontrar<\/p>\n\n\n\n<p>Para quem quer acompanhar ou fazer parte desse movimento, basta seguir o \u201cHabla Empreendedora\u201d nas redes sociais e plataformas de streaming. Novos epis\u00f3dios est\u00e3o sendo produzidos, sempre trazendo o olhar de mulheres inspiradoras que se recusam a ficar caladas.<\/p>\n\n\n\n<p>\u201cEsse podcast nasce do meu cora\u00e7\u00e3o e chega para dar voz a quem ainda n\u00e3o encontrou um lugar para falar. Vamos mostrar que hist\u00f3rias de sucesso e supera\u00e7\u00e3o v\u00eam de qualquer parte, inclusive das mulheres que est\u00e3o por a\u00ed, todos os dias, lutando para manter seus neg\u00f3cios e realizar seus sonhos\u201d, finaliza Roberta da Trindade.<\/p>\n\n\n\n<p><strong>Servi\u00e7o<\/strong>: Habla FM\/ Efoco Solu\u00e7\u00f5es<\/p>\n\n\n\n<p>Roberta da Trindade<\/p>\n\n\n\n<p>Empreendedora<\/p>\n\n\n\n<p>41 99535-4920<\/p>\n\n\n\n<p>@robertadatrindade_ @hablaempreendedora @hablafm<\/p>\n\n\n\n<p>@efocosolucoes robertadatrindade@efocosolucoes.com.br<\/p>\n\n\n\n<p>@robertatrindade@gmail.com hablaempreendedora.odoo.com<\/p>\n\n\n\n<p>habla.minharadio.fm<\/p>\n\n\n\n<p><a href=\"http:\/\/efocosolucoes.com.br\">efocosolucoes.com.br<\/a><\/p>\n\n\n\n<p>Rua Miguel Brenner 120 Semin\u00e1rio,&nbsp;&nbsp;Curitiba-PR.<\/p>\n\n\n\n<p>Cr\u00e9dito da foto: Ta\u00eds Silva- <a href=\"https:\/\/www.instagram.com\/lumestudiosm\/\">https:\/\/www.instagram.com\/lumestudiosm\/<\/a><\/p>\n","protected":false},"excerpt":{"rendered":"<p>O podcast que d\u00e1 voz \u00e0s mulheres de neg\u00f3cios Desde cedo, Roberta da Trindade percebeu o quanto as hist\u00f3rias de supera\u00e7\u00e3o de mulheres comuns \u2014 sem milh\u00f5es na conta, sem milh\u00f5es de seguidores, mas com garra de sobra para tocar fam\u00edlia, trabalho e sonhos \u2014 precisavam ser ouvidas. Foi dessa motiva\u00e7\u00e3o que nasceu o \u201cHabla [&hellip;]<\/p>\n","protected":false},"author":1,"featured_media":4209,"comment_status":"open","ping_status":"open","sticky":false,"template":"","format":"standard","meta":{"footnotes":""},"categories":[434,29,324],"tags":[],"class_list":["post-4208","post","type-post","status-publish","format-standard","has-post-thumbnail","hentry","category-habla-empreendedora","category-artigos","category-negocios"],"_links":{"self":[{"href":"https:\/\/diarioparanaense.com\/index.php?rest_route=\/wp\/v2\/posts\/4208","targetHints":{"allow":["GET"]}}],"collection":[{"href":"https:\/\/diarioparanaense.com\/index.php?rest_route=\/wp\/v2\/posts"}],"about":[{"href":"https:\/\/diarioparanaense.com\/index.php?rest_route=\/wp\/v2\/types\/post"}],"author":[{"embeddable":true,"href":"https:\/\/diarioparanaense.com\/index.php?rest_route=\/wp\/v2\/users\/1"}],"replies":[{"embeddable":true,"href":"https:\/\/diarioparanaense.com\/index.php?rest_route=%2Fwp%2Fv2%2Fcomments&post=4208"}],"version-history":[{"count":2,"href":"https:\/\/diarioparanaense.com\/index.php?rest_route=\/wp\/v2\/posts\/4208\/revisions"}],"predecessor-version":[{"id":4219,"href":"https:\/\/diarioparanaense.com\/index.php?rest_route=\/wp\/v2\/posts\/4208\/revisions\/4219"}],"wp:featuredmedia":[{"embeddable":true,"href":"https:\/\/diarioparanaense.com\/index.php?rest_route=\/wp\/v2\/media\/4209"}],"wp:attachment":[{"href":"https:\/\/diarioparanaense.com\/index.php?rest_route=%2Fwp%2Fv2%2Fmedia&parent=4208"}],"wp:term":[{"taxonomy":"category","embeddable":true,"href":"https:\/\/diarioparanaense.com\/index.php?rest_route=%2Fwp%2Fv2%2Fcategories&post=4208"},{"taxonomy":"post_tag","embeddable":true,"href":"https:\/\/diarioparanaense.com\/index.php?rest_route=%2Fwp%2Fv2%2Ftags&post=4208"}],"curies":[{"name":"wp","href":"https:\/\/api.w.org\/{rel}","templated":true}]}}