{"id":4200,"date":"2025-03-31T14:00:38","date_gmt":"2025-03-31T17:00:38","guid":{"rendered":"https:\/\/diarioparanaense.com\/?p=4200"},"modified":"2025-03-31T14:00:39","modified_gmt":"2025-03-31T17:00:39","slug":"ela-tornou-uma-mala-de-mao-em-r-28-milhoes-de-faturamento-com-uma-marca-do-dia-a-dia-das-brasileiras","status":"publish","type":"post","link":"https:\/\/diarioparanaense.com\/?p=4200","title":{"rendered":"Ela tornou uma mala de m\u00e3o em R$ 28 milh\u00f5es de faturamento com uma marca do dia a dia das brasileiras"},"content":{"rendered":"\n<p class=\"has-medium-font-size\">A CUFF atingiu mais de 100 mil pe\u00e7as vendidas em 2024, consolidando sua posi\u00e7\u00e3o no mercado de semijoias com uma equipe 100% feminina<\/p>\n\n\n\n<p>Quem nunca sonhou em abrir seu pr\u00f3prio neg\u00f3cio, ser dona da sua marca e conquistar seu espa\u00e7o no mercado? Esse \u00e9 o desejo de muitas mulheres empreendedoras que, assim como Brenda Piccirillo, fundadora da CUFF Jewelry, decidiram transformar um sonho em realidade. De acordo com dados do SEBRAE o n\u00famero de mulheres empreendedoras no Brasil cresceu 18% nos \u00faltimos 5 anos, impulsionado pela busca por autonomia e pela flexibilidade de gerenciar neg\u00f3cios pr\u00f3prios. A hist\u00f3ria da CUFF \u00e9 um reflexo desse movimento quando Piccirillo adotou como prop\u00f3sito criar acess\u00f3rios que pudessem acompanhar a rotina de milhares de mulheres em todos os momentos da rotina e, al\u00e9m disso, dur\u00e1veis. \u201cTemos clientes que nos relatam que ainda usam as primeiras pe\u00e7as de quando lan\u00e7amos, h\u00e1 5 anos\u201d, conta a empreendedora.<\/p>\n\n\n\n<p>A trajet\u00f3ria de Brenda come\u00e7ou de forma improv\u00e1vel, com uma mala de m\u00e3o. Formada em Administra\u00e7\u00e3o de Empresas em 2012, iniciou sua carreira profissional em \u00e1reas como inova\u00e7\u00e3o e tecnologia, voltadas para o setor agr\u00edcola, e atuou tanto no Brasil quanto no exterior. Entretanto, sempre com o desejo de empreender, come\u00e7ou a revender as semijoias de sua tia como uma forma de obter uma renda extra. Com o tempo, esse hobby foi se tornando um neg\u00f3cio promissor. \u201cA ideia inicial era trabalhar com investimentos e banco, mas comecei a vender semijoias e percebi que eu estava feliz fazendo isso. Em pouco tempo, j\u00e1 estava ganhando mais que meu sal\u00e1rio de estagi\u00e1ria&#8221;, relembra Brenda.<\/p>\n\n\n\n<p>Com esse cen\u00e1rio crescente, em 2019 Brenda fundou oficialmente a CUFF. No in\u00edcio, a marca funcionava com um estoque limitado, de apenas uma pe\u00e7a de cada modelo. Mas com dedica\u00e7\u00e3o e vis\u00e3o, a empreendedora foi crescendo. No mesmo ano, ela desenvolveu o site da empresa sozinha e come\u00e7ou a vender para todo o Brasil, o que resultou em um salto significativo na demanda.<\/p>\n\n\n\n<p>Nos \u00faltimos quatro anos a CUFF atingiu R$ 28 milh\u00f5es de faturamento. Al\u00e9m disso, em 2023, a marca vendeu mais de 85 mil pe\u00e7as e superou a marca de 100 mil pe\u00e7as em 2024. Al\u00e9m disso, ela se destaca no mercado ao criar composi\u00e7\u00f5es autorais, pensadas para proporcionar uma experi\u00eancia \u00fanica de estilo. \u201cAs combina\u00e7\u00f5es permitem que as nossas clientes visualizem como as pe\u00e7as podem ser facilmente misturadas e combinadas, oferecendo versatilidade e sofistica\u00e7\u00e3o para qualquer ocasi\u00e3o. Esse diferencial n\u00e3o s\u00f3 facilita a escolha de looks completos, mas tamb\u00e9m valoriza a praticidade da compra online, permitindo que elas sintam-se seguras e inspiradas ao montar seu guarda-roupa de forma intuitiva e sem sair de casa. Nossa taxa de recompra \u00e9 de 37% um dado altamente positivo para o segmento\u201d, explica Brenda<\/p>\n\n\n\n<p>Na \u00faltima Black Friday, em 2024, a CUFF quebrou recordes com um crescimento de 50% em rela\u00e7\u00e3o ao ano anterior. Com mais de oito mil produtos vendidos, a marca n\u00e3o s\u00f3 superou as expectativas como tamb\u00e9m ultrapassou em 37% a meta de vendas para o per\u00edodo, alcan\u00e7ando um faturamento de mais de R$ 1 milh\u00e3o apenas em um m\u00eas.<\/p>\n\n\n\n<p class=\"has-medium-font-size\">Clicks do sucesso<\/p>\n\n\n\n<p>A CUFF se consolidou como uma marca 100% digital, com um e-commerce que \u00e9 o cora\u00e7\u00e3o de suas opera\u00e7\u00f5es. A loja online, que recebe 90 mil acessos mensais, se destaca no mercado de semijoias por sua experi\u00eancia de compra personalizada e uma navega\u00e7\u00e3o intuitiva. O crescimento do com\u00e9rcio eletr\u00f4nico no Brasil tamb\u00e9m tem sido um reflexo da expans\u00e3o da CUFF Jewelry, que se beneficia do movimento de digitaliza\u00e7\u00e3o e do aumento das compras online. De acordo com a Associa\u00e7\u00e3o Brasileira de Com\u00e9rcio Eletr\u00f4nico (ABComm), as vendas totais do e-commerce brasileiro cresceram 9,7% em 2024 no comparativo com 2023, atingindo R$ 44,2 bilh\u00f5es no primeiro trimestre de 2024.<\/p>\n\n\n\n<p>\u201cUm dos nossos diferenciais \u00e9 ter um portf\u00f3lio pensado cuidadosamente para ser atemporal, com cole\u00e7\u00f5es que se combinam entre si e que permitem a recombina\u00e7\u00e3o de pe\u00e7as antigas &#8211; de outras cole\u00e7\u00f5es &#8211; com isso conseguimos disponibilizar para as nossas clientes acess\u00f3rios duradouros e vers\u00e1teis\u201d, conta Brenda.<\/p>\n\n\n\n<p>Al\u00e9m de sua qualidade, a CUFF tamb\u00e9m se destaca pela experi\u00eancia que oferece aos seus clientes. Seu atendimento \u00e9 altamente personalizado, com uma comunica\u00e7\u00e3o direta e atenciosa, adaptada \u00e0s necessidades de cada cliente. &#8220;Queremos que cada mulher que compre conosco sinta que est\u00e1 fazendo parte de algo \u00fanico. N\u00e3o estamos vendendo apenas acess\u00f3rios, estamos criando uma experi\u00eancia&#8221;, afirma a empreendedora. Esse atendimento personalizado, somado ao cuidado no desenvolvimento de suas cole\u00e7\u00f5es, faz com que a CUFF tenha um \u00edndice de satisfa\u00e7\u00e3o (NPS) de 95%.<\/p>\n\n\n\n<p class=\"has-medium-font-size\">E o futuro, o que esperar dele?<\/p>\n\n\n\n<p>Em rela\u00e7\u00e3o ao futuro, a CUFF mant\u00e9m uma estrat\u00e9gia focada no e-commerce e espera crescer 20% em 2025. A marca tamb\u00e9m se destaca por ser 100% composta por mulheres \u201cNosso time \u00e9 formado exclusivamente por mulheres porque acreditamos no empoderamento feminino, tanto na nossa opera\u00e7\u00e3o interna quanto em como tratamos nossas clientes&#8221;, finaliza Brenda Piccirillo.<\/p>\n\n\n\n<p><strong>Sobre a CUFF<br><\/strong>Fundada em 2019, a CUFF \u00e9 uma marca brasileira de semijoias reconhecida pela sofistica\u00e7\u00e3o, qualidade e design atemporal. Com uma opera\u00e7\u00e3o 100% online, a marca atende clientes em todo o Brasil e se destaca por seu compromisso com a excel\u00eancia e a inova\u00e7\u00e3o no mercado de acess\u00f3rios femininos. Para mais informa\u00e7\u00f5es, visite: <a href=\"http:\/\/www.cuff.com.br\">www.cuff.com.br<\/a>.<\/p>\n\n\n\n<p><\/p>\n","protected":false},"excerpt":{"rendered":"<p>A CUFF atingiu mais de 100 mil pe\u00e7as vendidas em 2024, consolidando sua posi\u00e7\u00e3o no mercado de semijoias com uma equipe 100% feminina Quem nunca sonhou em abrir seu pr\u00f3prio neg\u00f3cio, ser dona da sua marca e conquistar seu espa\u00e7o no mercado? Esse \u00e9 o desejo de muitas mulheres empreendedoras que, assim como Brenda Piccirillo, [&hellip;]<\/p>\n","protected":false},"author":1,"featured_media":4201,"comment_status":"open","ping_status":"open","sticky":false,"template":"","format":"standard","meta":{"footnotes":""},"categories":[29,324],"tags":[],"class_list":["post-4200","post","type-post","status-publish","format-standard","has-post-thumbnail","hentry","category-artigos","category-negocios"],"_links":{"self":[{"href":"https:\/\/diarioparanaense.com\/index.php?rest_route=\/wp\/v2\/posts\/4200","targetHints":{"allow":["GET"]}}],"collection":[{"href":"https:\/\/diarioparanaense.com\/index.php?rest_route=\/wp\/v2\/posts"}],"about":[{"href":"https:\/\/diarioparanaense.com\/index.php?rest_route=\/wp\/v2\/types\/post"}],"author":[{"embeddable":true,"href":"https:\/\/diarioparanaense.com\/index.php?rest_route=\/wp\/v2\/users\/1"}],"replies":[{"embeddable":true,"href":"https:\/\/diarioparanaense.com\/index.php?rest_route=%2Fwp%2Fv2%2Fcomments&post=4200"}],"version-history":[{"count":1,"href":"https:\/\/diarioparanaense.com\/index.php?rest_route=\/wp\/v2\/posts\/4200\/revisions"}],"predecessor-version":[{"id":4202,"href":"https:\/\/diarioparanaense.com\/index.php?rest_route=\/wp\/v2\/posts\/4200\/revisions\/4202"}],"wp:featuredmedia":[{"embeddable":true,"href":"https:\/\/diarioparanaense.com\/index.php?rest_route=\/wp\/v2\/media\/4201"}],"wp:attachment":[{"href":"https:\/\/diarioparanaense.com\/index.php?rest_route=%2Fwp%2Fv2%2Fmedia&parent=4200"}],"wp:term":[{"taxonomy":"category","embeddable":true,"href":"https:\/\/diarioparanaense.com\/index.php?rest_route=%2Fwp%2Fv2%2Fcategories&post=4200"},{"taxonomy":"post_tag","embeddable":true,"href":"https:\/\/diarioparanaense.com\/index.php?rest_route=%2Fwp%2Fv2%2Ftags&post=4200"}],"curies":[{"name":"wp","href":"https:\/\/api.w.org\/{rel}","templated":true}]}}