{"id":4199,"date":"2025-03-31T14:02:31","date_gmt":"2025-03-31T17:02:31","guid":{"rendered":"https:\/\/diarioparanaense.com\/?p=4199"},"modified":"2025-03-31T14:02:31","modified_gmt":"2025-03-31T17:02:31","slug":"projeto-legado-2025-recebe-inscricoes-de-iniciativas-socioambientais-de-curitiba-e-regiao-metropolitana","status":"publish","type":"post","link":"https:\/\/diarioparanaense.com\/?p=4199","title":{"rendered":"Projeto Legado 2025 recebe inscri\u00e7\u00f5es de iniciativas socioambientais de Curitiba e Regi\u00e3o Metropolitana"},"content":{"rendered":"\n<p class=\"has-medium-font-size\">Programa de acelera\u00e7\u00e3o oferece mentorias e capacita\u00e7\u00f5es presenciais em Curitiba; selecionados poder\u00e3o concorrer a investimento de at\u00e9 R$ 10 mil<\/p>\n\n\n\n<p>O Instituto Legado de Empreendedorismo Social recebe at\u00e9 02 de abril as inscri\u00e7\u00f5es para o Projeto Legado 2025, um dos principais programas de acelera\u00e7\u00e3o do pa\u00eds voltados para iniciativas de impacto social e ambiental. O processo de capacita\u00e7\u00e3o \u00e9 gratuito e inclui mentorias, desafios estrat\u00e9gicos e a possibilidade de receber um investimento de at\u00e9 R$ 10 mil ao final do ciclo.<\/p>\n\n\n\n<p>Com mais de uma d\u00e9cada de atua\u00e7\u00e3o, o Projeto Legado j\u00e1 apoiou centenas de projetos em \u00e1reas como educa\u00e7\u00e3o, meio ambiente, inclus\u00e3o econ\u00f4mica e diversidade. Neste ano, at\u00e9 20 iniciativas ser\u00e3o selecionadas para um ciclo de imers\u00e3o que acontecer\u00e1 entre maio e outubro, no formato presencial em Curitiba (PR). Para James Marins, presidente do Instituto Legado, o apoio ao fortalecimento das organiza\u00e7\u00f5es sociais \u00e9 essencial para que consigam atuar de maneira cada vez mais estrat\u00e9gica e sustent\u00e1vel.<\/p>\n\n\n\n<p>\u201cAcreditamos que fortalecer quem j\u00e1 est\u00e1 promovendo transforma\u00e7\u00f5es na sociedade \u00e9 a forma mais eficiente de ampliar o impacto social e ambiental. O Projeto Legado nasceu para apoiar essas organiza\u00e7\u00f5es, proporcionando conhecimento, conex\u00f5es e oportunidades concretas para que cres\u00e7am e se tornem ainda mais relevantes em suas \u00e1reas de atua\u00e7\u00e3o\u201d, afirma Marins.<\/p>\n\n\n\n<p>As capacita\u00e7\u00f5es oferecidas no programa incluem temas fundamentais para a gest\u00e3o de organiza\u00e7\u00f5es do setor social, como planejamento estrat\u00e9gico, capta\u00e7\u00e3o de recursos, inova\u00e7\u00e3o, advocacy, avalia\u00e7\u00e3o de impacto e comunica\u00e7\u00e3o para causas. Al\u00e9m disso, os participantes ter\u00e3o a oportunidade de se conectar a uma rede de empreendedores sociais e potenciais investidores, fortalecendo suas iniciativas e abrindo novas possibilidades de expans\u00e3o.<\/p>\n\n\n\n<p>\u201cO grande diferencial do Projeto Legado \u00e9 proporcionar um ambiente de troca e aprendizado cont\u00ednuo. Mais do que um programa de capacita\u00e7\u00e3o, \u00e9 uma rede de apoio e incentivo para organiza\u00e7\u00f5es que querem ampliar seu impacto de forma estruturada e sustent\u00e1vel\u201d, acrescenta Marins.<\/p>\n\n\n\n<p class=\"has-medium-font-size\">Quem pode se inscrever<\/p>\n\n\n\n<p>O Projeto Legado \u00e9 voltado para projetos sociais, organiza\u00e7\u00f5es da sociedade civil e neg\u00f3cios sociais que j\u00e1 estejam em opera\u00e7\u00e3o h\u00e1 pelo menos um ano e que tenham ao menos um integrante dispon\u00edvel para comparecer presencialmente \u00e0s atividades em Curitiba. As iniciativas inscritas devem atuar em frentes alinhadas aos Objetivos de Desenvolvimento Sustent\u00e1vel (ODS), como assist\u00eancia social, educa\u00e7\u00e3o, meio ambiente, diversidade e inclus\u00e3o, consumo consciente, fomento \u00e0 participa\u00e7\u00e3o cidad\u00e3 e inova\u00e7\u00e3o social.<\/p>\n\n\n\n<p class=\"has-medium-font-size\">Processo seletivo e crit\u00e9rios de avalia\u00e7\u00e3o<\/p>\n\n\n\n<p>A sele\u00e7\u00e3o das iniciativas ser\u00e1 realizada com base na metodologia DNA do Empreendedor Social, desenvolvida pelo Instituto Legado, que avalia dimens\u00f5es como \u00e9tica (clareza no prop\u00f3sito e compromisso social ou ambiental), tecnologia (inova\u00e7\u00e3o e metodologia utilizada para gerar impacto) e psicologia (perfil do empreendedor social, incluindo resili\u00eancia e capacidade de mobiliza\u00e7\u00e3o).<\/p>\n\n\n\n<p>O edital completo est\u00e1 dispon\u00edvel em institutolegado.org\/aceleracao\/projeto-legado. O processo de inscri\u00e7\u00e3o ser\u00e1 feito pela plataforma Panic Lobster, onde os candidatos dever\u00e3o preencher um formul\u00e1rio detalhado e enviar um pitch em v\u00eddeo de at\u00e9 dois minutos, apresentando sua iniciativa. O resultado da sele\u00e7\u00e3o est\u00e1 previsto para dia 15 de abril no site do Instituto Legado Para d\u00favidas e informa\u00e7\u00f5es adicionais, entre em contato pelo e-mail projetolegado@institutolegado.org.<\/p>\n\n\n\n<p class=\"has-medium-font-size\">Sobre o Instituto Legado<\/p>\n\n\n\n<p>O Instituto Legado de Empreendedorismo Social foi criado para impulsionar o Movimento Transformador Massivo por meio do Empreendedorismo Social. Por Movimento Transformador Massivo, entende-se o movimento de transforma\u00e7\u00e3o da Liberdade, das Novas Economias, dos Empreendedores Sociais e da Consci\u00eancia da Humanidade. Oferece educa\u00e7\u00e3o formal, programas de acelera\u00e7\u00e3o e oportunidades estrat\u00e9gicas para fortalecer, desenvolver e conectar agentes de transforma\u00e7\u00e3o com atua\u00e7\u00e3o socioambiental. Saiba mais em  institutolegado.org<a href=\"http:\/\/www. institutolegado.org\">http:\/\/www. institutolegado.org<\/a><\/p>\n","protected":false},"excerpt":{"rendered":"<p>Programa de acelera\u00e7\u00e3o oferece mentorias e capacita\u00e7\u00f5es presenciais em Curitiba; selecionados poder\u00e3o concorrer a investimento de at\u00e9 R$ 10 mil O Instituto Legado de Empreendedorismo Social recebe at\u00e9 02 de abril as inscri\u00e7\u00f5es para o Projeto Legado 2025, um dos principais programas de acelera\u00e7\u00e3o do pa\u00eds voltados para iniciativas de impacto social e ambiental. O [&hellip;]<\/p>\n","protected":false},"author":1,"featured_media":4203,"comment_status":"open","ping_status":"open","sticky":false,"template":"","format":"standard","meta":{"footnotes":""},"categories":[29],"tags":[],"class_list":["post-4199","post","type-post","status-publish","format-standard","has-post-thumbnail","hentry","category-artigos"],"_links":{"self":[{"href":"https:\/\/diarioparanaense.com\/index.php?rest_route=\/wp\/v2\/posts\/4199","targetHints":{"allow":["GET"]}}],"collection":[{"href":"https:\/\/diarioparanaense.com\/index.php?rest_route=\/wp\/v2\/posts"}],"about":[{"href":"https:\/\/diarioparanaense.com\/index.php?rest_route=\/wp\/v2\/types\/post"}],"author":[{"embeddable":true,"href":"https:\/\/diarioparanaense.com\/index.php?rest_route=\/wp\/v2\/users\/1"}],"replies":[{"embeddable":true,"href":"https:\/\/diarioparanaense.com\/index.php?rest_route=%2Fwp%2Fv2%2Fcomments&post=4199"}],"version-history":[{"count":1,"href":"https:\/\/diarioparanaense.com\/index.php?rest_route=\/wp\/v2\/posts\/4199\/revisions"}],"predecessor-version":[{"id":4204,"href":"https:\/\/diarioparanaense.com\/index.php?rest_route=\/wp\/v2\/posts\/4199\/revisions\/4204"}],"wp:featuredmedia":[{"embeddable":true,"href":"https:\/\/diarioparanaense.com\/index.php?rest_route=\/wp\/v2\/media\/4203"}],"wp:attachment":[{"href":"https:\/\/diarioparanaense.com\/index.php?rest_route=%2Fwp%2Fv2%2Fmedia&parent=4199"}],"wp:term":[{"taxonomy":"category","embeddable":true,"href":"https:\/\/diarioparanaense.com\/index.php?rest_route=%2Fwp%2Fv2%2Fcategories&post=4199"},{"taxonomy":"post_tag","embeddable":true,"href":"https:\/\/diarioparanaense.com\/index.php?rest_route=%2Fwp%2Fv2%2Ftags&post=4199"}],"curies":[{"name":"wp","href":"https:\/\/api.w.org\/{rel}","templated":true}]}}