{"id":4193,"date":"2025-03-25T15:32:51","date_gmt":"2025-03-25T18:32:51","guid":{"rendered":"https:\/\/diarioparanaense.com\/?p=4193"},"modified":"2025-03-25T15:32:52","modified_gmt":"2025-03-25T18:32:52","slug":"ademar-batista-pereira-recebe-titulo-de-cidadao-honorario-do-parana","status":"publish","type":"post","link":"https:\/\/diarioparanaense.com\/?p=4193","title":{"rendered":"Ademar Batista Pereira recebe t\u00edtulo de Cidad\u00e3o Honor\u00e1rio do Paran\u00e1"},"content":{"rendered":"\n<p class=\"has-medium-font-size\">Fundador da Escola Atua\u00e7\u00e3o, do Espa\u00e7o Torres e, mais recentemente, do Instituto Destino Brasil, foi homenageado por sua contribui\u00e7\u00e3o \u00e0 educa\u00e7\u00e3o e ao empreendedorismo no estado<\/p>\n\n\n\n<p>O empres\u00e1rio Ademar Batista Pereira recebeu o t\u00edtulo de Cidad\u00e3o Honor\u00e1rio do Paran\u00e1 em solenidade realizada na segunda-feira (24), na Assembleia Legislativa do Paran\u00e1. A honraria, concedida por iniciativa da deputada M\u00e1rcia Hu\u00e7ulak (PSD), reconhece sua trajet\u00f3ria e impacto nas \u00e1reas de educa\u00e7\u00e3o, empreendedorismo e sustentabilidade.<\/p>\n\n\n\n<p>&#8220;Sempre me dediquei a transformar a educa\u00e7\u00e3o e incentivar o desenvolvimento de novas oportunidades para as pessoas. Receber esse t\u00edtulo refor\u00e7a que estamos no caminho certo&#8221;, declarou Pereira.<\/p>\n\n\n\n<p>Com uma carreira marcada pelo compromisso com a inova\u00e7\u00e3o educacional, Pereira tem uma longa trajet\u00f3ria no Paran\u00e1, estado onde construiu sua vida e contribuiu significativamente para o setor. Al\u00e9m de fundar a Escola Atua\u00e7\u00e3o e o Espa\u00e7o Torres, ele criou recentemente o Instituto Destino Brasil, voltado para pr\u00e1ticas sustent\u00e1veis e desenvolvimento social. \u201cAcredito que nosso maior legado \u00e9 inspirar as pr\u00f3ximas gera\u00e7\u00f5es a buscarem conhecimento e impacto positivo na sociedade\u201d, afirmou.<\/p>\n\n\n\n<p>A cerim\u00f4nia contou com a presen\u00e7a de autoridades como o presidente da C\u00e2mara Municipal de Curitiba, Tico Kuzma, o ex-secret\u00e1rio de Educa\u00e7\u00e3o de Curitiba e do Paran\u00e1, Paulo Schmidt, e o presidente do Sindicato das Escolas Particulares (Sinepe\/PR), Haroldo Andriguetto J\u00fanior, al\u00e9m de amigos e familiares.<\/p>\n\n\n\n<p>Para Pereira, a homenagem representa mais do que um reconhecimento pessoal: \u201cEste momento simboliza o esfor\u00e7o coletivo de tantos profissionais que, junto comigo, ajudaram a construir essa hist\u00f3ria. O Paran\u00e1 sempre foi minha casa, e essa honraria refor\u00e7a o v\u00ednculo que tenho com&nbsp;este&nbsp;estado.\u201d<\/p>\n","protected":false},"excerpt":{"rendered":"<p>Fundador da Escola Atua\u00e7\u00e3o, do Espa\u00e7o Torres e, mais recentemente, do Instituto Destino Brasil, foi homenageado por sua contribui\u00e7\u00e3o \u00e0 educa\u00e7\u00e3o e ao empreendedorismo no estado O empres\u00e1rio Ademar Batista Pereira recebeu o t\u00edtulo de Cidad\u00e3o Honor\u00e1rio do Paran\u00e1 em solenidade realizada na segunda-feira (24), na Assembleia Legislativa do Paran\u00e1. A honraria, concedida por iniciativa [&hellip;]<\/p>\n","protected":false},"author":1,"featured_media":4194,"comment_status":"open","ping_status":"open","sticky":false,"template":"","format":"standard","meta":{"footnotes":""},"categories":[430],"tags":[],"class_list":["post-4193","post","type-post","status-publish","format-standard","has-post-thumbnail","hentry","category-sociedade"],"_links":{"self":[{"href":"https:\/\/diarioparanaense.com\/index.php?rest_route=\/wp\/v2\/posts\/4193","targetHints":{"allow":["GET"]}}],"collection":[{"href":"https:\/\/diarioparanaense.com\/index.php?rest_route=\/wp\/v2\/posts"}],"about":[{"href":"https:\/\/diarioparanaense.com\/index.php?rest_route=\/wp\/v2\/types\/post"}],"author":[{"embeddable":true,"href":"https:\/\/diarioparanaense.com\/index.php?rest_route=\/wp\/v2\/users\/1"}],"replies":[{"embeddable":true,"href":"https:\/\/diarioparanaense.com\/index.php?rest_route=%2Fwp%2Fv2%2Fcomments&post=4193"}],"version-history":[{"count":1,"href":"https:\/\/diarioparanaense.com\/index.php?rest_route=\/wp\/v2\/posts\/4193\/revisions"}],"predecessor-version":[{"id":4195,"href":"https:\/\/diarioparanaense.com\/index.php?rest_route=\/wp\/v2\/posts\/4193\/revisions\/4195"}],"wp:featuredmedia":[{"embeddable":true,"href":"https:\/\/diarioparanaense.com\/index.php?rest_route=\/wp\/v2\/media\/4194"}],"wp:attachment":[{"href":"https:\/\/diarioparanaense.com\/index.php?rest_route=%2Fwp%2Fv2%2Fmedia&parent=4193"}],"wp:term":[{"taxonomy":"category","embeddable":true,"href":"https:\/\/diarioparanaense.com\/index.php?rest_route=%2Fwp%2Fv2%2Fcategories&post=4193"},{"taxonomy":"post_tag","embeddable":true,"href":"https:\/\/diarioparanaense.com\/index.php?rest_route=%2Fwp%2Fv2%2Ftags&post=4193"}],"curies":[{"name":"wp","href":"https:\/\/api.w.org\/{rel}","templated":true}]}}