{"id":4186,"date":"2025-03-21T14:43:06","date_gmt":"2025-03-21T17:43:06","guid":{"rendered":"https:\/\/diarioparanaense.com\/?p=4186"},"modified":"2025-03-21T14:53:01","modified_gmt":"2025-03-21T17:53:01","slug":"manaca-da-serra-lanca-o-ep-jangada","status":"publish","type":"post","link":"https:\/\/diarioparanaense.com\/?p=4186","title":{"rendered":"Manac\u00e1 da Serra lan\u00e7a o EP \u2018Jangada\u2019"},"content":{"rendered":"\n<p><strong>Som do forr\u00f3 se destaca na musicalidade do grupo<\/strong><\/p>\n\n\n\n<p><strong>Ou\u00e7a aqui \u201cJangada\u201d:<\/strong><\/p>\n\n\n\n<p><a href=\"https:\/\/ada.lnk.to\/Jangada!share\">https:\/\/ada.lnk.to\/Jangada!share<\/a><\/p>\n\n\n\n<p>Manac\u00e1 da Serra \u00e9 formado por B\u00e1rbara Barcellos, Theo Lustosa e Dil Brasil. B\u00e1rbara tem longa hist\u00f3ria na m\u00fasica, fez a turn\u00ea &#8220;Semente da Terra&#8221; por 2 anos com Milton Nascimento, al\u00e9m de trabalhar e gravar com grandes nomes do Clube da Esquina, como Tavinho Moura, Murilo Antunes e Toninho Horta, entre tantos outros. Theo Lustosa tem sua trajet\u00f3ria no forr\u00f3, com destaque para o lan\u00e7amento recente do \u00e1lbum &#8220;Serranias&#8221;, com participa\u00e7\u00f5es do mestre Dominguinhos e Zeca Baleiro, al\u00e9m de outros artistas. Dil Brasil \u00e9 natural de Dunas de Ita\u00fanas, para\u00edso natural dos apaixonados pelo forr\u00f3 p\u00e9 de serra, e tamb\u00e9m tem longa hist\u00f3ria na zabumba e no forr\u00f3.<\/p>\n\n\n\n<p>Manac\u00e1 da Serra \u00e9 o resultado da musicalidade do trio, suas experi\u00eancias, influ\u00eancias e composi\u00e7\u00f5es ao longo dos anos. \u00c9 esta mistura de culturas, do forr\u00f3 da Serra do Araripe com as Serras das Minas Gerais, do Nordeste com o Sudeste, bem simbolizada cultural e geograficamente por Dunas de Ita\u00fanas, que fica exatamente na divisa entre o nordeste e o sudeste do pa\u00eds.<\/p>\n\n\n\n<p>Manac\u00e1 da Serra \u00e9 uma \u00e1rvore genuinamente brasileira, que representa nossa terra, assim como a musicalidade do trio e assim como o forr\u00f3, todos genuinamente brasileiros.<\/p>\n\n\n\n<p>Manac\u00e1 da Serra lan\u00e7ou ao longo de 2021 e 2022 sete singles, entre autorais e releituras de cl\u00e1ssicos da MPB, apresentados em vers\u00f5es que remetem ao forr\u00f3 e ritmos regionais.<\/p>\n\n\n\n<p>Em 2023, Manac\u00e1 da Serra lan\u00e7a o \u00e1lbum TRIO, refor\u00e7ando a tradicional forma\u00e7\u00e3o do forr\u00f3 p\u00e9 de serra, zabumba, sanfona e tri\u00e2ngulo. O trio apresenta neste trabalho diversas possibilidades de explora\u00e7\u00e3o desta forma\u00e7\u00e3o, com interpreta\u00e7\u00f5es que evidenciam a caracter\u00edstica fundamental do Manac\u00e1 da Serra, que \u00e9 a mistura de culturas e refer\u00eancias, de ritmos do nordeste e ritmos regionais com a m\u00fasica de Minas Gerais. A grava\u00e7\u00e3o \u00e9 toda ao vivo em est\u00fadio, com takes \u00fanicos e capta\u00e7\u00e3o simult\u00e2nea, registradas tamb\u00e9m em v\u00eddeo. O repert\u00f3rio traz boa parte das m\u00fasicas que s\u00e3o apresentadas nos shows ao vivo do trio, com cl\u00e1ssicos do forr\u00f3, vers\u00f5es da MPB tocadas em forr\u00f3 e composi\u00e7\u00f5es autorais, j\u00e1 bem conhecidas do p\u00fablico que frequenta e acompanha o circuito do forr\u00f3 p\u00e9 de serra. TRIO \u00e9 isso; para ouvir, assistir, cantar, dan\u00e7ar ou simplesmente contemplar este trabalho feito com muito carinho pelo Manac\u00e1 da Serra.<\/p>\n\n\n\n<p>Manac\u00e1 da Serra lan\u00e7a o EP Jangada com 5 faixas in\u00e9ditas. O EP tem a participa\u00e7\u00e3o de Toninho Horta na faixa \u201cBai\u00e3o Pro Toninho\u201d e participa\u00e7\u00e3o de Karenn Fontes na faixa \u201cBalan\u00e7o da Jangada\u201d. O lan\u00e7amento do EP j\u00e1 est\u00e1 nas plataformas digitais de m\u00fasica.<\/p>\n\n\n\n<p class=\"has-medium-font-size\">JANGADA<\/p>\n\n\n\n<p>&#8220;Jangada&#8221; tem seu nome extra\u00eddo da primeira de 5 faixas que comp\u00f5em o EP, gravado ao vivo em Belo Horizonte, cidade de origem do Manac\u00e1 da Serra, no est\u00fadio Stereoutono, com produ\u00e7\u00e3o de Theo Lustosa. S\u00e3o 5 faixas in\u00e9ditas e autorais, sendo elas:<\/p>\n\n\n\n<p>Balan\u00e7o da Jangada (Theo Lustosa \/ Tulio Lustosa \/ Elisa Pires) &#8211; faixa que d\u00e1 nome ao EP. Esta can\u00e7\u00e3o tem Karenn Fontes como convidada especial que divide o canto com B\u00e1rbara. Karenn \u00e9 de Sergipe, radicada em BH, com presen\u00e7a frequente no circuito de forr\u00f3 p\u00e9 de serra.<\/p>\n\n\n\n<p>At\u00e9 Deu Sol (Theo Lustosa \/ B\u00e1rbara Barcellos) &#8211; este \u00e9 um &#8220;forrozinho&#8221; bem ao estilo do Manac\u00e1 da Serra, um belo convite para uma dan\u00e7a aconchegada ou simplesmente para ouvir despretensiosamente curtindo o momento. Suave como a chuva que at\u00e9 choveu ou radiante como o sol que at\u00e9 apareceu para iluminar o dia.<\/p>\n\n\n\n<p>Coisa de Maria, Coisa de Jos\u00e9 (Theo Lustosa \/ Paulinho Motta) &#8211; esta faixa evidencia a conex\u00e3o entre Minas e o Nordeste que o Manac\u00e1 da Serra prop\u00f5e em seu trabalho. Para celebrar esta intera\u00e7\u00e3o, a faixa conta com uma participa\u00e7\u00e3o super especial do pernambucano Renato Bandeira em uma viola inspirada, com a alma do Nordeste.<\/p>\n\n\n\n<p>Bai\u00e3o Pro Toninho (B\u00e1rbara Barcellos \/ Petr\u00f4nio de Souza) &#8211; B\u00e1rbara tem longa hist\u00f3ria com o movimento do Clube da Esquina, fez parte da turn\u00ea &#8220;Semente da Terra&#8221; com Milton Nascimento e diversos outros trabalhos com nomes do Clube, inclusive Toninho Horta, grande refer\u00eancia para ela, influ\u00eancia que rendeu esta composi\u00e7\u00e3o em homenagem a Toninho. E nada melhor que uma participa\u00e7\u00e3o do homenageado na can\u00e7\u00e3o: Toninho Horta \u00e9 o convidado especial desta faixa,<\/p>\n\n\n\n<p class=\"has-medium-font-size\">Bai\u00e3o Pro Toninho.<\/p>\n\n\n\n<p>Risco do Avi\u00e3o (Theo Lustosa \/ Paulinho Motta) &#8211; faixa que fecha este EP preparado com muito carinho. A &#8220;Jangada&#8221; vai partindo, com um sentimento gostoso, esperan\u00e7oso de que este trabalho toque de alguma forma o ouvinte, seja ela qual for. O Manac\u00e1 da Serra agradece.&nbsp;<\/p>\n\n\n\n<p class=\"has-medium-font-size\">Manac\u00e1 da Serra:<\/p>\n\n\n\n<p>Youtube:&nbsp;<a href=\"https:\/\/www.youtube.com\/@manacadaserraforro\" target=\"_blank\" rel=\"noreferrer noopener\">https:\/\/www.youtube.com\/@manacadaserraforro<\/a><\/p>\n\n\n\n<p>Instagram:&nbsp;<a href=\"https:\/\/www.instagram.com\/manacadaserraforro\" target=\"_blank\" rel=\"noreferrer noopener\">https:\/\/www.instagram.com\/manacadaserraforro<\/a><\/p>\n","protected":false},"excerpt":{"rendered":"<p>Som do forr\u00f3 se destaca na musicalidade do grupo Ou\u00e7a aqui \u201cJangada\u201d: https:\/\/ada.lnk.to\/Jangada!share Manac\u00e1 da Serra \u00e9 formado por B\u00e1rbara Barcellos, Theo Lustosa e Dil Brasil. B\u00e1rbara tem longa hist\u00f3ria na m\u00fasica, fez a turn\u00ea &#8220;Semente da Terra&#8221; por 2 anos com Milton Nascimento, al\u00e9m de trabalhar e gravar com grandes nomes do Clube da [&hellip;]<\/p>\n","protected":false},"author":1,"featured_media":4187,"comment_status":"open","ping_status":"open","sticky":false,"template":"","format":"standard","meta":{"footnotes":""},"categories":[27],"tags":[],"class_list":["post-4186","post","type-post","status-publish","format-standard","has-post-thumbnail","hentry","category-musica"],"_links":{"self":[{"href":"https:\/\/diarioparanaense.com\/index.php?rest_route=\/wp\/v2\/posts\/4186","targetHints":{"allow":["GET"]}}],"collection":[{"href":"https:\/\/diarioparanaense.com\/index.php?rest_route=\/wp\/v2\/posts"}],"about":[{"href":"https:\/\/diarioparanaense.com\/index.php?rest_route=\/wp\/v2\/types\/post"}],"author":[{"embeddable":true,"href":"https:\/\/diarioparanaense.com\/index.php?rest_route=\/wp\/v2\/users\/1"}],"replies":[{"embeddable":true,"href":"https:\/\/diarioparanaense.com\/index.php?rest_route=%2Fwp%2Fv2%2Fcomments&post=4186"}],"version-history":[{"count":1,"href":"https:\/\/diarioparanaense.com\/index.php?rest_route=\/wp\/v2\/posts\/4186\/revisions"}],"predecessor-version":[{"id":4188,"href":"https:\/\/diarioparanaense.com\/index.php?rest_route=\/wp\/v2\/posts\/4186\/revisions\/4188"}],"wp:featuredmedia":[{"embeddable":true,"href":"https:\/\/diarioparanaense.com\/index.php?rest_route=\/wp\/v2\/media\/4187"}],"wp:attachment":[{"href":"https:\/\/diarioparanaense.com\/index.php?rest_route=%2Fwp%2Fv2%2Fmedia&parent=4186"}],"wp:term":[{"taxonomy":"category","embeddable":true,"href":"https:\/\/diarioparanaense.com\/index.php?rest_route=%2Fwp%2Fv2%2Fcategories&post=4186"},{"taxonomy":"post_tag","embeddable":true,"href":"https:\/\/diarioparanaense.com\/index.php?rest_route=%2Fwp%2Fv2%2Ftags&post=4186"}],"curies":[{"name":"wp","href":"https:\/\/api.w.org\/{rel}","templated":true}]}}