{"id":4171,"date":"2025-03-19T13:31:23","date_gmt":"2025-03-19T16:31:23","guid":{"rendered":"https:\/\/diarioparanaense.com\/?p=4171"},"modified":"2025-03-19T13:31:23","modified_gmt":"2025-03-19T16:31:23","slug":"empresa-multinacional-americana-em-curitiba-lanca-programa-de-estagio-e-abre-oportunidades","status":"publish","type":"post","link":"https:\/\/diarioparanaense.com\/?p=4171","title":{"rendered":"Empresa multinacional americana em Curitiba lan\u00e7a Programa de Est\u00e1gio e abre oportunidades"},"content":{"rendered":"\n<p class=\"has-medium-font-size\">O Programa de Est\u00e1gio da Oregon Tool contempla nove \u00e1reas diversas para atua\u00e7\u00e3o<\/p>\n\n\n\n<p>A Oregon Tool &#8211; l\u00edder mundial na produ\u00e7\u00e3o de correntes de corte e barras para motosserras &#8211; est\u00e1 com processo seletivo para contrata\u00e7\u00e3o de estagi\u00e1rios para cursos de engenharias el\u00e9trica, mec\u00e2nica, qu\u00edmica e de produ\u00e7\u00e3o, al\u00e9m de TI, marketing, recursos humanos, financeiro e supply chain (compras) a partir do 3\u00ba per\u00edodo da gradua\u00e7\u00e3o.<\/p>\n\n\n\n<p>Os interessados podem se inscrever at\u00e9 o dia 21\/03 pelo portal do Instituto Euvaldo Lodi &#8211; IEL Paran\u00e1, respons\u00e1vel pela triagem dos candidatos.<\/p>\n\n\n\n<p>Os contratados v\u00e3o estagiar na \u00fanica fabricante de correntes e barras para motosserras do hemisf\u00e9rio sul. A marca tem a proje\u00e7\u00e3o de crescimento para 2025 em todo o territ\u00f3rio nacional e em alguns pa\u00edses da Am\u00e9rica Latina (Peru, Equador e Uruguai). Al\u00e9m de contar com lan\u00e7amento de novos produtos este ano.<\/p>\n\n\n\n<p>O estagi\u00e1rio ter\u00e1 m\u00faltiplos benef\u00edcios como: bolsa aux\u00edlio de R$ 1.400 no primeiro ano do programa, assist\u00eancia m\u00e9dica, odontol\u00f3gica, alimenta\u00e7\u00e3o no local, transporte fretado e Total Pass. O local de trabalho ser\u00e1 na f\u00e1brica da Oregon Tool, situada na Rua Emilio Romani, 1630 no bairro CIC.<\/p>\n\n\n\n<p>Link para inscri\u00e7\u00e3o: <a href=\"https:\/\/talento.ielpr.com.br\/vaga\/estagio-gestao-rs-personalizado\/5371\/programa-estagio-oregon-tool\">https:\/\/talento.ielpr.com.br\/vaga\/estagio-gestao-rs-personalizado\/5371\/programa-estagio-oregon-tool<\/a><\/p>\n\n\n\n<p class=\"has-medium-font-size\">Sobre a Oregon Tool:<\/p>\n\n\n\n<p>L\u00edder mundial na produ\u00e7\u00e3o de correntes de corte e barras para motosserras, a Oregon Tool est\u00e1 presente no Brasil desde o final da d\u00e9cada de 1970 com uma de suas f\u00e1bricas localizada em Curitiba (PR). Com sede em Portland, Oregon, EUA, e uma presen\u00e7a multinacional de fabrica\u00e7\u00e3o e distribui\u00e7\u00e3o, a Oregon Tool vende seus produtos em mais de 110 pa\u00edses sob as marcas Oregon\u00ae, Woods\u00ae, ICS\u00ae, Pentruder\u00ae, Merit\u00ae e Carlton\u00ae.<\/p>\n\n\n\n<p>A empresa \u00e9 a l\u00edder global em correntes de corte, barras para motosserras, correntes diamantadas para corte de concreto e tubos de a\u00e7o, tamb\u00e9m \u00e9 especialista em implementos agr\u00edcolas e fornecedora de pe\u00e7as e equipamentos originais e de reposi\u00e7\u00e3o para OEM. Saiba mais em <a href=\"http:\/\/www.oregontool.com\">www.oregontool.com<\/a>.<\/p>\n","protected":false},"excerpt":{"rendered":"<p>O Programa de Est\u00e1gio da Oregon Tool contempla nove \u00e1reas diversas para atua\u00e7\u00e3o A Oregon Tool &#8211; l\u00edder mundial na produ\u00e7\u00e3o de correntes de corte e barras para motosserras &#8211; est\u00e1 com processo seletivo para contrata\u00e7\u00e3o de estagi\u00e1rios para cursos de engenharias el\u00e9trica, mec\u00e2nica, qu\u00edmica e de produ\u00e7\u00e3o, al\u00e9m de TI, marketing, recursos humanos, financeiro [&hellip;]<\/p>\n","protected":false},"author":1,"featured_media":4172,"comment_status":"open","ping_status":"open","sticky":false,"template":"","format":"standard","meta":{"footnotes":""},"categories":[324],"tags":[],"class_list":["post-4171","post","type-post","status-publish","format-standard","has-post-thumbnail","hentry","category-negocios"],"_links":{"self":[{"href":"https:\/\/diarioparanaense.com\/index.php?rest_route=\/wp\/v2\/posts\/4171","targetHints":{"allow":["GET"]}}],"collection":[{"href":"https:\/\/diarioparanaense.com\/index.php?rest_route=\/wp\/v2\/posts"}],"about":[{"href":"https:\/\/diarioparanaense.com\/index.php?rest_route=\/wp\/v2\/types\/post"}],"author":[{"embeddable":true,"href":"https:\/\/diarioparanaense.com\/index.php?rest_route=\/wp\/v2\/users\/1"}],"replies":[{"embeddable":true,"href":"https:\/\/diarioparanaense.com\/index.php?rest_route=%2Fwp%2Fv2%2Fcomments&post=4171"}],"version-history":[{"count":1,"href":"https:\/\/diarioparanaense.com\/index.php?rest_route=\/wp\/v2\/posts\/4171\/revisions"}],"predecessor-version":[{"id":4173,"href":"https:\/\/diarioparanaense.com\/index.php?rest_route=\/wp\/v2\/posts\/4171\/revisions\/4173"}],"wp:featuredmedia":[{"embeddable":true,"href":"https:\/\/diarioparanaense.com\/index.php?rest_route=\/wp\/v2\/media\/4172"}],"wp:attachment":[{"href":"https:\/\/diarioparanaense.com\/index.php?rest_route=%2Fwp%2Fv2%2Fmedia&parent=4171"}],"wp:term":[{"taxonomy":"category","embeddable":true,"href":"https:\/\/diarioparanaense.com\/index.php?rest_route=%2Fwp%2Fv2%2Fcategories&post=4171"},{"taxonomy":"post_tag","embeddable":true,"href":"https:\/\/diarioparanaense.com\/index.php?rest_route=%2Fwp%2Fv2%2Ftags&post=4171"}],"curies":[{"name":"wp","href":"https:\/\/api.w.org\/{rel}","templated":true}]}}