{"id":4164,"date":"2025-03-18T16:00:48","date_gmt":"2025-03-18T19:00:48","guid":{"rendered":"https:\/\/diarioparanaense.com\/?p=4164"},"modified":"2025-03-18T16:00:49","modified_gmt":"2025-03-18T19:00:49","slug":"prevencao-que-vale-ouro","status":"publish","type":"post","link":"https:\/\/diarioparanaense.com\/?p=4164","title":{"rendered":"Preven\u00e7\u00e3o que vale ouro"},"content":{"rendered":"\n<p class=\"has-medium-font-size\">Como um contrato comercial bem elaborado pode evitar futuras dores de cabe\u00e7a<\/p>\n\n\n\n<p>No in\u00edcio da trajet\u00f3ria de muitos empreendedores, a empolga\u00e7\u00e3o diante das oportunidades faz com que detalhes fundamentais fiquem em segundo plano. Parcerias s\u00e3o firmadas no calor do momento e contratos s\u00e3o assinados \u00e0s pressas, sem a devida aten\u00e7\u00e3o aos riscos envolvidos. \u00c9 nesse cen\u00e1rio que hist\u00f3rias de sucesso podem se tornar longos imbr\u00f3glios judiciais, trazendo custos elevados e danos \u00e0 reputa\u00e7\u00e3o de todos os envolvidos.<\/p>\n\n\n\n<p>De acordo com dados do Servi\u00e7o Brasileiro de Apoio \u00e0s Micro e Pequenas Empresas (Sebrae), grande parte dos empreendimentos enfrenta obst\u00e1culos contratuais nos primeiros anos, seja na rela\u00e7\u00e3o com fornecedores, s\u00f3cios ou clientes. A advogada Luciana Gandra explica que, muitas vezes, as partes n\u00e3o estipulam claramente as obriga\u00e7\u00f5es, os prazos e as consequ\u00eancias de eventuais descumprimentos, deixando o neg\u00f3cio \u00e0 merc\u00ea de interpreta\u00e7\u00f5es subjetivas.<\/p>\n\n\n\n<p>Para ela, um contrato comercial bem estruturado protege a empresa de problemas como inadimpl\u00eancia, disputas de propriedade intelectual e falta de pagamento por servi\u00e7os prestados. \u201cUm texto claro e minucioso, realizado com acompanhamento jur\u00eddico, previne lit\u00edgios e promove um alinhamento de expectativas entre as partes\u201d, refor\u00e7a Luciana. Al\u00e9m disso, a advogada orienta que as empresas revisitem seus contratos periodicamente para adequ\u00e1-los \u00e0s constantes mudan\u00e7as do mercado.<\/p>\n\n\n\n<p>Outro aspecto crucial, segundo Luciana, \u00e9 a escolha de cl\u00e1usulas que promovam a boa conviv\u00eancia entre os parceiros de neg\u00f3cio, como a defini\u00e7\u00e3o de um m\u00e9todo de resolu\u00e7\u00e3o de conflitos (media\u00e7\u00e3o ou arbitragem) e a divis\u00e3o objetiva de responsabilidades. Com isso, a rela\u00e7\u00e3o profissional se mant\u00e9m saud\u00e1vel, garantindo o crescimento sustent\u00e1vel ao longo dos anos.<\/p>\n\n\n\n<p>Por fim, ter em m\u00e3os um contrato comercial robusto n\u00e3o \u00e9 apenas uma quest\u00e3o de formalidade, mas, sobretudo, de seguran\u00e7a jur\u00eddica. Investir tempo e recursos em sua elabora\u00e7\u00e3o pode evitar processos desgastantes e preservar o futuro da empresa \u2014 e essa li\u00e7\u00e3o vale tanto para pequenas quanto para grandes corpora\u00e7\u00f5es.<\/p>\n\n\n\n<p><strong>Servi\u00e7o: ABGA<br><\/strong>Luciana Gandra<br>Advogada da vara de fam\u00edlia<br>41996861245<br>41 35038768<br>@abga.adv_<br>Luciana@abga.adv.br<br>contato@abga.adv.br<br><a href=\"http:\/\/www.abga.adv.br\">www.abga.adv.br<br><\/a>Rua Candido Lopes,\u00a0205,\u00a0Cj\u00a031<\/p>\n","protected":false},"excerpt":{"rendered":"<p>Como um contrato comercial bem elaborado pode evitar futuras dores de cabe\u00e7a No in\u00edcio da trajet\u00f3ria de muitos empreendedores, a empolga\u00e7\u00e3o diante das oportunidades faz com que detalhes fundamentais fiquem em segundo plano. Parcerias s\u00e3o firmadas no calor do momento e contratos s\u00e3o assinados \u00e0s pressas, sem a devida aten\u00e7\u00e3o aos riscos envolvidos. \u00c9 nesse [&hellip;]<\/p>\n","protected":false},"author":1,"featured_media":4166,"comment_status":"open","ping_status":"open","sticky":false,"template":"","format":"standard","meta":{"footnotes":""},"categories":[29],"tags":[],"class_list":["post-4164","post","type-post","status-publish","format-standard","has-post-thumbnail","hentry","category-artigos"],"_links":{"self":[{"href":"https:\/\/diarioparanaense.com\/index.php?rest_route=\/wp\/v2\/posts\/4164","targetHints":{"allow":["GET"]}}],"collection":[{"href":"https:\/\/diarioparanaense.com\/index.php?rest_route=\/wp\/v2\/posts"}],"about":[{"href":"https:\/\/diarioparanaense.com\/index.php?rest_route=\/wp\/v2\/types\/post"}],"author":[{"embeddable":true,"href":"https:\/\/diarioparanaense.com\/index.php?rest_route=\/wp\/v2\/users\/1"}],"replies":[{"embeddable":true,"href":"https:\/\/diarioparanaense.com\/index.php?rest_route=%2Fwp%2Fv2%2Fcomments&post=4164"}],"version-history":[{"count":1,"href":"https:\/\/diarioparanaense.com\/index.php?rest_route=\/wp\/v2\/posts\/4164\/revisions"}],"predecessor-version":[{"id":4167,"href":"https:\/\/diarioparanaense.com\/index.php?rest_route=\/wp\/v2\/posts\/4164\/revisions\/4167"}],"wp:featuredmedia":[{"embeddable":true,"href":"https:\/\/diarioparanaense.com\/index.php?rest_route=\/wp\/v2\/media\/4166"}],"wp:attachment":[{"href":"https:\/\/diarioparanaense.com\/index.php?rest_route=%2Fwp%2Fv2%2Fmedia&parent=4164"}],"wp:term":[{"taxonomy":"category","embeddable":true,"href":"https:\/\/diarioparanaense.com\/index.php?rest_route=%2Fwp%2Fv2%2Fcategories&post=4164"},{"taxonomy":"post_tag","embeddable":true,"href":"https:\/\/diarioparanaense.com\/index.php?rest_route=%2Fwp%2Fv2%2Ftags&post=4164"}],"curies":[{"name":"wp","href":"https:\/\/api.w.org\/{rel}","templated":true}]}}