{"id":4161,"date":"2025-03-18T15:42:08","date_gmt":"2025-03-18T18:42:08","guid":{"rendered":"https:\/\/diarioparanaense.com\/?p=4161"},"modified":"2025-03-18T15:42:09","modified_gmt":"2025-03-18T18:42:09","slug":"palestra-de-mario-sergio-cortella-e-rossandro-klinjey-marca-lancamento-de-livro-em-curitiba","status":"publish","type":"post","link":"https:\/\/diarioparanaense.com\/?p=4161","title":{"rendered":"Palestra de Mario Sergio Cortella e Rossandro Klinjey marca lan\u00e7amento de livro em Curitiba"},"content":{"rendered":"\n<p class=\"has-medium-font-size\">Maturidade emocional e autoconhecimento entram em pauta no evento que acontece no dia 3 de abril, no Teatro Positivo<\/p>\n\n\n\n<p><br>No dia 3 de abril (quinta-feira), Curitiba recebe Mario Sergio Cortella e Rossandro Klinjey para uma palestra especial, que marca o lan\u00e7amento do livro As quatro esta\u00e7\u00f5es da alma: Da ang\u00fastia \u00e0 esperan\u00e7a. O evento acontece no Teatro Positivo a partir das 20h, e presentear\u00e1 os primeiros 600 compradores da plateia inferior com um exemplar da obra.<\/p>\n\n\n\n<p>Na publica\u00e7\u00e3o do selo 7 Mares, da Papirus Editora, os autores unem a filosofia e a psicologia para falar sobre como enfrentar as dores da exist\u00eancia e transformar incertezas em oportunidades de crescimento. O livro prop\u00f5e uma jornada de autoconhecimento baseada em uma an\u00e1lise profunda acerca dos desafios e das transforma\u00e7\u00f5es da vida, comparando os momentos de dificuldade e renova\u00e7\u00e3o \u00e0s esta\u00e7\u00f5es do ano.<br>A palestra ser\u00e1 uma oportunidade \u00fanica para o p\u00fablico mergulhar nessas reflex\u00f5es diretamente com os autores, que compartilhar\u00e3o suas percep\u00e7\u00f5es sobre resili\u00eancia, intelig\u00eancia emocional e a busca por significado em meio \u00e0s incertezas da vida contempor\u00e2nea.<\/p>\n\n\n\n<p>Os ingressos j\u00e1 est\u00e3o dispon\u00edveis e podem ser adquiridos pelo site Disk Ingressos.<\/p>\n\n\n\n<p><strong>Servi\u00e7o<\/strong>: Lan\u00e7amento do livro e palestra As quatro esta\u00e7\u00f5es da alma: Da ang\u00fastia \u00e0 esperan\u00e7a<\/p>\n\n\n\n<p><strong>Data<\/strong>: 03\/04 (quinta-feira)<\/p>\n\n\n\n<p><strong>Hor\u00e1rio<\/strong>: A partir das 20h<\/p>\n\n\n\n<p><strong>Local<\/strong>: Teatro Positivo \u2013 Curitiba\/PR<\/p>\n\n\n\n<p><strong>Ingressos<\/strong>: <a href=\"https:\/\/www.diskingressos.com.br\/evento\/8472\/2025-04-03\/pr\/curitiba\/as-quatro-estacoes-da-alma-da-angustia-a-esperanca\">Disk Ingressos<\/a> <\/p>\n\n\n\n<p><strong>B\u00f4nus<\/strong>: Os primeiros 600 ingressos da plateia inferior garantem um exemplar do livro.<\/p>\n\n\n\n<p><strong>Sinopse<\/strong><br>Esse livro \u00e9 uma conversa sobre a vida, com as suas dores e alegrias. Unindo o conhecimento e as viv\u00eancias de cada um, o fil\u00f3sofo Mario Sergio Cortella e o psic\u00f3logo Rossandro Klinjey falam sobre os desertos que atravessamos no inverno da alma e a import\u00e2ncia de acolhermos as ang\u00fastias que nos afligem e lidarmos com elas.<\/p>\n\n\n\n<p>Saber nomear e entender a pr\u00f3pria dor \u00e9 fundamental para conseguirmos organizar nossos sentimentos e escolher o rumo que queremos seguir. Por isso, n\u00e3o devemos evitar olhar para dentro de n\u00f3s mesmos e enfrentar \u2013 por que n\u00e3o contemplar? \u2013 aqueles momentos em que tudo parece mais dif\u00edcil.<\/p>\n\n\n\n<p>Num mundo em que as redes sociais parecem ditar uma vida de festa e eterna felicidade, \u00e9 preciso ter coragem para refletir sobre o que \u00e9 real de fato, sem filtros, pois at\u00e9 o ver\u00e3o pode ser entediante. Afinal, a dor tamb\u00e9m existe, e \u00e9 necess\u00e1rio reconhec\u00ea-la para n\u00e3o sermos por ela dominados e n\u00e3o perdermos nossa capacidade de ter esperan\u00e7a.<\/p>\n\n\n\n<p>Link para compra: <a href=\"https:\/\/www.amazon.com.br\/As-quatro-esta\u00e7\u00f5es-alma-esperan\u00e7a\/dp\/6555920440\">Amazon<\/a><\/p>\n","protected":false},"excerpt":{"rendered":"<p>Maturidade emocional e autoconhecimento entram em pauta no evento que acontece no dia 3 de abril, no Teatro Positivo No dia 3 de abril (quinta-feira), Curitiba recebe Mario Sergio Cortella e Rossandro Klinjey para uma palestra especial, que marca o lan\u00e7amento do livro As quatro esta\u00e7\u00f5es da alma: Da ang\u00fastia \u00e0 esperan\u00e7a. O evento acontece [&hellip;]<\/p>\n","protected":false},"author":1,"featured_media":4162,"comment_status":"open","ping_status":"open","sticky":false,"template":"","format":"standard","meta":{"footnotes":""},"categories":[186],"tags":[],"class_list":["post-4161","post","type-post","status-publish","format-standard","has-post-thumbnail","hentry","category-eventos"],"_links":{"self":[{"href":"https:\/\/diarioparanaense.com\/index.php?rest_route=\/wp\/v2\/posts\/4161","targetHints":{"allow":["GET"]}}],"collection":[{"href":"https:\/\/diarioparanaense.com\/index.php?rest_route=\/wp\/v2\/posts"}],"about":[{"href":"https:\/\/diarioparanaense.com\/index.php?rest_route=\/wp\/v2\/types\/post"}],"author":[{"embeddable":true,"href":"https:\/\/diarioparanaense.com\/index.php?rest_route=\/wp\/v2\/users\/1"}],"replies":[{"embeddable":true,"href":"https:\/\/diarioparanaense.com\/index.php?rest_route=%2Fwp%2Fv2%2Fcomments&post=4161"}],"version-history":[{"count":1,"href":"https:\/\/diarioparanaense.com\/index.php?rest_route=\/wp\/v2\/posts\/4161\/revisions"}],"predecessor-version":[{"id":4163,"href":"https:\/\/diarioparanaense.com\/index.php?rest_route=\/wp\/v2\/posts\/4161\/revisions\/4163"}],"wp:featuredmedia":[{"embeddable":true,"href":"https:\/\/diarioparanaense.com\/index.php?rest_route=\/wp\/v2\/media\/4162"}],"wp:attachment":[{"href":"https:\/\/diarioparanaense.com\/index.php?rest_route=%2Fwp%2Fv2%2Fmedia&parent=4161"}],"wp:term":[{"taxonomy":"category","embeddable":true,"href":"https:\/\/diarioparanaense.com\/index.php?rest_route=%2Fwp%2Fv2%2Fcategories&post=4161"},{"taxonomy":"post_tag","embeddable":true,"href":"https:\/\/diarioparanaense.com\/index.php?rest_route=%2Fwp%2Fv2%2Ftags&post=4161"}],"curies":[{"name":"wp","href":"https:\/\/api.w.org\/{rel}","templated":true}]}}