{"id":4151,"date":"2025-03-17T15:25:24","date_gmt":"2025-03-17T18:25:24","guid":{"rendered":"https:\/\/diarioparanaense.com\/?p=4151"},"modified":"2025-03-17T15:25:24","modified_gmt":"2025-03-17T18:25:24","slug":"sem-filhos-sem-culpa","status":"publish","type":"post","link":"https:\/\/diarioparanaense.com\/?p=4151","title":{"rendered":"Sem filhos, sem culpa!"},"content":{"rendered":"\n<p>Livro de Amanda Dantas, doutoranda em Psicologia, analisa a decis\u00e3o de n\u00e3o ter filhos e os desafios sociais da n\u00e3o parentalidade<\/p>\n\n\n\n<p>O Brasil tem vivenciado uma queda expressiva na taxa de fecundidade. De acordo com o Observat\u00f3rio Nacional da Fam\u00edlia, a m\u00e9dia de filhos caiu de 2,32 por mulher em 2000 para 1,57 em 2023, com previs\u00e3o de chegar a 1,47 at\u00e9 2030. E a escolha de n\u00e3o ter filhos, que \u00e9 cercada por press\u00f5es sociais, inspirou a jornalista Amanda Dantas a escrever o livro \u201cSem filhos, sem culpa! Uma an\u00e1lise sobre a decis\u00e3o de n\u00e3o ter filhos\u201d. Publicado pela editora Appris, a obra aprofunda esse debate em uma sociedade que ainda valoriza amplamente a maternidade. O lan\u00e7amento, aberto ao p\u00fablico, acontece no dia 22 de mar\u00e7o, das 17h \u00e0s 20h, no Cozy Restaurante &#8211; Cozinha Afetiva, em Itaipava, Petr\u00f3polis &#8211; RJ.<\/p>\n\n\n\n<p>Doutoranda em Psicologia pela Universidade Federal Rural do Rio de Janeiro (UFRRJ) e mestre em Psicologia pela Universidade Cat\u00f3lica de Petr\u00f3polis (UCP), Amanda Dantas analisa, com base em ampla revis\u00e3o de literatura e entrevistas, os fatores que influenciam homens e mulheres a optarem pela n\u00e3o parentalidade. Entre os aspectos abordados na obra, destacam-se o impacto da independ\u00eancia financeira e da ascens\u00e3o feminina no mercado de trabalho, o papel da rede de apoio (ou a falta dela) e as press\u00f5es sociais enfrentadas por aqueles que optam por n\u00e3o ter filhos.<\/p>\n\n\n\n<p>\u201cA sociedade construiu a ideia de que crescer, casar e ter filhos \u00e9 a \u00fanica forma de alcan\u00e7ar a felicidade e a plenitude. Eu discordo. N\u00e3o quero ter filhos, tenho muitos amigos que tamb\u00e9m n\u00e3o querem, e quis entender a fundo os processos decis\u00f3rios por tr\u00e1s dessa escolha. Meu objetivo com essa obra n\u00e3o \u00e9 criar um novo imperativo de que n\u00e3o ter filhos \u00e9 o certo, mas sim abrir espa\u00e7o para que as pessoas possam decidir livremente qual caminho seguir, sem culpa e sem julgamentos, incluindo os homens nessa conversa\u201d, afirma Amanda, tamb\u00e9m participante do F\u00f3rum do Campo Lacaniano Regi\u00e3o Serrana do Rio de Janeiro.<\/p>\n\n\n\n<p>O livro inicia contextualizando o leitor sobre as mudan\u00e7as sociais e culturais que v\u00eam influenciando os modelos familiares nas \u00faltimas d\u00e9cadas. Em seguida, aprofunda-se na an\u00e1lise dos processos decis\u00f3rios, destacando a intera\u00e7\u00e3o entre fatores psicol\u00f3gicos e sociais na escolha pela n\u00e3o parentalidade. Para isso, s\u00e3o apresentadas entrevistas com homens e mulheres que tomaram essa decis\u00e3o, revelando as complexidades e nuances envolvidas nesse caminho.<\/p>\n\n\n\n<p>\u201cAs hist\u00f3rias pessoais v\u00e3o al\u00e9m de narrativas individuais e se conectam a quest\u00f5es sociais mais amplas, como o impacto do g\u00eanero nas expectativas da sociedade. Enquanto os homens enfrentam menos cobran\u00e7as sobre a paternidade, as mulheres costumam lidar com um julgamento mais severo, sendo frequentemente questionadas sobre sua realiza\u00e7\u00e3o pessoal e futuro\u201d, explica Amanda.<\/p>\n\n\n\n<p>O marcador social de ra\u00e7a tamb\u00e9m merece destaque nesse debate. As mulheres com mais probabilidade de adiar a maternidade s\u00e3o solteiras, brancas, moradoras de \u00e1reas urbanas, metropolitanas e da regi\u00e3o Sudeste do pa\u00eds, motivadas por aumentar o tempo dedicado aos estudos e em alcan\u00e7ar estabilidade profissional. J\u00e1 as mulheres negras enfrentam desafios adicionais relacionados ao racismo e \u00e0 desigualdade social. \u201cUma das entrevistadas expressou seu temor diante da maternidade, destacando o perigo constante enfrentado por pessoas negras na sociedade. Suas reflex\u00f5es evidenciam como o racismo estrutural afeta n\u00e3o apenas a experi\u00eancia cotidiana, mas tamb\u00e9m as decis\u00f5es reprodutivas, criando um ambiente de inseguran\u00e7a e preocupa\u00e7\u00e3o extras\u201d, completa a autora.<\/p>\n\n\n\n<p>Com uma abordagem acess\u00edvel e fundamentada, \u201cSem filhos, sem culpa\u201d \u00e9 uma leitura essencial para quem deseja refletir sobre liberdade de escolha, autonomia e os novos caminhos das rela\u00e7\u00f5es familiares. Ele n\u00e3o \u00e9 apenas uma an\u00e1lise acad\u00eamica; \u00e9 um convite \u00e0 reflex\u00e3o sobre as diversas formas de viver em uma sociedade que valoriza a diversidade e a liberdade de escolha. A obra prop\u00f5e uma discuss\u00e3o necess\u00e1ria e urgente sobre o direito de decidir, livre de culpas e julgamentos, o rumo de nossas vidas.<\/p>\n\n\n\n<p>Sobre a editora: O Grupo Editorial Appris conta com cinco selos editoriais, das mais diversas \u00e1reas t\u00e9cnicas, cient\u00edficas e liter\u00e1rias. Com 14 anos no setor e a experi\u00eancia de seus editores, que atuam h\u00e1 mais de 35 anos no mercado editorial, a Appris possui um cat\u00e1logo com mais de 12 mil obras publicadas e que continua a crescer com uma m\u00e9dia de 70 lan\u00e7amentos&nbsp;por&nbsp;m\u00eas.<\/p>\n","protected":false},"excerpt":{"rendered":"<p>Livro de Amanda Dantas, doutoranda em Psicologia, analisa a decis\u00e3o de n\u00e3o ter filhos e os desafios sociais da n\u00e3o parentalidade O Brasil tem vivenciado uma queda expressiva na taxa de fecundidade. De acordo com o Observat\u00f3rio Nacional da Fam\u00edlia, a m\u00e9dia de filhos caiu de 2,32 por mulher em 2000 para 1,57 em 2023, [&hellip;]<\/p>\n","protected":false},"author":1,"featured_media":4153,"comment_status":"open","ping_status":"open","sticky":false,"template":"","format":"standard","meta":{"footnotes":""},"categories":[29],"tags":[],"class_list":["post-4151","post","type-post","status-publish","format-standard","has-post-thumbnail","hentry","category-artigos"],"_links":{"self":[{"href":"https:\/\/diarioparanaense.com\/index.php?rest_route=\/wp\/v2\/posts\/4151","targetHints":{"allow":["GET"]}}],"collection":[{"href":"https:\/\/diarioparanaense.com\/index.php?rest_route=\/wp\/v2\/posts"}],"about":[{"href":"https:\/\/diarioparanaense.com\/index.php?rest_route=\/wp\/v2\/types\/post"}],"author":[{"embeddable":true,"href":"https:\/\/diarioparanaense.com\/index.php?rest_route=\/wp\/v2\/users\/1"}],"replies":[{"embeddable":true,"href":"https:\/\/diarioparanaense.com\/index.php?rest_route=%2Fwp%2Fv2%2Fcomments&post=4151"}],"version-history":[{"count":1,"href":"https:\/\/diarioparanaense.com\/index.php?rest_route=\/wp\/v2\/posts\/4151\/revisions"}],"predecessor-version":[{"id":4152,"href":"https:\/\/diarioparanaense.com\/index.php?rest_route=\/wp\/v2\/posts\/4151\/revisions\/4152"}],"wp:featuredmedia":[{"embeddable":true,"href":"https:\/\/diarioparanaense.com\/index.php?rest_route=\/wp\/v2\/media\/4153"}],"wp:attachment":[{"href":"https:\/\/diarioparanaense.com\/index.php?rest_route=%2Fwp%2Fv2%2Fmedia&parent=4151"}],"wp:term":[{"taxonomy":"category","embeddable":true,"href":"https:\/\/diarioparanaense.com\/index.php?rest_route=%2Fwp%2Fv2%2Fcategories&post=4151"},{"taxonomy":"post_tag","embeddable":true,"href":"https:\/\/diarioparanaense.com\/index.php?rest_route=%2Fwp%2Fv2%2Ftags&post=4151"}],"curies":[{"name":"wp","href":"https:\/\/api.w.org\/{rel}","templated":true}]}}