{"id":413,"date":"2023-04-24T16:22:57","date_gmt":"2023-04-24T19:22:57","guid":{"rendered":"http:\/\/diarioparanaense.com\/?p=413"},"modified":"2025-04-10T10:18:50","modified_gmt":"2025-04-10T13:18:50","slug":"com-grande-iniciativa-ao-esporte-prefeitura-de-rio-branco-do-sul-tem-seu-primeiro-campeao-mundial","status":"publish","type":"post","link":"https:\/\/diarioparanaense.com\/?p=413","title":{"rendered":"Com grande iniciativa ao esporte, Prefeitura de Rio Branco do Sul tem seu primeiro campe\u00e3o mundial"},"content":{"rendered":"\n<p>Aconteceu no dia 16 de abril\/23 na cidade de S\u00e3o Paulo o Arnold Classic South America. O atleta J\u00falio Ferraz de 41 anos e residente em Rio Branco do Sul-PR se consagrou duplo campe\u00e3o na modalidade Power B\u00edceps. J\u00falio Ferraz \u00e9 uma das principais refer\u00eancias da modalidade na atualidade e vem enfileirando t\u00edtulos e quebrando recordes. <\/p>\n\n\n\n<p>&#8220;\u00c9 um dia hist\u00f3rico para o esporte e para a nossa cidade&#8221;, declara o campe\u00e3o.<\/p>\n\n\n\n<p>Al\u00e9m dos t\u00edtulos das categorias Open e Master 1, JF defendeu o t\u00edtulo do Evento conquistando o Pentacampeonato Arnold Classic South America e Tetracampeonato Mundial.<\/p>\n\n\n\n<p>&#8220;Estamos escrevendo um cap\u00edtulo importante na hist\u00f3ria do esporte, \u00e9 uma honra representar o meu pa\u00eds e a cidade que me recebeu de cora\u00e7\u00e3o aberto&#8221;, afirma J\u00falio.<\/p>\n\n\n\n<figure class=\"wp-block-embed aligncenter is-type-video is-provider-youtube wp-block-embed-youtube wp-embed-aspect-16-9 wp-has-aspect-ratio\"><div class=\"wp-block-embed__wrapper\">\n<iframe loading=\"lazy\" title=\"JF Arnold 2023\" width=\"696\" height=\"392\" src=\"https:\/\/www.youtube.com\/embed\/tPo4ZyPv-Bg?feature=oembed\" frameborder=\"0\" allow=\"accelerometer; autoplay; clipboard-write; encrypted-media; gyroscope; picture-in-picture; web-share\" allowfullscreen><\/iframe>\n<\/div><\/figure>\n\n\n\n<p><strong>Apoio aos atletas<\/strong><\/p>\n\n\n\n<p>A Prefeitura de Rio Branco do Sul, por meio da Secretaria Municipal de Esporte, Lazer e Cultura (SMELC) investe na promo\u00e7\u00e3o dos esportistas locais como pol\u00edtica p\u00fablica. A partir da cria\u00e7\u00e3o da lei 1.268\/2021 de incentivo ao atleta oferece Bolsa Atleta a mais de 35 esportistas, oferecendo aux\u00edlio financeiro, colaborando com despesas e inscri\u00e7\u00f5es nas competi\u00e7\u00f5es oficiais, onde o atleta representa o munic\u00edpio.<\/p>\n\n\n\n<p><strong>Contatos para imprensa:<\/strong><\/p>\n\n\n\n<p><a href=\"mailto:angelo@comandocomunicacao.net\"><strong>angelo@comandocomunicacao.net<\/strong><\/a><strong> ou WhatsApp 41 -98839-9925<\/strong><\/p>\n","protected":false},"excerpt":{"rendered":"<p>Aconteceu no dia 16 de abril\/23 na cidade de S\u00e3o Paulo o Arnold Classic South America. O atleta J\u00falio Ferraz de 41 anos e residente em Rio Branco do Sul-PR se consagrou duplo campe\u00e3o na modalidade Power B\u00edceps. J\u00falio Ferraz \u00e9 uma das principais refer\u00eancias da modalidade na atualidade e vem enfileirando t\u00edtulos e quebrando [&hellip;]<\/p>\n","protected":false},"author":1,"featured_media":420,"comment_status":"open","ping_status":"open","sticky":false,"template":"","format":"standard","meta":{"footnotes":""},"categories":[2,159],"tags":[154,160,155,156],"class_list":["post-413","post","type-post","status-publish","format-standard","has-post-thumbnail","hentry","category-destaque","category-esportes","tag-julio-ferraz","tag-power-biceps","tag-powerbiceps","tag-strict-curl"],"_links":{"self":[{"href":"https:\/\/diarioparanaense.com\/index.php?rest_route=\/wp\/v2\/posts\/413","targetHints":{"allow":["GET"]}}],"collection":[{"href":"https:\/\/diarioparanaense.com\/index.php?rest_route=\/wp\/v2\/posts"}],"about":[{"href":"https:\/\/diarioparanaense.com\/index.php?rest_route=\/wp\/v2\/types\/post"}],"author":[{"embeddable":true,"href":"https:\/\/diarioparanaense.com\/index.php?rest_route=\/wp\/v2\/users\/1"}],"replies":[{"embeddable":true,"href":"https:\/\/diarioparanaense.com\/index.php?rest_route=%2Fwp%2Fv2%2Fcomments&post=413"}],"version-history":[{"count":2,"href":"https:\/\/diarioparanaense.com\/index.php?rest_route=\/wp\/v2\/posts\/413\/revisions"}],"predecessor-version":[{"id":415,"href":"https:\/\/diarioparanaense.com\/index.php?rest_route=\/wp\/v2\/posts\/413\/revisions\/415"}],"wp:featuredmedia":[{"embeddable":true,"href":"https:\/\/diarioparanaense.com\/index.php?rest_route=\/wp\/v2\/media\/420"}],"wp:attachment":[{"href":"https:\/\/diarioparanaense.com\/index.php?rest_route=%2Fwp%2Fv2%2Fmedia&parent=413"}],"wp:term":[{"taxonomy":"category","embeddable":true,"href":"https:\/\/diarioparanaense.com\/index.php?rest_route=%2Fwp%2Fv2%2Fcategories&post=413"},{"taxonomy":"post_tag","embeddable":true,"href":"https:\/\/diarioparanaense.com\/index.php?rest_route=%2Fwp%2Fv2%2Ftags&post=413"}],"curies":[{"name":"wp","href":"https:\/\/api.w.org\/{rel}","templated":true}]}}