{"id":4108,"date":"2025-03-12T09:56:58","date_gmt":"2025-03-12T12:56:58","guid":{"rendered":"https:\/\/diarioparanaense.com\/?p=4108"},"modified":"2025-03-12T09:56:58","modified_gmt":"2025-03-12T12:56:58","slug":"clube-curitibano-leva-peca-musical-ao-festival-de-teatro-de-curitiba","status":"publish","type":"post","link":"https:\/\/diarioparanaense.com\/?p=4108","title":{"rendered":"Clube Curitibano leva pe\u00e7a musical ao Festival de Teatro de Curitiba"},"content":{"rendered":"\n<p class=\"has-medium-font-size\">\u201cEntre Mem\u00f3rias\u201d, do Grupo de Teatro do Clube Curitibano (GTCC), ser\u00e1 apresentado nos dias 27 e 28 de mar\u00e7o no Teatro Alcides Munhoz, na sede do Clube. Ingressos est\u00e3o \u00e0 venda, a partir de R$ 10<\/p>\n\n\n\n<p>O musical \u201cEntre Mem\u00f3rias\u201d, do Grupo de Teatro do Clube Curitibano (GTCC), est\u00e1 entre os espet\u00e1culos da mostra Fringe do 33\u00b0 Festival de Curitiba. A pe\u00e7a ser\u00e1 apresentada nos dias 27 e 28 de mar\u00e7o, a partir das 20h, no Teatro Alcides Munhoz, em uma das sedes do Clube Curitibano. Os ingressos est\u00e3o \u00e0 venda, a partir de R$ 10, no site do Festival (confira mais informa\u00e7\u00f5es abaixo).<\/p>\n\n\n\n<p>Para o presidente do Clube, Paulo Roberto Oliveira, a participa\u00e7\u00e3o deste ano no evento, al\u00e9m de importante, \u00e9 emblem\u00e1tica para a entidade. \u201cO Festival de Curitiba \u00e9 uma das maiores express\u00f5es do teatro nacional e latino-americano, um evento de grande import\u00e2ncia para a cultura, sem d\u00favida alguma. Ver o GTCC integrar essa programa\u00e7\u00e3o justamente no ano em que completa 20 anos \u00e9 motivo de grande orgulho para o Clube\u201d, afirma.<\/p>\n\n\n\n<p>\u201cEntre Mem\u00f3rias\u201d \u00e9 um musical com 55 minutos de dura\u00e7\u00e3o, com participa\u00e7\u00e3o de uma banda ao vivo. A estreia aconteceu no dia 9 de outubro do ano passado, com a presen\u00e7a de associados, que lotaram o teatro. A trama se passa em um antigo PUB, cen\u00e1rio em que os frequentadores revivem hist\u00f3rias e mem\u00f3rias de tempos passados e refletem sobre como elas moldaram o presente. A dire\u00e7\u00e3o \u00e9 de Humberto Gomes e a classifica\u00e7\u00e3o et\u00e1ria \u00e9 de 12 anos.<\/p>\n\n\n\n<p class=\"has-medium-font-size\">Fringe \u00e9 vitrine<\/p>\n\n\n\n<p>O Fringe \u00e9 uma mostra aberta sem o crivo de curadoria que ocorre durante o Festival de Curitiba. Companhias profissionais e estudantes de teatro, circo, m\u00fasica, dan\u00e7a e performances de v\u00e1rias partes do Brasil e de dezenas de outros pa\u00edses, participam por meio de inscri\u00e7\u00f5es volunt\u00e1rias recebendo apoio do evento.<\/p>\n\n\n\n<p>Na \u00faltima edi\u00e7\u00e3o, em 2024, foram mais de 280 atra\u00e7\u00f5es e 1800 artistas que ocuparam 16 espa\u00e7os de Curitiba e Regi\u00e3o Metropolitana, levando arte acess\u00edvel e at\u00e9 gratuita aos curitibanos e turistas.<\/p>\n\n\n\n<p>A primeira participa\u00e7\u00e3o do GTCC na mostra Fringe aconteceu em 2011, a convite do Festival. Na ocasi\u00e3o, foi apresentada a pe\u00e7a Arlecchino: Servitore di due Padoni, uma adapta\u00e7\u00e3o do mestre da Comm\u00e9dia Dell&#8217;Arte, Carlo Goldoni. Desde a sua funda\u00e7\u00e3o, em maio de 2005, a companhia foi premiada cinco vezes com o Gralha Azul, o maior e \u00fanico pr\u00eamio da \u00e1rea do teatro no Paran\u00e1.<\/p>\n\n\n\n<p><strong>Servi\u00e7o<\/strong>:<br>Musical \u201cEntre Mem\u00f3rias\u201d, do GTCC, no Festival de Teatro de Curitiba<br>Data: 27\/3 (quinta-feira) e 28\/3 (sexta-feira)<br>Hor\u00e1rio: 20h<br>Local: Teatro Alcides Munhoz no Clube Curitibano &#8211; Avenida<br>Presidente Get\u00falio Vargas, 2857 &#8211; \u00c1gua Verde.<br>Ingressos: R$ 10,00 (<a href=\"http:\/\/ingresso.festivaldecuritiba.com.br\">ingresso.festivaldecuritiba.com.br<\/a>)<br>Classifica\u00e7\u00e3o\u00a0et\u00e1ria:\u00a0+12.<\/p>\n","protected":false},"excerpt":{"rendered":"<p>\u201cEntre Mem\u00f3rias\u201d, do Grupo de Teatro do Clube Curitibano (GTCC), ser\u00e1 apresentado nos dias 27 e 28 de mar\u00e7o no Teatro Alcides Munhoz, na sede do Clube. Ingressos est\u00e3o \u00e0 venda, a partir de R$ 10 O musical \u201cEntre Mem\u00f3rias\u201d, do Grupo de Teatro do Clube Curitibano (GTCC), est\u00e1 entre os espet\u00e1culos da mostra Fringe [&hellip;]<\/p>\n","protected":false},"author":1,"featured_media":4109,"comment_status":"open","ping_status":"open","sticky":false,"template":"","format":"standard","meta":{"footnotes":""},"categories":[431,186],"tags":[],"class_list":["post-4108","post","type-post","status-publish","format-standard","has-post-thumbnail","hentry","category-cultura","category-eventos"],"_links":{"self":[{"href":"https:\/\/diarioparanaense.com\/index.php?rest_route=\/wp\/v2\/posts\/4108","targetHints":{"allow":["GET"]}}],"collection":[{"href":"https:\/\/diarioparanaense.com\/index.php?rest_route=\/wp\/v2\/posts"}],"about":[{"href":"https:\/\/diarioparanaense.com\/index.php?rest_route=\/wp\/v2\/types\/post"}],"author":[{"embeddable":true,"href":"https:\/\/diarioparanaense.com\/index.php?rest_route=\/wp\/v2\/users\/1"}],"replies":[{"embeddable":true,"href":"https:\/\/diarioparanaense.com\/index.php?rest_route=%2Fwp%2Fv2%2Fcomments&post=4108"}],"version-history":[{"count":1,"href":"https:\/\/diarioparanaense.com\/index.php?rest_route=\/wp\/v2\/posts\/4108\/revisions"}],"predecessor-version":[{"id":4110,"href":"https:\/\/diarioparanaense.com\/index.php?rest_route=\/wp\/v2\/posts\/4108\/revisions\/4110"}],"wp:featuredmedia":[{"embeddable":true,"href":"https:\/\/diarioparanaense.com\/index.php?rest_route=\/wp\/v2\/media\/4109"}],"wp:attachment":[{"href":"https:\/\/diarioparanaense.com\/index.php?rest_route=%2Fwp%2Fv2%2Fmedia&parent=4108"}],"wp:term":[{"taxonomy":"category","embeddable":true,"href":"https:\/\/diarioparanaense.com\/index.php?rest_route=%2Fwp%2Fv2%2Fcategories&post=4108"},{"taxonomy":"post_tag","embeddable":true,"href":"https:\/\/diarioparanaense.com\/index.php?rest_route=%2Fwp%2Fv2%2Ftags&post=4108"}],"curies":[{"name":"wp","href":"https:\/\/api.w.org\/{rel}","templated":true}]}}