{"id":4105,"date":"2025-03-11T12:03:08","date_gmt":"2025-03-11T15:03:08","guid":{"rendered":"https:\/\/diarioparanaense.com\/?p=4105"},"modified":"2025-03-11T12:03:09","modified_gmt":"2025-03-11T15:03:09","slug":"grupo-obragem-leva-programacao-cultural-ao-interior","status":"publish","type":"post","link":"https:\/\/diarioparanaense.com\/?p=4105","title":{"rendered":"Grupo Obragem leva programa\u00e7\u00e3o cultural ao interior"},"content":{"rendered":"\n<p class=\"has-medium-font-size\"><em>Iniciativa democratiza o acesso \u00e0 cultura com teatro, curta-metragem e palestra<\/em><\/p>\n\n\n\n<p>\u201cOs sentidos da Arte \u2013 circula\u00e7\u00e3o Paran\u00e1\u201d, realizado pelo Grupo Obragem, volta a levar arte e cultura a diferentes cidades do interior. Nessa segunda etapa do projeto, o grupo percorre sete munic\u00edpios do interior paranaense, com o objetivo de descentralizar e democratizar o acesso \u00e0 cultura.<\/p>\n\n\n\n<p>Durante as viagens, o Grupo Obragem apresenta gratuitamente as pe\u00e7as \u201cEssencial\u201d, voltada para adultos; \u201cO mist\u00e9rio do ovo ou a Galinha Pim-Pim&#8221;, para crian\u00e7as, e a exibi\u00e7\u00e3o do curta-metragem de anima\u00e7\u00e3o 2D \u201cM.M.M. \u2013 a montanha do meio do mundo\u201d.&nbsp;&nbsp;Os trabalhos prop\u00f5em reflex\u00e3o sobre a afetividade, levando em considera\u00e7\u00e3o as rela\u00e7\u00f5es pessoais.<\/p>\n\n\n\n<p>\u201cDesde a nossa forma\u00e7\u00e3o, em 2002, produzimos espet\u00e1culos que refletem o comportamento humano nas inst\u00e2ncias pr\u00e1tica e afetiva como forma de relacionar o que \u00e9 essencial para a vida e de perceber os movimentos afetivos entre as pessoas\u201d, explica Olga Nenev\u00ea, que dirige o Grupo Obragem junto com Eduardo Giacomini.<br><br>Destinada ao p\u00fablico adulto, \u201cEssencial\u201d trabalha com o princ\u00edpio de \u201cespa\u00e7o de acolhimento\u201d para refletir o que \u00e9 necess\u00e1rio para a manuten\u00e7\u00e3o da vida e para que o teatro aconte\u00e7a. A partir das met\u00e1foras sobre o ar, a \u00e1gua, comida, calor, outros seres humanos e a capacidade humana de transforma\u00e7\u00e3o, os artistas misturam fic\u00e7\u00f5es e hist\u00f3rias reais para despertar a reflex\u00e3o.<\/p>\n\n\n\n<p>\u201cAcreditamos que o teatro liga as pessoas de uma forma \u00fanica, pois acontece com a presen\u00e7a viva dos artistas em cena, que compartilham o mesmo espa\u00e7o com a plateia, por um determinado tempo. O acolhimento \u00e9 atravessado pela ideia de aceita\u00e7\u00e3o das pessoas e de suas hist\u00f3rias que, juntas, podem partilhar vis\u00f5es de mundo\u201d, afirma.<\/p>\n\n\n\n<p>Em \u201cO mist\u00e9rio do ovo ou a galinha Pim-Pim\u201d, a dramaturgia c\u00eanica \u00e9 composta pela combina\u00e7\u00e3o de narra\u00e7\u00e3o, a\u00e7\u00f5es, bonecos e proje\u00e7\u00f5es, a fim de refletir sobre tem\u00e1ticas como a maternidade, a supera\u00e7\u00e3o de medos e a aceita\u00e7\u00e3o de si mesmo, demonstrando como o amor \u00e9 transformador. A Galinha Pim-Pim enfrenta dificuldades para salvar seu ovo roubado, como uma tormenta no meio da floresta e um encontro com a terr\u00edvel Raposa Vermelha.<\/p>\n\n\n\n<p>J\u00e1 no filme de curta metragem de anima\u00e7\u00e3o 2D para crian\u00e7as \u201cM.M.M. \u2013 a montanha do meio do mundo\u201d, a hist\u00f3ria \u00e9 a de uma menina chamada \u201cM.M.M.\u201d, que percorre uma trajet\u00f3ria de autoconhecimento. Ela encontra, no s\u00edmbolo da montanha, uma maneira de enfrentar medos e vencer obst\u00e1culos.<\/p>\n\n\n\n<p>\u201cEm todos os nossos trabalhos, o corpo \u00e9 o ponto de partida. As pe\u00e7as para os adultos e crian\u00e7as s\u00e3o pensadas a partir da observa\u00e7\u00e3o e da escuta do mundo ao redor. Os acontecimentos que mudam a vida das pessoas de todas as idades, interessam os artistas da Obragem, pois impactam o comportamento, as emo\u00e7\u00f5es e os sentimentos\u201d, destaca.<\/p>\n\n\n\n<p>As montagens apresentadas no projeto integram o repert\u00f3rio do Grupo Obragem desde 2014, e j\u00e1 participaram de outros programas de circula\u00e7\u00e3o estadual e nacional. O filme foi exibido nos principais festivais nacionais da categoria e, tamb\u00e9m, de programas voltados a estudantes do Paran\u00e1, Santa Catarina e S\u00e3o Paulo.<\/p>\n\n\n\n<p>Al\u00e9m das apresenta\u00e7\u00f5es, o grupo realiza uma a\u00e7\u00e3o formativa com a palestra \u201cA import\u00e2ncia da experi\u00eancia com o teatro como forma de exercer a nossa cultura\u201d.<br>O projeto \u00e9 uma realiza\u00e7\u00e3o do Grupo Obragem e do MinC, por meio da Lei de Incentivo \u00e0 Cultura-Lei Rouanet, com incentivo da Secretaria de Estado da Cultura do Paran\u00e1 e patroc\u00ednio da Copel; Itamb\u00e9; Terra Rica e Techno.<br><br>As pr\u00f3ximas apresenta\u00e7\u00f5es ser\u00e3o realizadas nos munic\u00edpios de Bocai\u00fava do Sul, Marquinho, Balsa Nova, Cerro Azul e Tunas do Paran\u00e1. &nbsp;A programa\u00e7\u00e3o completa, com datas e hor\u00e1rios, pode ser encontrada em <a href=\"https:\/\/www.instagram.com\/grupoobragemdeteatro\/\">@grupoobragem<\/a>.<\/p>\n\n\n\n<p>Equipe Obragem \u201cOs sentidos da Arte-circula\u00e7\u00e3o Paran\u00e1\u201d<br>Elenco: Eduardo Giacomini, Olga Nenev\u00ea e Ane Adade<br>Dire\u00e7\u00e3o art\u00edstica: Eduardo Giacomini e Olga Nenev\u00ea<br>Designer gr\u00e1fico: Alessandra Nenev\u00ea<br>Assessora de imprensa: Ana Reimann<br>Iluminador: Alexandre Luft<br>Assistente de produ\u00e7\u00e3o: Leandro Oliveira e Enzo Torres<br>Cinegrafista: L\u00eddia Ueta<br>Produ\u00e7\u00e3o: EGM Produ\u00e7\u00f5es Art\u00edsticas<\/p>\n","protected":false},"excerpt":{"rendered":"<p>Iniciativa democratiza o acesso \u00e0 cultura com teatro, curta-metragem e palestra \u201cOs sentidos da Arte \u2013 circula\u00e7\u00e3o Paran\u00e1\u201d, realizado pelo Grupo Obragem, volta a levar arte e cultura a diferentes cidades do interior. Nessa segunda etapa do projeto, o grupo percorre sete munic\u00edpios do interior paranaense, com o objetivo de descentralizar e democratizar o acesso [&hellip;]<\/p>\n","protected":false},"author":1,"featured_media":4106,"comment_status":"open","ping_status":"open","sticky":false,"template":"","format":"standard","meta":{"footnotes":""},"categories":[431],"tags":[],"class_list":["post-4105","post","type-post","status-publish","format-standard","has-post-thumbnail","hentry","category-cultura"],"_links":{"self":[{"href":"https:\/\/diarioparanaense.com\/index.php?rest_route=\/wp\/v2\/posts\/4105","targetHints":{"allow":["GET"]}}],"collection":[{"href":"https:\/\/diarioparanaense.com\/index.php?rest_route=\/wp\/v2\/posts"}],"about":[{"href":"https:\/\/diarioparanaense.com\/index.php?rest_route=\/wp\/v2\/types\/post"}],"author":[{"embeddable":true,"href":"https:\/\/diarioparanaense.com\/index.php?rest_route=\/wp\/v2\/users\/1"}],"replies":[{"embeddable":true,"href":"https:\/\/diarioparanaense.com\/index.php?rest_route=%2Fwp%2Fv2%2Fcomments&post=4105"}],"version-history":[{"count":1,"href":"https:\/\/diarioparanaense.com\/index.php?rest_route=\/wp\/v2\/posts\/4105\/revisions"}],"predecessor-version":[{"id":4107,"href":"https:\/\/diarioparanaense.com\/index.php?rest_route=\/wp\/v2\/posts\/4105\/revisions\/4107"}],"wp:featuredmedia":[{"embeddable":true,"href":"https:\/\/diarioparanaense.com\/index.php?rest_route=\/wp\/v2\/media\/4106"}],"wp:attachment":[{"href":"https:\/\/diarioparanaense.com\/index.php?rest_route=%2Fwp%2Fv2%2Fmedia&parent=4105"}],"wp:term":[{"taxonomy":"category","embeddable":true,"href":"https:\/\/diarioparanaense.com\/index.php?rest_route=%2Fwp%2Fv2%2Fcategories&post=4105"},{"taxonomy":"post_tag","embeddable":true,"href":"https:\/\/diarioparanaense.com\/index.php?rest_route=%2Fwp%2Fv2%2Ftags&post=4105"}],"curies":[{"name":"wp","href":"https:\/\/api.w.org\/{rel}","templated":true}]}}