{"id":4102,"date":"2025-03-11T11:11:08","date_gmt":"2025-03-11T14:11:08","guid":{"rendered":"https:\/\/diarioparanaense.com\/?p=4102"},"modified":"2025-03-11T11:11:08","modified_gmt":"2025-03-11T14:11:08","slug":"chef-verge-chega-ao-jockey-plaza-shopping-com-seus-lanches-irresistiveis","status":"publish","type":"post","link":"https:\/\/diarioparanaense.com\/?p=4102","title":{"rendered":"Chef Verg\u00e9 chega ao Jockey Plaza Shopping com seus lanches irresist\u00edveis"},"content":{"rendered":"\n<p class=\"has-medium-font-size\">A quarta unidade da franquia \u00e9 inaugurada e refor\u00e7a plano de expans\u00e3o em mais um ponto estrat\u00e9gico da capital paranaense<\/p>\n\n\n\n<p>Uma not\u00edcia aquece o cora\u00e7\u00e3o dos curitibanos e deixa a pra\u00e7a de alimenta\u00e7\u00e3o do Jockey Plaza Shopping ainda mais saborosa: o Chef Verg\u00e9 inaugurou dia 5 de mar\u00e7o, sua mais nova franquia.<\/p>\n\n\n\n<p>Para quem cresceu saboreando os croissants do Chef Verg\u00e9, essa \u00e9 a chance de reviver momentos especiais em fam\u00edlia e com amigos, em um ambiente moderno e acolhedor. E para quem ainda n\u00e3o conhece, \u00e9 a oportunidade de se apaixonar por uma refei\u00e7\u00e3o gostosa a qualquer hora do dia, com op\u00e7\u00f5es acess\u00edveis a partir de R$ 24,90.<\/p>\n\n\n\n<p>A loja do Chef Verg\u00e9 no Jockey em Curitiba oferece um ambiente renovado e convidativo, projetado para proporcionar momentos gastron\u00f4micos agrad\u00e1veis a todas as idades. Os frequentadores do Shopping ter\u00e3o a oportunidade de experimentar croissants saborosos e recheados, salgados e doces, como o cl\u00e1ssico Vive la France e o rec\u00e9m-lan\u00e7ado Pain de Chocolate, al\u00e9m de sucos refrescantes, saladas, caf\u00e9s e sobremesas.<\/p>\n\n\n\n<p>A\u0300 frente do empreendimento est\u00e3o os experientes empres\u00e1rios Jucimar Aparecido da Silva e Eduardo Antonio Fernandes Monteiro, que j\u00e1 possuem outras duas lojas da franquia. &#8220;Quando surgiu a oportunidade de abrir mais uma franquia, n\u00e3o pensamos duas vezes. Conhecemos profundamente a marca, a qualidade dos produtos e acreditamos muito no potencial dessa localizac\u0327\u00e3o&#8221;, destaca Eduardo Monteiro.<\/p>\n\n\n\n<p>De acordo com a propriet\u00e1ria e franqueadora da marca, Andrezza Fusaro, cada detalhe foi pensado para garantir que o p\u00fablico tenha uma experi\u00eancia memor\u00e1vel e acess\u00edvel. Prova de todo o sucesso s\u00e3o os mais de 53 mil croissants vendidos na capital paranaense nos \u00faltimos meses. \u201cTodo mundo tem a oportunidade de comer uma refei\u00e7\u00e3o gostosa, o Chef Verg\u00e9 \u00e9 ideal para o lanche da fam\u00edlia, em qualquer hora do dia&#8221;, declara Andrezza. A loja funcionar\u00e1 diariamente das 10h \u00e0s 22h, seguindo o hor\u00e1rio do Shopping.<\/p>\n\n\n\n<p><\/p>\n\n\n\n<p><strong>Redes Sociais:<\/strong> @chefverge.oficial<\/p>\n\n\n\n<p><strong>Site<\/strong>: <a href=\"http:\/\/www.chefverge.com.br\">www.chefverge.com.br<\/a><\/p>\n\n\n\n<p><strong>Local<\/strong>: Jockey Plaza Shopping \u2013 Rua Victor Ferreira do Amaral, 2360 &#8211; Tarum\u00e3,\u00a0Curitiba\u00a0&#8211;\u00a0PR.<\/p>\n","protected":false},"excerpt":{"rendered":"<p>A quarta unidade da franquia \u00e9 inaugurada e refor\u00e7a plano de expans\u00e3o em mais um ponto estrat\u00e9gico da capital paranaense Uma not\u00edcia aquece o cora\u00e7\u00e3o dos curitibanos e deixa a pra\u00e7a de alimenta\u00e7\u00e3o do Jockey Plaza Shopping ainda mais saborosa: o Chef Verg\u00e9 inaugurou dia 5 de mar\u00e7o, sua mais nova franquia. Para quem cresceu [&hellip;]<\/p>\n","protected":false},"author":1,"featured_media":4103,"comment_status":"open","ping_status":"open","sticky":false,"template":"","format":"standard","meta":{"footnotes":""},"categories":[338,324],"tags":[],"class_list":["post-4102","post","type-post","status-publish","format-standard","has-post-thumbnail","hentry","category-gastronomia","category-negocios"],"_links":{"self":[{"href":"https:\/\/diarioparanaense.com\/index.php?rest_route=\/wp\/v2\/posts\/4102","targetHints":{"allow":["GET"]}}],"collection":[{"href":"https:\/\/diarioparanaense.com\/index.php?rest_route=\/wp\/v2\/posts"}],"about":[{"href":"https:\/\/diarioparanaense.com\/index.php?rest_route=\/wp\/v2\/types\/post"}],"author":[{"embeddable":true,"href":"https:\/\/diarioparanaense.com\/index.php?rest_route=\/wp\/v2\/users\/1"}],"replies":[{"embeddable":true,"href":"https:\/\/diarioparanaense.com\/index.php?rest_route=%2Fwp%2Fv2%2Fcomments&post=4102"}],"version-history":[{"count":1,"href":"https:\/\/diarioparanaense.com\/index.php?rest_route=\/wp\/v2\/posts\/4102\/revisions"}],"predecessor-version":[{"id":4104,"href":"https:\/\/diarioparanaense.com\/index.php?rest_route=\/wp\/v2\/posts\/4102\/revisions\/4104"}],"wp:featuredmedia":[{"embeddable":true,"href":"https:\/\/diarioparanaense.com\/index.php?rest_route=\/wp\/v2\/media\/4103"}],"wp:attachment":[{"href":"https:\/\/diarioparanaense.com\/index.php?rest_route=%2Fwp%2Fv2%2Fmedia&parent=4102"}],"wp:term":[{"taxonomy":"category","embeddable":true,"href":"https:\/\/diarioparanaense.com\/index.php?rest_route=%2Fwp%2Fv2%2Fcategories&post=4102"},{"taxonomy":"post_tag","embeddable":true,"href":"https:\/\/diarioparanaense.com\/index.php?rest_route=%2Fwp%2Fv2%2Ftags&post=4102"}],"curies":[{"name":"wp","href":"https:\/\/api.w.org\/{rel}","templated":true}]}}