{"id":4097,"date":"2025-03-10T15:00:40","date_gmt":"2025-03-10T18:00:40","guid":{"rendered":"https:\/\/diarioparanaense.com\/?p=4097"},"modified":"2025-03-10T15:01:30","modified_gmt":"2025-03-10T18:01:30","slug":"especialistas-debatem-saude-mental-no-trabalho-e-impactos-da-nova-nr-01-em-evento-gratuito-em-curitiba","status":"publish","type":"post","link":"https:\/\/diarioparanaense.com\/?p=4097","title":{"rendered":"Especialistas debatem sa\u00fade mental no trabalho e impactos da nova NR-01 em evento gratuito em Curitiba"},"content":{"rendered":"\n<p>No dia 14 de mar\u00e7o, a Abagge Advogados Associados e a Gattaz Health realizam um evento crucial para discutir os desafios da sa\u00fade mental no ambiente de trabalho e os impactos da nova NR-01, que entra em vigor em maio de 2025. A atualiza\u00e7\u00e3o da norma traz mudan\u00e7as significativas, tornando obrigat\u00f3ria a inclus\u00e3o de fatores psicossociais no gerenciamento de riscos ocupacionais, o que exigir\u00e1 das empresas uma nova abordagem para garantir o bem-estar de seus colaboradores.<\/p>\n\n\n<div class=\"wp-block-image\">\n<figure class=\"aligncenter size-full\"><img loading=\"lazy\" decoding=\"async\" width=\"568\" height=\"800\" src=\"https:\/\/diarioparanaense.com\/wp-content\/uploads\/2025\/03\/1003252-copy.jpg\" alt=\"\" class=\"wp-image-4100\" srcset=\"https:\/\/diarioparanaense.com\/wp-content\/uploads\/2025\/03\/1003252-copy.jpg 568w, https:\/\/diarioparanaense.com\/wp-content\/uploads\/2025\/03\/1003252-copy-213x300.jpg 213w, https:\/\/diarioparanaense.com\/wp-content\/uploads\/2025\/03\/1003252-copy-298x420.jpg 298w\" sizes=\"auto, (max-width: 568px) 100vw, 568px\" \/><\/figure><\/div>\n\n\n<p>O evento gratuito reunir\u00e1 especialistas de renome no Hotel Bourbon Curitiba, das 9h \u00e0s 12h, para uma an\u00e1lise aprofundada das novas exig\u00eancias e seus reflexos nas rela\u00e7\u00f5es trabalhistas. Entre os palestrantes confirmados est\u00e3o o advogado Luiz Antonio Abagge, s\u00f3cio-fundador da Abagge Advogados; o Prof. Dr. Wagner Gattaz, chairman da Gattaz Health; e a psic\u00f3loga especialista em trabalho Miryam Mazieiro.<\/p>\n\n\n\n<p>O encontro tamb\u00e9m contar\u00e1 com a presen\u00e7a de autoridades do meio jur\u00eddico e trabalhista, como o Desembargador C\u00e9lio Horst Waldraff, presidente do TRT-PR, e o Dr. Alberto Emiliano Neto, procurador-chefe do MPT-PR, que abordar\u00e3o os desafios jur\u00eddicos e regulat\u00f3rios trazidos pela NR-01.<\/p>\n\n\n\n<p>Com transmiss\u00e3o ao vivo pelo YouTube da Gattaz Health, o evento \u00e9 uma oportunidade para empresas, profissionais de recursos humanos e gestores compreenderem as implica\u00e7\u00f5es da nova norma e como adequar suas pr\u00e1ticas \u00e0 nova realidade.<\/p>\n\n\n\n<p><strong>Servi\u00e7o<\/strong>:<br><strong>Data<\/strong>: 14 de mar\u00e7o<br><strong>Hor\u00e1rio<\/strong>: 9h \u00e0s 12h<br><strong>Local<\/strong>: Hotel Bourbon Curitiba<br><strong>Transmiss\u00e3o ao vivo<\/strong>: YouTube da Gattaz Health<br><strong>Inscri\u00e7\u00f5es<\/strong>: <a href=\"https:\/\/docs.google.com\/forms\/d\/e\/1FAIpQLSecHfomVanWgQc65ADlUwW6jSAtZCdRTiouyGWUgMvhLTWfuQ\/viewform\">https:\/\/docs.google.com\/forms\/d\/e\/1FAIpQLSecHfomVanWgQc65ADlUwW6jSAtZCdRTiouyGWUgMvhLTWfuQ\/viewform<\/a><\/p>\n","protected":false},"excerpt":{"rendered":"<p>No dia 14 de mar\u00e7o, a Abagge Advogados Associados e a Gattaz Health realizam um evento crucial para discutir os desafios da sa\u00fade mental no ambiente de trabalho e os impactos da nova NR-01, que entra em vigor em maio de 2025. A atualiza\u00e7\u00e3o da norma traz mudan\u00e7as significativas, tornando obrigat\u00f3ria a inclus\u00e3o de fatores [&hellip;]<\/p>\n","protected":false},"author":1,"featured_media":4099,"comment_status":"open","ping_status":"open","sticky":false,"template":"","format":"standard","meta":{"footnotes":""},"categories":[186],"tags":[],"class_list":["post-4097","post","type-post","status-publish","format-standard","has-post-thumbnail","hentry","category-eventos"],"_links":{"self":[{"href":"https:\/\/diarioparanaense.com\/index.php?rest_route=\/wp\/v2\/posts\/4097","targetHints":{"allow":["GET"]}}],"collection":[{"href":"https:\/\/diarioparanaense.com\/index.php?rest_route=\/wp\/v2\/posts"}],"about":[{"href":"https:\/\/diarioparanaense.com\/index.php?rest_route=\/wp\/v2\/types\/post"}],"author":[{"embeddable":true,"href":"https:\/\/diarioparanaense.com\/index.php?rest_route=\/wp\/v2\/users\/1"}],"replies":[{"embeddable":true,"href":"https:\/\/diarioparanaense.com\/index.php?rest_route=%2Fwp%2Fv2%2Fcomments&post=4097"}],"version-history":[{"count":2,"href":"https:\/\/diarioparanaense.com\/index.php?rest_route=\/wp\/v2\/posts\/4097\/revisions"}],"predecessor-version":[{"id":4101,"href":"https:\/\/diarioparanaense.com\/index.php?rest_route=\/wp\/v2\/posts\/4097\/revisions\/4101"}],"wp:featuredmedia":[{"embeddable":true,"href":"https:\/\/diarioparanaense.com\/index.php?rest_route=\/wp\/v2\/media\/4099"}],"wp:attachment":[{"href":"https:\/\/diarioparanaense.com\/index.php?rest_route=%2Fwp%2Fv2%2Fmedia&parent=4097"}],"wp:term":[{"taxonomy":"category","embeddable":true,"href":"https:\/\/diarioparanaense.com\/index.php?rest_route=%2Fwp%2Fv2%2Fcategories&post=4097"},{"taxonomy":"post_tag","embeddable":true,"href":"https:\/\/diarioparanaense.com\/index.php?rest_route=%2Fwp%2Fv2%2Ftags&post=4097"}],"curies":[{"name":"wp","href":"https:\/\/api.w.org\/{rel}","templated":true}]}}