{"id":4091,"date":"2025-03-07T16:14:48","date_gmt":"2025-03-07T19:14:48","guid":{"rendered":"https:\/\/diarioparanaense.com\/?p=4091"},"modified":"2025-03-07T16:14:48","modified_gmt":"2025-03-07T19:14:48","slug":"oregon-tool-mira-crescimento-acima-do-mercado-em-2025-com-expansao-na-america-latina-e-novos-produtos","status":"publish","type":"post","link":"https:\/\/diarioparanaense.com\/?p=4091","title":{"rendered":"Oregon Tool mira crescimento acima do mercado em 2025, com expans\u00e3o na Am\u00e9rica Latina e novos produtos"},"content":{"rendered":"\n<p class=\"has-medium-font-size\">Mudan\u00e7as na base de distribuidores foram iniciadas no segundo semestre do ano passado e garantem melhor cobertura no continente. Companhia est\u00e1 presente em 23 pa\u00edses da regi\u00e3o<\/p>\n\n\n\n<p>Iniciado no segundo semestre de 2024, o reposicionamento estrat\u00e9gico da Oregon Tool projeta um crescimento de 15% de faturamento na Am\u00e9rica Latina em 2025. A fabricante de equipamentos e produtos voltados ao segmento florestal e de jardinagem fez uma s\u00e9rie de mudan\u00e7as em sua rede de distribui\u00e7\u00e3o para ampliar a cobertura comercial na regi\u00e3o. Esse incremento tamb\u00e9m deve vir do lan\u00e7amento de produtos ao longo do ano.<\/p>\n\n\n\n<p>\u201cO plano que n\u00f3s temos para o crescimento da Am\u00e9rica Latina \u00e9 agressivo, mas est\u00e1 muito bem estruturado e com a\u00e7\u00f5es bem definidas\u201d, explica o vice-presidente de vendas e marketing para a Am\u00e9rica Latina, F\u00e1bio Nardelli. \u201cAinda temos muito trabalho para que isso aconte\u00e7a, mas j\u00e1 estamos no momento de come\u00e7ar a colher alguns frutos\u201d, completa.<\/p>\n\n\n\n<p>O crescimento esperado \u00e9 maior do que o do setor, que fica em torno de 2% a 3% ao ano. Isso porque, segundo Nardelli, o mercado j\u00e1 \u00e9 muito maduro e est\u00e1vel, sem espa\u00e7o para aumento de demanda. Ao mesmo tempo, \u00e9 bastante resiliente a eventuais crises pol\u00edticas e econ\u00f4micas, como a que se viu pouco tempo atr\u00e1s na Argentina, por exemplo. Por isso, a op\u00e7\u00e3o foi pela busca de maior market share e incorpora\u00e7\u00e3o de novos itens no portf\u00f3lio.<\/p>\n\n\n\n<p class=\"has-medium-font-size\">Nova rede de distribui\u00e7\u00e3o<\/p>\n\n\n\n<p>Al\u00e9m do Brasil, a Oregon Tool est\u00e1 presente em outros 22 pa\u00edses da Am\u00e9rica Latina. Com a revis\u00e3o estrat\u00e9gica dos distribuidores, visando a melhoria de performance, avalia o vice-presidente para a regi\u00e3o, a empresa consegue uma maior cobertura nestes mercados j\u00e1 existentes. Os movimentos aconteceram, em especial, em pa\u00edses como o pr\u00f3prio Brasil, al\u00e9m do Peru, Equador e Uruguai.<\/p>\n\n\n\n<p>\u201cCom os estudos que realizamos, percebemos que embora estiv\u00e9ssemos em todos estes locais, havia regi\u00f5es em que ainda n\u00e3o hav\u00edamos chegado, efetivamente. Fizemos um movimento bem importante no Brasil, que representa 50% do faturamento da empresa na Am\u00e9rica Latina, e na regi\u00e3o hisp\u00e2nica\u201d, relata. Ainda est\u00e3o previstos alguns outros movimentos semelhantes com o objetivo de otimizar ainda mais essa rede de distribui\u00e7\u00e3o.<\/p>\n\n\n\n<p>Basicamente, foram feitas trocas de distribuidores. Players que n\u00e3o atendiam a algumas exig\u00eancias da corpora\u00e7\u00e3o e n\u00e3o estavam t\u00e3o preparados para os planos de crescimento da empresa foram substitu\u00eddos por outros com maior potencial. \u201cEsse incremento vem muito da atua\u00e7\u00e3o deles ganhando market share\u201d, comenta.<\/p>\n\n\n\n<p class=\"has-medium-font-size\">Cronograma de lan\u00e7amentos<\/p>\n\n\n\n<p>A empresa j\u00e1 deu in\u00edcio, tamb\u00e9m, ao seu cronograma de lan\u00e7amento de produtos &#8211; outro bra\u00e7o da estrat\u00e9gia de crescimento. Entre os destaques, avalia Nardelli, est\u00e1 a linha de correntes EXL, voltadas para o mercado profissional. \u201c\u00c9 um produto que agrega muita tecnologia e inova\u00e7\u00e3o, e que vem com esse vi\u00e9s de ser o melhor produto para o segmento de corte de \u00e1rvores do mercado, tornando o trabalho mais eficiente e seguro\u201d, adianta.<\/p>\n\n\n\n<p>Mais novidades ainda devem ser divulgadas ao longo do ano, sempre com o foco em prover solu\u00e7\u00f5es para o mercado consumidor, seja ele profissional, semiprofissional ou hobby. \u201cN\u00e3o somos uma empresa que vende para um p\u00fablico profissional ou espec\u00edfico, nosso neg\u00f3cio \u00e9 prover solu\u00e7\u00f5es cada vez mais completas para o usu\u00e1rio, essa \u00e9 a nossa miss\u00e3o aqui\u201d, finaliza.<\/p>\n\n\n\n<p>L\u00edder mundial na produ\u00e7\u00e3o de correntes e sabres para motosserras, a Oregon Tool est\u00e1 presente no Brasil desde o final da d\u00e9cada de 1970, com a \u00fanica f\u00e1brica de correntes instalada no Hemisf\u00e9rio Sul, localizada em Curitiba (PR).<\/p>\n\n\n\n<p><strong>Sobre a Oregon Tool<br><\/strong>L\u00edder mundial na produ\u00e7\u00e3o de correntes e guias para motosserras, a Oregon Tool est\u00e1 presente no Brasil desde o final da d\u00e9cada de 1970 com a \u00fanica f\u00e1brica da empresa instalada no Hemisf\u00e9rio Sul, localizada em Curitiba (PR). Com sede em Portland, Oregon, e uma presen\u00e7a multinacional de fabrica\u00e7\u00e3o e distribui\u00e7\u00e3o, a Oregon Tool vende seus produtos em mais de 110 pa\u00edses sob as marcas Oregon\u00ae, Woods\u00ae, ICS\u00ae, Pentruder\u00ae, Merit\u00ae e Carlton\u00ae. A empresa \u00e9 a fabricante n\u00famero 1 do mundo de correntes de serra e barras-guia para motosserras e correntes de diamante para tubos de a\u00e7o, uma fabricante l\u00edder de acess\u00f3rios para tratores agr\u00edcolas e a principal fornecedora de OEM de pe\u00e7as de primeira instala\u00e7\u00e3o e de reposi\u00e7\u00e3o. Saiba mais em <a href=\"http:\/\/www.oregontool.com\">www.oregontool.com<\/a>.<\/p>\n\n\n\n<p>Se for do seu interesse, podemos agendar tamb\u00e9m uma entrevista.<\/p>\n\n\n\n<p>Qualquer d\u00favida estou&nbsp;\u00e0&nbsp;disposi\u00e7\u00e3o!<\/p>\n","protected":false},"excerpt":{"rendered":"<p>Mudan\u00e7as na base de distribuidores foram iniciadas no segundo semestre do ano passado e garantem melhor cobertura no continente. Companhia est\u00e1 presente em 23 pa\u00edses da regi\u00e3o Iniciado no segundo semestre de 2024, o reposicionamento estrat\u00e9gico da Oregon Tool projeta um crescimento de 15% de faturamento na Am\u00e9rica Latina em 2025. A fabricante de equipamentos [&hellip;]<\/p>\n","protected":false},"author":1,"featured_media":4092,"comment_status":"open","ping_status":"open","sticky":false,"template":"","format":"standard","meta":{"footnotes":""},"categories":[324],"tags":[],"class_list":["post-4091","post","type-post","status-publish","format-standard","has-post-thumbnail","hentry","category-negocios"],"_links":{"self":[{"href":"https:\/\/diarioparanaense.com\/index.php?rest_route=\/wp\/v2\/posts\/4091","targetHints":{"allow":["GET"]}}],"collection":[{"href":"https:\/\/diarioparanaense.com\/index.php?rest_route=\/wp\/v2\/posts"}],"about":[{"href":"https:\/\/diarioparanaense.com\/index.php?rest_route=\/wp\/v2\/types\/post"}],"author":[{"embeddable":true,"href":"https:\/\/diarioparanaense.com\/index.php?rest_route=\/wp\/v2\/users\/1"}],"replies":[{"embeddable":true,"href":"https:\/\/diarioparanaense.com\/index.php?rest_route=%2Fwp%2Fv2%2Fcomments&post=4091"}],"version-history":[{"count":1,"href":"https:\/\/diarioparanaense.com\/index.php?rest_route=\/wp\/v2\/posts\/4091\/revisions"}],"predecessor-version":[{"id":4093,"href":"https:\/\/diarioparanaense.com\/index.php?rest_route=\/wp\/v2\/posts\/4091\/revisions\/4093"}],"wp:featuredmedia":[{"embeddable":true,"href":"https:\/\/diarioparanaense.com\/index.php?rest_route=\/wp\/v2\/media\/4092"}],"wp:attachment":[{"href":"https:\/\/diarioparanaense.com\/index.php?rest_route=%2Fwp%2Fv2%2Fmedia&parent=4091"}],"wp:term":[{"taxonomy":"category","embeddable":true,"href":"https:\/\/diarioparanaense.com\/index.php?rest_route=%2Fwp%2Fv2%2Fcategories&post=4091"},{"taxonomy":"post_tag","embeddable":true,"href":"https:\/\/diarioparanaense.com\/index.php?rest_route=%2Fwp%2Fv2%2Ftags&post=4091"}],"curies":[{"name":"wp","href":"https:\/\/api.w.org\/{rel}","templated":true}]}}