{"id":4058,"date":"2025-02-25T09:47:25","date_gmt":"2025-02-25T12:47:25","guid":{"rendered":"https:\/\/diarioparanaense.com\/?p=4058"},"modified":"2025-02-25T09:47:25","modified_gmt":"2025-02-25T12:47:25","slug":"mes-da-mulher-na-ciencia-iniciativas-de-pesquisadoras-da-utfpr-colocam-parana-em-evidencia","status":"publish","type":"post","link":"https:\/\/diarioparanaense.com\/?p=4058","title":{"rendered":"M\u00eas da Mulher na Ci\u00eancia: iniciativas de pesquisadoras da UTFPR colocam Paran\u00e1 em evid\u00eancia"},"content":{"rendered":"\n<p class=\"has-medium-font-size\"><em>As doutoras Ana Maria Ferrari e Gabrielle Caroline Peiter demonstram o comprometimento das mulheres com a ci\u00eancia<\/em><\/p>\n\n\n\n<p>Em fevereiro, \u00e9 celebrado o m\u00eas internacional das Mulheres na Ci\u00eancia. Neste per\u00edodo, tem duas iniciativas cient\u00edficas, conduzidas por pesquisadoras da Universidade Tecnol\u00f3gica Federal do Paran\u00e1 (UTFPR), que ganharam destaque nacional e internacional.<\/p>\n\n\n\n<p>A primeira delas \u00e9 liderada pela doutora Ana Maria Ferrari, do Campus Londrina, regi\u00e3o Norte. A professora coordenou a iniciativa \u201cSabonete Solid\u00e1rio\u201d, durante a pandemia da Covid-19, que permitiu que pessoas em situa\u00e7\u00e3o de vulnerabilidade tivessem acesso \u00e0 itens de higiene.<\/p>\n\n\n\n<p>O projeto cresceu e se transformou no \u201cSaberes: Desenvolvimento Integral das Meninas e Mulheres na Ci\u00eancia\u201d. Ele foi classificado em um edital do CNPq e receber\u00e1 aporte de <a href=\"https:\/\/www.utfpr.edu.br\/noticias\/geral\/divulgacao-cientifica\/projeto-da-utfpr-de-inclusao-de-mulheres-na-ciencia-recebe-r-1-15-milhao-do-cnpq\">R$ 1,15 milh\u00e3o para incentivar a forma\u00e7\u00e3o de uma rede nacional para inclus\u00e3o feminina nas ci\u00eancias exatas, engenharias e computa\u00e7\u00e3o<\/a>.<\/p>\n\n\n\n<p>J\u00e1 a doutora Gabrielle Caroline Pieter, p\u00f3s-doutoranda em Processos Qu\u00edmicos e Biotecnol\u00f3gicos do Campus Toledo, no Oeste do Paran\u00e1<a href=\"https:\/\/www.utfpr.edu.br\/noticias\/geral\/pesquisadora-da-utfpr-ganha-premio-3m-das-25-mulheres-na-ciencia-da-america-latina\">, foi uma das premiadas no \u201c<em>Mujeres el la Ciencia\u201d<\/em>, que elegeu 25 pesquisadoras de toda a Am\u00e9rica Latina<\/a>.<\/p>\n\n\n\n<p>O pr\u00eamio \u00e9 organizado pela empresa 3M e foi entregue em reconhecimento ao desenvolvimento de um gel antimicrobiano para a desinfec\u00e7\u00e3o hospitalar, sem o uso de etanol e metais pesados em sua formula\u00e7\u00e3o. A solu\u00e7\u00e3o, que contou com a coordena\u00e7\u00e3o do professor Ricardo Schneider e teve outros pesquisadores envolvidos, tem como princ\u00edpio ativo materiais v\u00edtreos de borofosfato de pot\u00e1ssio que, nos estudos, demonstraram ter atividade bacteriost\u00e1tica e bactericida em bact\u00e9rias de interesse hospitalar.<\/p>\n\n\n\n<p><strong>SERVI\u00c7O<\/strong><\/p>\n\n\n\n<p>Al\u00e9m das duas pesquisadoras, nos 13 campi da UTFPR h\u00e1 projetos e iniciativas lideradas por mulheres, e que est\u00e3o dispon\u00edveis para entrevistas.<\/p>\n\n\n\n<p><strong>Sonoras com as duas pesquisadoras<\/strong><\/p>\n\n\n\n<p><a href=\"https:\/\/nuvem.utfpr.edu.br\/index.php\/s\/1NAvuBqz75B6qnV\">&nbsp;[Sonora com Ana Maria Ferrari]<\/a><\/p>\n\n\n\n<p><a href=\"https:\/\/nuvem.utfpr.edu.br\/index.php\/s\/kpon474eiZ7wANB\">[Sonora com Gabrielle Peiter]<\/a><\/p>\n\n\n\n<p><strong>Mais detalhes sobre as pesquisas:<\/strong><\/p>\n\n\n\n<p>&#8211; <a href=\"https:\/\/www.utfpr.edu.br\/noticias\/geral\/pesquisadora-da-utfpr-ganha-premio-3m-das-25-mulheres-na-ciencia-da-america-latina\">Pesquisadora da UTFPR ganha Pr\u00eamio 3M das 25 Mulheres na Ci\u00eancia da Am\u00e9rica Latina<\/a><\/p>\n\n\n\n<p>&#8211; <a href=\"https:\/\/www.utfpr.edu.br\/noticias\/geral\/divulgacao-cientifica\/projeto-da-utfpr-de-inclusao-de-mulheres-na-ciencia-recebe-r-1-15-milhao-do-cnpq\">Projeto da UTFPR de inclus\u00e3o de mulheres na ci\u00eancia recebe mais de R$ 1,15 milh\u00e3o do CNPq<\/a><\/p>\n","protected":false},"excerpt":{"rendered":"<p>As doutoras Ana Maria Ferrari e Gabrielle Caroline Peiter demonstram o comprometimento das mulheres com a ci\u00eancia Em fevereiro, \u00e9 celebrado o m\u00eas internacional das Mulheres na Ci\u00eancia. Neste per\u00edodo, tem duas iniciativas cient\u00edficas, conduzidas por pesquisadoras da Universidade Tecnol\u00f3gica Federal do Paran\u00e1 (UTFPR), que ganharam destaque nacional e internacional. A primeira delas \u00e9 liderada [&hellip;]<\/p>\n","protected":false},"author":1,"featured_media":4059,"comment_status":"open","ping_status":"open","sticky":false,"template":"","format":"standard","meta":{"footnotes":""},"categories":[29],"tags":[],"class_list":["post-4058","post","type-post","status-publish","format-standard","has-post-thumbnail","hentry","category-artigos"],"_links":{"self":[{"href":"https:\/\/diarioparanaense.com\/index.php?rest_route=\/wp\/v2\/posts\/4058","targetHints":{"allow":["GET"]}}],"collection":[{"href":"https:\/\/diarioparanaense.com\/index.php?rest_route=\/wp\/v2\/posts"}],"about":[{"href":"https:\/\/diarioparanaense.com\/index.php?rest_route=\/wp\/v2\/types\/post"}],"author":[{"embeddable":true,"href":"https:\/\/diarioparanaense.com\/index.php?rest_route=\/wp\/v2\/users\/1"}],"replies":[{"embeddable":true,"href":"https:\/\/diarioparanaense.com\/index.php?rest_route=%2Fwp%2Fv2%2Fcomments&post=4058"}],"version-history":[{"count":1,"href":"https:\/\/diarioparanaense.com\/index.php?rest_route=\/wp\/v2\/posts\/4058\/revisions"}],"predecessor-version":[{"id":4060,"href":"https:\/\/diarioparanaense.com\/index.php?rest_route=\/wp\/v2\/posts\/4058\/revisions\/4060"}],"wp:featuredmedia":[{"embeddable":true,"href":"https:\/\/diarioparanaense.com\/index.php?rest_route=\/wp\/v2\/media\/4059"}],"wp:attachment":[{"href":"https:\/\/diarioparanaense.com\/index.php?rest_route=%2Fwp%2Fv2%2Fmedia&parent=4058"}],"wp:term":[{"taxonomy":"category","embeddable":true,"href":"https:\/\/diarioparanaense.com\/index.php?rest_route=%2Fwp%2Fv2%2Fcategories&post=4058"},{"taxonomy":"post_tag","embeddable":true,"href":"https:\/\/diarioparanaense.com\/index.php?rest_route=%2Fwp%2Fv2%2Ftags&post=4058"}],"curies":[{"name":"wp","href":"https:\/\/api.w.org\/{rel}","templated":true}]}}