{"id":4048,"date":"2025-02-20T14:01:30","date_gmt":"2025-02-20T17:01:30","guid":{"rendered":"https:\/\/diarioparanaense.com\/?p=4048"},"modified":"2025-02-20T14:01:31","modified_gmt":"2025-02-20T17:01:31","slug":"tontura-ou-vertigem-veja-quando-e-preciso-procurar-ajuda-medica","status":"publish","type":"post","link":"https:\/\/diarioparanaense.com\/?p=4048","title":{"rendered":"Tontura ou vertigem? Veja quando \u00e9 preciso procurar ajuda m\u00e9dica"},"content":{"rendered":"\n<p class=\"has-medium-font-size\">Os sintomas podem se confundir e n\u00e3o ter muita gravidade. Mas a identifica\u00e7\u00e3o correta faz a diferen\u00e7a em casos mais s\u00e9rios<\/p>\n\n\n\n<p>\u00c9 f\u00e1cil confundir tontura e vertigem, especialmente durante alguma crise. Mas os dois sintomas s\u00e3o diferentes: enquanto o primeiro est\u00e1 relacionado a uma sensa\u00e7\u00e3o de desequil\u00edbrio ou instabilidade, o segundo \u00e9 caracterizado por uma falsa sensa\u00e7\u00e3o de rota\u00e7\u00e3o ou movimento ao redor.<\/p>\n\n\n\n<p>De acordo com dados da Organiza\u00e7\u00e3o Mundial da Sa\u00fade (OMS), cerca de 20% a 30% da popula\u00e7\u00e3o mundial apresentam tontura em algum momento da vida, e o Brasil segue essa tend\u00eancia. Um estudo da Faculdade de Medicina da Universidade de S\u00e3o Paulo (USP) apontou que 42% dos participantes j\u00e1 haviam experimentado tontura ou vertigem. A mesma pesquisa indicou que os sintomas s\u00e3o mais comuns em mulheres e idosos.<\/p>\n\n\n\n<p class=\"has-medium-font-size\">Identificar as causas \u00e9 fundamental<\/p>\n\n\n\n<p>O neurologista do Hospital S\u00e3o Vicente, em Curitiba, Jo\u00e3o Rafael Argenta Sabbag, explica que essas condi\u00e7\u00f5es podem ter dois tipos de origem: central ou perif\u00e9rica. \u201cMenos preocupantes, a tontura ou a vertigem que aparecem por causas perif\u00e9ricas est\u00e3o ligadas \u00e0 disfun\u00e7\u00f5es labir\u00ednticas (labirintite) e do nervo vestibular, provenientes de infec\u00e7\u00f5es, intoxica\u00e7\u00f5es medicamentosas, tumores extracranianos, rinite, sinusite e traumas\u201d, esclarece.<\/p>\n\n\n\n<p>J\u00e1 as centrais, alerta Sabbag, s\u00e3o mais graves, uma vez que podem ser decorrentes de tumores, acidentes vasculares, infec\u00e7\u00f5es e doen\u00e7as inflamat\u00f3rias, que ocorrem dentro do sistema nervoso central. O que as diferencia das causas perif\u00e9ricas \u00e9 que seus sintomas se mant\u00eam independente das mudan\u00e7as de posi\u00e7\u00e3o ou rota\u00e7\u00e3o da cabe\u00e7a.<\/p>\n\n\n\n<p>O exame f\u00edsico, refor\u00e7a o m\u00e9dico, pode ser feito por um neurologista ou otorrinolaringologista. O teste \u00e9 feito com manobras que iniciam o nervo do equil\u00edbrio e geram nistagmo (movimento dos olhos) quando existe doen\u00e7a. \u201cAs caracter\u00edsticas do nistagmo distinguem se a les\u00e3o \u00e9 central ou perif\u00e9rica, de acordo com o tipo de movimento: horizontal, vertical ou em girar\u201d, detalha o especialista.<\/p>\n\n\n\n<p>Tanto tontura quanto vertigem, portanto, podem ser sinais de alerta, relacionados a doen\u00e7as graves. \u201cPor isso devem ser avaliados por m\u00e9dicos especialistas com estratifica\u00e7\u00e3o da gravidade e escolha do melhor tratamento\u201d, completa Sabbag.<\/p>\n\n\n\n<p class=\"has-medium-font-size\">Doen\u00e7as mais comuns<\/p>\n\n\n\n<p>Entre as doen\u00e7as mais comuns relacionadas aos sintomas, o m\u00e9dico destaca o Acidente Vascular Encef\u00e1lico, que tamb\u00e9m est\u00e1 entre as principais causas de morte no pa\u00eds. \u201cNesta condi\u00e7\u00e3o, de origem central, a tontura \u00e9 mantida com instabilidade postural est\u00e1tica ou em movimento, aumentando o risco de quedas\u201d, detalha. Falta de coordena\u00e7\u00e3o, vis\u00e3o dupla ou perda de parte do campo visual, al\u00e9m de mudan\u00e7as da acuidade auditiva, tamb\u00e9m podem ser observados, avisa.<\/p>\n\n\n\n<p>Entre as causas perif\u00e9ricas, est\u00e1 a VPPB ou vertigem posicional parox\u00edstica benigna. \u201cEssa \u00e9 mais uma causa mais comum de tontura e vertigem de forma perif\u00e9rica e se relaciona a doen\u00e7as do ouvido ou do nervo da audi\u00e7\u00e3o\/equil\u00edbrio, que piora as mudan\u00e7as de posi\u00e7\u00e3o ou rota\u00e7\u00e3o da cabe\u00e7a, pode gerar n\u00e1useas ou at\u00e9 instabilidade posicional\u201d, exemplifica.<\/p>\n\n\n\n<p>A tontura ainda pode se relacionar com doen\u00e7as card\u00edacas como arritmia, insufici\u00eancia card\u00edaca, hipertens\u00e3o e hipotens\u00e3o&nbsp;arterial.<\/p>\n","protected":false},"excerpt":{"rendered":"<p>Os sintomas podem se confundir e n\u00e3o ter muita gravidade. Mas a identifica\u00e7\u00e3o correta faz a diferen\u00e7a em casos mais s\u00e9rios \u00c9 f\u00e1cil confundir tontura e vertigem, especialmente durante alguma crise. Mas os dois sintomas s\u00e3o diferentes: enquanto o primeiro est\u00e1 relacionado a uma sensa\u00e7\u00e3o de desequil\u00edbrio ou instabilidade, o segundo \u00e9 caracterizado por uma [&hellip;]<\/p>\n","protected":false},"author":1,"featured_media":4049,"comment_status":"open","ping_status":"open","sticky":false,"template":"","format":"standard","meta":{"footnotes":""},"categories":[164],"tags":[],"class_list":["post-4048","post","type-post","status-publish","format-standard","has-post-thumbnail","hentry","category-saude-2"],"_links":{"self":[{"href":"https:\/\/diarioparanaense.com\/index.php?rest_route=\/wp\/v2\/posts\/4048","targetHints":{"allow":["GET"]}}],"collection":[{"href":"https:\/\/diarioparanaense.com\/index.php?rest_route=\/wp\/v2\/posts"}],"about":[{"href":"https:\/\/diarioparanaense.com\/index.php?rest_route=\/wp\/v2\/types\/post"}],"author":[{"embeddable":true,"href":"https:\/\/diarioparanaense.com\/index.php?rest_route=\/wp\/v2\/users\/1"}],"replies":[{"embeddable":true,"href":"https:\/\/diarioparanaense.com\/index.php?rest_route=%2Fwp%2Fv2%2Fcomments&post=4048"}],"version-history":[{"count":1,"href":"https:\/\/diarioparanaense.com\/index.php?rest_route=\/wp\/v2\/posts\/4048\/revisions"}],"predecessor-version":[{"id":4050,"href":"https:\/\/diarioparanaense.com\/index.php?rest_route=\/wp\/v2\/posts\/4048\/revisions\/4050"}],"wp:featuredmedia":[{"embeddable":true,"href":"https:\/\/diarioparanaense.com\/index.php?rest_route=\/wp\/v2\/media\/4049"}],"wp:attachment":[{"href":"https:\/\/diarioparanaense.com\/index.php?rest_route=%2Fwp%2Fv2%2Fmedia&parent=4048"}],"wp:term":[{"taxonomy":"category","embeddable":true,"href":"https:\/\/diarioparanaense.com\/index.php?rest_route=%2Fwp%2Fv2%2Fcategories&post=4048"},{"taxonomy":"post_tag","embeddable":true,"href":"https:\/\/diarioparanaense.com\/index.php?rest_route=%2Fwp%2Fv2%2Ftags&post=4048"}],"curies":[{"name":"wp","href":"https:\/\/api.w.org\/{rel}","templated":true}]}}