{"id":4045,"date":"2025-02-17T17:29:37","date_gmt":"2025-02-17T20:29:37","guid":{"rendered":"https:\/\/diarioparanaense.com\/?p=4045"},"modified":"2025-02-20T14:03:12","modified_gmt":"2025-02-20T17:03:12","slug":"protocolo-s-o-s-verao-o-tratamento-que-resgata-a-saude-dos-cabelos-apos-a-temporada-de-sol","status":"publish","type":"post","link":"https:\/\/diarioparanaense.com\/?p=4045","title":{"rendered":"Protocolo S.O.S ver\u00e3o: o tratamento que resgata a sa\u00fade dos cabelos ap\u00f3s a temporada de sol"},"content":{"rendered":"\n<p class=\"has-medium-font-size\">Especialista explica como recuperar fios danificados pelo calor, mar e piscina<\/p>\n\n\n\n<p>Com o ver\u00e3o em seu auge e as temperaturas elevadas, os cabelos tendem a sentir os efeitos da exposi\u00e7\u00e3o intensa ao sol, \u00e1gua salgada e cloro. O ressecamento, a perda de brilho e a quebra s\u00e3o queixas comuns ap\u00f3s a temporada mais quente do ano. Para reverter esses danos e restaurar a sa\u00fade dos fios, o protocolo S.O.S ver\u00e3o \u00e9 uma alternativa de tratamento completo em tr\u00eas etapas que devolve for\u00e7a, nutri\u00e7\u00e3o e vitalidade aos cabelos.<\/p>\n\n\n\n<p>&#8220;O ver\u00e3o pode ser um grande vil\u00e3o para os cabelos. A exposi\u00e7\u00e3o excessiva ao sol, a combina\u00e7\u00e3o de mar e piscina e at\u00e9 o suor podem comprometer a fibra capilar. O protocolo capilar atua de forma profunda, garantindo uma recupera\u00e7\u00e3o real e duradoura\u201d, explica Filipe Dutra, visagista, educador e cabeleireiro, do sal\u00e3o de beleza Bot\u00ea.<\/p>\n\n\n\n<p class=\"has-medium-font-size\">O tratamento \u00e9 dividido em tr\u00eas fases essenciais:<\/p>\n\n\n\n<p>Desintoxica\u00e7\u00e3o \u2013 O primeiro passo \u00e9 renovar o couro cabeludo, removendo impurezas, c\u00e9lulas mortas e metais pesados acumulados. Essa limpeza profunda permite que os fios absorvam melhor os nutrientes dos tratamentos seguintes.<\/p>\n\n\n\n<p>Reconstru\u00e7\u00e3o \u2013 Nesta etapa, a fibra capilar recebe um refor\u00e7o de prote\u00ednas e ativos reparadores, fortalecendo a estrutura dos fios e reduzindo a quebra. \u201cA reconstru\u00e7\u00e3o \u00e9 essencial para devolver resist\u00eancia aos cabelos que sofreram com agress\u00f5es externas&#8221;, destaca o especialista.<\/p>\n\n\n\n<p>&nbsp;Nutri\u00e7\u00e3o \u2013 Para finalizar, \u00f3leos essenciais e nutrientes s\u00e3o aplicados para combater o ressecamento, eliminar o frizz e proporcionar brilho intenso. Essa fase garante que os fios fiquem sedosos e protegidos por mais tempo.<\/p>\n\n\n\n<p>Apostar em um protocolo capilar estruturado \u00e9 a melhor forma de recuperar a beleza e a sa\u00fade dos fios ap\u00f3s o ver\u00e3o. &#8220;O segredo para cabelos sempre saud\u00e1veis \u00e9 entender as necessidades dos fios e oferecer tratamentos personalizados. O S.O.S Ver\u00e3o foi pensado para isso: devolver a vitalidade aos cabelos de forma eficaz&#8221;, finaliza o cabeleireiro do sal\u00e3o&nbsp;de&nbsp;beleza&nbsp;Bot\u00ea.<\/p>\n","protected":false},"excerpt":{"rendered":"<p>Especialista explica como recuperar fios danificados pelo calor, mar e piscina Com o ver\u00e3o em seu auge e as temperaturas elevadas, os cabelos tendem a sentir os efeitos da exposi\u00e7\u00e3o intensa ao sol, \u00e1gua salgada e cloro. O ressecamento, a perda de brilho e a quebra s\u00e3o queixas comuns ap\u00f3s a temporada mais quente do [&hellip;]<\/p>\n","protected":false},"author":1,"featured_media":4051,"comment_status":"open","ping_status":"open","sticky":false,"template":"","format":"standard","meta":{"footnotes":""},"categories":[164],"tags":[],"class_list":["post-4045","post","type-post","status-publish","format-standard","has-post-thumbnail","hentry","category-saude-2"],"_links":{"self":[{"href":"https:\/\/diarioparanaense.com\/index.php?rest_route=\/wp\/v2\/posts\/4045","targetHints":{"allow":["GET"]}}],"collection":[{"href":"https:\/\/diarioparanaense.com\/index.php?rest_route=\/wp\/v2\/posts"}],"about":[{"href":"https:\/\/diarioparanaense.com\/index.php?rest_route=\/wp\/v2\/types\/post"}],"author":[{"embeddable":true,"href":"https:\/\/diarioparanaense.com\/index.php?rest_route=\/wp\/v2\/users\/1"}],"replies":[{"embeddable":true,"href":"https:\/\/diarioparanaense.com\/index.php?rest_route=%2Fwp%2Fv2%2Fcomments&post=4045"}],"version-history":[{"count":1,"href":"https:\/\/diarioparanaense.com\/index.php?rest_route=\/wp\/v2\/posts\/4045\/revisions"}],"predecessor-version":[{"id":4047,"href":"https:\/\/diarioparanaense.com\/index.php?rest_route=\/wp\/v2\/posts\/4045\/revisions\/4047"}],"wp:featuredmedia":[{"embeddable":true,"href":"https:\/\/diarioparanaense.com\/index.php?rest_route=\/wp\/v2\/media\/4051"}],"wp:attachment":[{"href":"https:\/\/diarioparanaense.com\/index.php?rest_route=%2Fwp%2Fv2%2Fmedia&parent=4045"}],"wp:term":[{"taxonomy":"category","embeddable":true,"href":"https:\/\/diarioparanaense.com\/index.php?rest_route=%2Fwp%2Fv2%2Fcategories&post=4045"},{"taxonomy":"post_tag","embeddable":true,"href":"https:\/\/diarioparanaense.com\/index.php?rest_route=%2Fwp%2Fv2%2Ftags&post=4045"}],"curies":[{"name":"wp","href":"https:\/\/api.w.org\/{rel}","templated":true}]}}