{"id":4042,"date":"2025-02-17T17:27:19","date_gmt":"2025-02-17T20:27:19","guid":{"rendered":"https:\/\/diarioparanaense.com\/?p=4042"},"modified":"2025-02-17T17:27:46","modified_gmt":"2025-02-17T20:27:46","slug":"fevereiro-roxo-entenda-a-fibromialgia-e-a-qualidade-de-vida-apos-o-diagnostico","status":"publish","type":"post","link":"https:\/\/diarioparanaense.com\/?p=4042","title":{"rendered":"Fevereiro Roxo: entenda a fibromialgia e a qualidade de vida ap\u00f3s o diagn\u00f3stico"},"content":{"rendered":"\n<p class=\"has-medium-font-size\">Especialista do Pilar Hospital alerta sobre a import\u00e2ncia do diagn\u00f3stico precoce na melhoria da qualidade de vida de pacientes que convivem com a doen\u00e7a<\/p>\n\n\n\n<p>Este m\u00eas, o movimento &#8220;Fevereiro Roxo&#8221; ganha destaque, uma campanha criada para conscientizar a popula\u00e7\u00e3o sobre doen\u00e7as cr\u00f4nicas, como a fibromialgia, o Alzheimer e o l\u00fapus. Com o lema &#8220;Se n\u00e3o houver cura, que ao menos haja conforto&#8221;, a mobiliza\u00e7\u00e3o durante o m\u00eas busca alertar sobre a import\u00e2ncia do diagn\u00f3stico precoce e do tratamento adequado dessas condi\u00e7\u00f5es, que, embora n\u00e3o tenham cura, podem ser controladas e cujos sintomas podem ser atenuados, melhorando a qualidade de vida dos pacientes.<\/p>\n\n\n\n<p>A m\u00e9dica reumatologista do Pilar Hospital, Dra. Roberta Zawadzki Bueno, explica que a fibromialgia (FM), em espec\u00edfico, \u00e9 uma s\u00edndrome caracterizada por um quadro de dor musculoesquel\u00e9tica cr\u00f4nica generalizada e pelo aumento de sensibilidade em pontos espec\u00edficos do corpo. Os sintomas tamb\u00e9m podem incluir fadiga intensa, dor de cabe\u00e7a, dist\u00farbios do sono, dificuldade de concentra\u00e7\u00e3o, transtornos de humor e s\u00edndrome do intestino irrit\u00e1vel. Hoje, a condi\u00e7\u00e3o afeta cerca de 2,5% da popula\u00e7\u00e3o mundial, sendo mais comum em mulheres e em pessoas entre 30 e 50 anos, de acordo com a Sociedade Brasileira de Reumatologia.<\/p>\n\n\n\n<p>A institui\u00e7\u00e3o afirma que, embora os fatores que desencadeiam a fibromialgia ainda n\u00e3o sejam totalmente compreendidos, o quadro pode aparecer depois de eventos graves na vida de uma pessoa, como um trauma f\u00edsico, psicol\u00f3gico ou mesmo uma infec\u00e7\u00e3o grave. Independentemente da causa, a especialista explica que n\u00e3o se trata de uma doen\u00e7a inflamat\u00f3ria nem autoimune. \u201cEm vez disso, \u00e9 considerada uma s\u00edndrome de amplifica\u00e7\u00e3o da dor, causada por um desequil\u00edbrio no sistema nervoso central. A dor intensa da fibromialgia \u00e9 resultado de uma disfun\u00e7\u00e3o na percep\u00e7\u00e3o da dor, um fen\u00f4meno conhecido como sensibiliza\u00e7\u00e3o central\u201d, complementa.<\/p>\n\n\n\n<p>Na pr\u00e1tica, \u00e9 como se o corpo entendesse alguns sinais de forma exagerada. Por isso, muitas vezes, um toque leve ou mudan\u00e7as bruscas de temperatura podem se tornar experi\u00eancias dolorosas. Por esse motivo, o dia a dia do paciente passa a ser desafiador. Em sua experi\u00eancia na \u00e1rea, a m\u00e9dica elenca o comprometimento das rela\u00e7\u00f5es sociais e preju\u00edzo no trabalho e no estudo como alguns dos principais impactos na qualidade de vida dos pacientes. No entanto, ela refor\u00e7a que fatores como o estresse emocional, a priva\u00e7\u00e3o de sono e o sedentarismo podem piorar as dores.<\/p>\n\n\n\n<p class=\"has-medium-font-size\">Diagn\u00f3stico e tratamento<\/p>\n\n\n\n<p>O diagn\u00f3stico da fibromialgia \u00e9 cl\u00ednico, ou seja, \u00e9 realizado por meio da avalia\u00e7\u00e3o detalhada dos sintomas e do hist\u00f3rico m\u00e9dico do paciente, al\u00e9m de exames f\u00edsicos para excluir outras doen\u00e7as com sintomas semelhantes, como artrite reumatoide ou l\u00fapus. N\u00e3o existem exames laboratoriais ou de imagem que possam comprovar o diagn\u00f3stico, mas a identifica\u00e7\u00e3o precoce dos sinais da doen\u00e7a pode ter um impacto significativo na vida do paciente.<\/p>\n\n\n\n<p>Bueno cita entre os benef\u00edcios do diagn\u00f3stico precoce a preven\u00e7\u00e3o de tratamentos inadequados, a melhora no controle da dor e dos sintomas associados e a possibilidade de realizar interven\u00e7\u00f5es precoces, como exerc\u00edcios f\u00edsicos, terapia cognitivo-comportamental e mudan\u00e7as no estilo de vida que podem reduzir a progress\u00e3o da dor cr\u00f4nica.<\/p>\n\n\n\n<p>Ap\u00f3s a confirma\u00e7\u00e3o, o tratamento da fibromialgia \u00e9 multidisciplinar, com foco no controle da dor, melhora do sono, redu\u00e7\u00e3o da fadiga e na restaura\u00e7\u00e3o da qualidade de vida. \u201cO principal tratamento n\u00e3o medicamentoso \u00e9 a realiza\u00e7\u00e3o de atividade f\u00edsica aer\u00f3bica (caminhadas, hidrogin\u00e1stica, pilates), al\u00e9m de, quando bem indicadas, a realiza\u00e7\u00e3o de fisioterapia e terapias complementares, como acupuntura, psicoterapia e ajuste na melhoria do sono. J\u00e1 a abordagem medicamentosa, pode ser realizada atrav\u00e9s de uso de alguns antidepressivos, anticonvulsivantes, neuromoduladores e relaxantes musculares\u201d, detalha a profissional.<\/p>\n\n\n\n<p>Embora a fibromialgia n\u00e3o tenha cura, o acompanhamento adequado permite que os pacientes levem uma vida ativa e normal, com o controle dos sintomas e a adapta\u00e7\u00e3o do estilo de vida. A ades\u00e3o a pr\u00e1ticas di\u00e1rias, como atividade f\u00edsica regular, uma alimenta\u00e7\u00e3o equilibrada, controle do estresse e a ado\u00e7\u00e3o de uma rotina de sono saud\u00e1vel, s\u00e3o fundamentais para o manejo da doen\u00e7a. A reumatologista destaca ainda a import\u00e2ncia do apoio de familiares e amigos, bem como da participa\u00e7\u00e3o em grupos de apoio, para que os pacientes compartilhem experi\u00eancias e encontrem conforto no conv\u00edvio com outros que enfrentam a&nbsp;mesma&nbsp;condi\u00e7\u00e3o.<\/p>\n","protected":false},"excerpt":{"rendered":"<p>Especialista do Pilar Hospital alerta sobre a import\u00e2ncia do diagn\u00f3stico precoce na melhoria da qualidade de vida de pacientes que convivem com a doen\u00e7a Este m\u00eas, o movimento &#8220;Fevereiro Roxo&#8221; ganha destaque, uma campanha criada para conscientizar a popula\u00e7\u00e3o sobre doen\u00e7as cr\u00f4nicas, como a fibromialgia, o Alzheimer e o l\u00fapus. Com o lema &#8220;Se n\u00e3o [&hellip;]<\/p>\n","protected":false},"author":1,"featured_media":4043,"comment_status":"open","ping_status":"open","sticky":false,"template":"","format":"standard","meta":{"footnotes":""},"categories":[164],"tags":[],"class_list":["post-4042","post","type-post","status-publish","format-standard","has-post-thumbnail","hentry","category-saude-2"],"_links":{"self":[{"href":"https:\/\/diarioparanaense.com\/index.php?rest_route=\/wp\/v2\/posts\/4042","targetHints":{"allow":["GET"]}}],"collection":[{"href":"https:\/\/diarioparanaense.com\/index.php?rest_route=\/wp\/v2\/posts"}],"about":[{"href":"https:\/\/diarioparanaense.com\/index.php?rest_route=\/wp\/v2\/types\/post"}],"author":[{"embeddable":true,"href":"https:\/\/diarioparanaense.com\/index.php?rest_route=\/wp\/v2\/users\/1"}],"replies":[{"embeddable":true,"href":"https:\/\/diarioparanaense.com\/index.php?rest_route=%2Fwp%2Fv2%2Fcomments&post=4042"}],"version-history":[{"count":1,"href":"https:\/\/diarioparanaense.com\/index.php?rest_route=\/wp\/v2\/posts\/4042\/revisions"}],"predecessor-version":[{"id":4044,"href":"https:\/\/diarioparanaense.com\/index.php?rest_route=\/wp\/v2\/posts\/4042\/revisions\/4044"}],"wp:featuredmedia":[{"embeddable":true,"href":"https:\/\/diarioparanaense.com\/index.php?rest_route=\/wp\/v2\/media\/4043"}],"wp:attachment":[{"href":"https:\/\/diarioparanaense.com\/index.php?rest_route=%2Fwp%2Fv2%2Fmedia&parent=4042"}],"wp:term":[{"taxonomy":"category","embeddable":true,"href":"https:\/\/diarioparanaense.com\/index.php?rest_route=%2Fwp%2Fv2%2Fcategories&post=4042"},{"taxonomy":"post_tag","embeddable":true,"href":"https:\/\/diarioparanaense.com\/index.php?rest_route=%2Fwp%2Fv2%2Ftags&post=4042"}],"curies":[{"name":"wp","href":"https:\/\/api.w.org\/{rel}","templated":true}]}}