{"id":4039,"date":"2025-02-17T17:25:35","date_gmt":"2025-02-17T20:25:35","guid":{"rendered":"https:\/\/diarioparanaense.com\/?p=4039"},"modified":"2025-02-17T17:25:36","modified_gmt":"2025-02-17T20:25:36","slug":"zezinho-muggiati-e-confirmado-na-car-racing-com-apoio-das-marcas-foxlux-e-famastil-para-a-temporada-2025-da-stock-car","status":"publish","type":"post","link":"https:\/\/diarioparanaense.com\/?p=4039","title":{"rendered":"Zezinho Muggiati \u00e9 confirmado na CAR Racing com apoio das marcas Foxlux e Famastil para a temporada 2025 da Stock Car"},"content":{"rendered":"\n<p>O jovem piloto curitibano Zezinho Muggiati, de 21 anos, inicia a temporada 2025 da Stock Car Pro Series com o forte patroc\u00ednio das marcas Foxlux, Famastil e Grupo Potencial. J\u00e1 destacado nas categorias de kart, Stock Light e Stock Pro Series, Muggiati \u00e9 a principal aposta da equipe CAR Racing para a temporada.<\/p>\n\n\n\n<p>Apoiado por marcas locais que acreditam em seu talento e potencial, o carro #38 de Muggiati promete ser uma for\u00e7a a ser reconhecida na busca por vit\u00f3rias. Com uma carreira repleta de conquistas, ele est\u00e1 preparado para brilhar na temporada que traz grandes novidades, como a introdu\u00e7\u00e3o dos carros SUV no automobilismo brasileiro.<\/p>\n\n\n\n<p>O patroc\u00ednio das marcas do Grupo Vellore \u00e9 fundamental para que Zezinho Muggiati alcance novos patamares em sua carreira na Stock Car, demonstrando a confian\u00e7a da empresa no talento promissor&nbsp;do&nbsp;piloto.<\/p>\n","protected":false},"excerpt":{"rendered":"<p>O jovem piloto curitibano Zezinho Muggiati, de 21 anos, inicia a temporada 2025 da Stock Car Pro Series com o forte patroc\u00ednio das marcas Foxlux, Famastil e Grupo Potencial. J\u00e1 destacado nas categorias de kart, Stock Light e Stock Pro Series, Muggiati \u00e9 a principal aposta da equipe CAR Racing para a temporada. Apoiado por [&hellip;]<\/p>\n","protected":false},"author":1,"featured_media":4040,"comment_status":"open","ping_status":"open","sticky":false,"template":"","format":"standard","meta":{"footnotes":""},"categories":[159],"tags":[],"class_list":["post-4039","post","type-post","status-publish","format-standard","has-post-thumbnail","hentry","category-esportes"],"_links":{"self":[{"href":"https:\/\/diarioparanaense.com\/index.php?rest_route=\/wp\/v2\/posts\/4039","targetHints":{"allow":["GET"]}}],"collection":[{"href":"https:\/\/diarioparanaense.com\/index.php?rest_route=\/wp\/v2\/posts"}],"about":[{"href":"https:\/\/diarioparanaense.com\/index.php?rest_route=\/wp\/v2\/types\/post"}],"author":[{"embeddable":true,"href":"https:\/\/diarioparanaense.com\/index.php?rest_route=\/wp\/v2\/users\/1"}],"replies":[{"embeddable":true,"href":"https:\/\/diarioparanaense.com\/index.php?rest_route=%2Fwp%2Fv2%2Fcomments&post=4039"}],"version-history":[{"count":1,"href":"https:\/\/diarioparanaense.com\/index.php?rest_route=\/wp\/v2\/posts\/4039\/revisions"}],"predecessor-version":[{"id":4041,"href":"https:\/\/diarioparanaense.com\/index.php?rest_route=\/wp\/v2\/posts\/4039\/revisions\/4041"}],"wp:featuredmedia":[{"embeddable":true,"href":"https:\/\/diarioparanaense.com\/index.php?rest_route=\/wp\/v2\/media\/4040"}],"wp:attachment":[{"href":"https:\/\/diarioparanaense.com\/index.php?rest_route=%2Fwp%2Fv2%2Fmedia&parent=4039"}],"wp:term":[{"taxonomy":"category","embeddable":true,"href":"https:\/\/diarioparanaense.com\/index.php?rest_route=%2Fwp%2Fv2%2Fcategories&post=4039"},{"taxonomy":"post_tag","embeddable":true,"href":"https:\/\/diarioparanaense.com\/index.php?rest_route=%2Fwp%2Fv2%2Ftags&post=4039"}],"curies":[{"name":"wp","href":"https:\/\/api.w.org\/{rel}","templated":true}]}}