{"id":4031,"date":"2025-02-17T09:01:04","date_gmt":"2025-02-17T12:01:04","guid":{"rendered":"https:\/\/diarioparanaense.com\/?p=4031"},"modified":"2025-02-17T09:01:04","modified_gmt":"2025-02-17T12:01:04","slug":"paulo-j-oliveira-um-amigo-do-radio-e-da-comunidade","status":"publish","type":"post","link":"https:\/\/diarioparanaense.com\/?p=4031","title":{"rendered":"Paulo J. Oliveira: Um Amigo do R\u00e1dio e da Comunidade"},"content":{"rendered":"\n<p class=\"has-medium-font-size\"><strong>Uma trajet\u00f3ria de sucesso na radiodifus\u00e3o e no impacto social<\/strong><\/p>\n\n\n\n<p>Com uma trajet\u00f3ria de 27 anos no mercado de comunica\u00e7\u00e3o e marketing publicit\u00e1rio, Paulo J. Oliveira \u00e9 um nome de peso na radiodifus\u00e3o brasileira. Sua paix\u00e3o pelo r\u00e1dio come\u00e7ou cedo, aos 14 anos, na R\u00e1dio Cidade AM 1520, e desde ent\u00e3o, ele tem dedicado sua vida a conectar pessoas por meio da comunica\u00e7\u00e3o.<\/p>\n\n\n\n<p>Atualmente, Paulo \u00e9 Diretor Geral de Radiodifus\u00e3o e presidente da Associa\u00e7\u00e3o de Radiodifus\u00e3o Cultura e Esportes Curitiba. \u00c0 frente desses projetos, ele tem se destacado n\u00e3o apenas pelo compromisso com a qualidade da informa\u00e7\u00e3o e da programa\u00e7\u00e3o musical, mas tamb\u00e9m pelo forte engajamento em a\u00e7\u00f5es sociais voltadas para a comunidade.<\/p>\n\n\n\n<p><strong>Nova FM Curitiba: Uma R\u00e1dio com Prop\u00f3sito<\/strong><\/p>\n\n\n\n<p>Fundada em 2019, a Nova FM Curitiba 87.9 \u00e9 um exemplo de como o r\u00e1dio pode ser um instrumento de transforma\u00e7\u00e3o social. Com sede na capital paranaense, a emissora se consolidou como uma refer\u00eancia em programa\u00e7\u00e3o diversificada, transmitindo desde MPB at\u00e9 Sertanejo e Gospel, al\u00e9m de uma grade de programas pr\u00f3prios que atendem aos interesses da popula\u00e7\u00e3o.<\/p>\n\n\n\n<p>Mais do que uma esta\u00e7\u00e3o de r\u00e1dio, a Nova FM se posiciona como uma plataforma de impacto social, promovendo projetos voltados ao desenvolvimento comunit\u00e1rio e incentivando o crescimento da radiodifus\u00e3o local. Com uma forte presen\u00e7a digital, a emissora alcan\u00e7a ouvintes n\u00e3o apenas em Curitiba, mas tamb\u00e9m em diversas partes do mundo por meio do streaming e das plataformas digitais.<\/p>\n\n\n\n<p><strong>Compromisso com a Evolu\u00e7\u00e3o e o Futuro<\/strong><\/p>\n\n\n\n<p>Paulo J. Oliveira acredita que o r\u00e1dio est\u00e1 em constante evolu\u00e7\u00e3o, acompanhando as transforma\u00e7\u00f5es tecnol\u00f3gicas e as novas formas de consumo de conte\u00fado. Seu trabalho \u00e0 frente da Nova FM Curitiba refor\u00e7a essa vis\u00e3o, garantindo que a emissora esteja sempre alinhada \u00e0s tend\u00eancias do mundo digital sem perder sua ess\u00eancia de proximidade com os ouvintes.<\/p>\n\n\n\n<p>Com dedica\u00e7\u00e3o, inova\u00e7\u00e3o e compromisso social, Paulo J. Oliveira segue sua miss\u00e3o de fortalecer a radiodifus\u00e3o e contribuir para uma comunica\u00e7\u00e3o mais acess\u00edvel e humanizada. Seu legado no r\u00e1dio \u00e9 um testemunho do poder da comunica\u00e7\u00e3o em transformar vidas e fortalecer comunidades.<\/p>\n\n\n\n<p>Para saber mais sobre a Nova FM Curitiba, acesse: <a href=\"http:\/\/www.novafmcuritiba.com.br\">www.novafmcuritiba.com.br<\/a><\/p>\n","protected":false},"excerpt":{"rendered":"<p>Uma trajet\u00f3ria de sucesso na radiodifus\u00e3o e no impacto social Com uma trajet\u00f3ria de 27 anos no mercado de comunica\u00e7\u00e3o e marketing publicit\u00e1rio, Paulo J. Oliveira \u00e9 um nome de peso na radiodifus\u00e3o brasileira. Sua paix\u00e3o pelo r\u00e1dio come\u00e7ou cedo, aos 14 anos, na R\u00e1dio Cidade AM 1520, e desde ent\u00e3o, ele tem dedicado sua [&hellip;]<\/p>\n","protected":false},"author":1,"featured_media":4037,"comment_status":"open","ping_status":"open","sticky":false,"template":"","format":"standard","meta":{"footnotes":""},"categories":[29],"tags":[],"class_list":["post-4031","post","type-post","status-publish","format-standard","has-post-thumbnail","hentry","category-artigos"],"_links":{"self":[{"href":"https:\/\/diarioparanaense.com\/index.php?rest_route=\/wp\/v2\/posts\/4031","targetHints":{"allow":["GET"]}}],"collection":[{"href":"https:\/\/diarioparanaense.com\/index.php?rest_route=\/wp\/v2\/posts"}],"about":[{"href":"https:\/\/diarioparanaense.com\/index.php?rest_route=\/wp\/v2\/types\/post"}],"author":[{"embeddable":true,"href":"https:\/\/diarioparanaense.com\/index.php?rest_route=\/wp\/v2\/users\/1"}],"replies":[{"embeddable":true,"href":"https:\/\/diarioparanaense.com\/index.php?rest_route=%2Fwp%2Fv2%2Fcomments&post=4031"}],"version-history":[{"count":1,"href":"https:\/\/diarioparanaense.com\/index.php?rest_route=\/wp\/v2\/posts\/4031\/revisions"}],"predecessor-version":[{"id":4038,"href":"https:\/\/diarioparanaense.com\/index.php?rest_route=\/wp\/v2\/posts\/4031\/revisions\/4038"}],"wp:featuredmedia":[{"embeddable":true,"href":"https:\/\/diarioparanaense.com\/index.php?rest_route=\/wp\/v2\/media\/4037"}],"wp:attachment":[{"href":"https:\/\/diarioparanaense.com\/index.php?rest_route=%2Fwp%2Fv2%2Fmedia&parent=4031"}],"wp:term":[{"taxonomy":"category","embeddable":true,"href":"https:\/\/diarioparanaense.com\/index.php?rest_route=%2Fwp%2Fv2%2Fcategories&post=4031"},{"taxonomy":"post_tag","embeddable":true,"href":"https:\/\/diarioparanaense.com\/index.php?rest_route=%2Fwp%2Fv2%2Ftags&post=4031"}],"curies":[{"name":"wp","href":"https:\/\/api.w.org\/{rel}","templated":true}]}}