{"id":4026,"date":"2025-02-13T14:18:33","date_gmt":"2025-02-13T17:18:33","guid":{"rendered":"https:\/\/diarioparanaense.com\/?p=4026"},"modified":"2025-02-13T14:18:33","modified_gmt":"2025-02-13T17:18:33","slug":"brilho-de-verao-como-cuidar-dos-acessorios-na-estacao-mais-quente-do-ano","status":"publish","type":"post","link":"https:\/\/diarioparanaense.com\/?p=4026","title":{"rendered":"Brilho de ver\u00e3o: como cuidar dos acess\u00f3rios na esta\u00e7\u00e3o mais quente do ano"},"content":{"rendered":"\n<p class=\"has-medium-font-size\">Limpeza e armazenamento adequado s\u00e3o fundamentais para garantir que as semijoias mantenham o brilho e a beleza<\/p>\n\n\n\n<p>Sol, mar e piscina. O ver\u00e3o chega com temperaturas elevadas e, para os apaixonados por acess\u00f3rios, tamb\u00e9m com uma preocupa\u00e7\u00e3o comum: como cuidar dessas pe\u00e7as durante a esta\u00e7\u00e3o? Seja um brinco banhado a ouro ou um colar de design minimalista, a exposi\u00e7\u00e3o excessiva ao suor, ao sal do mar e at\u00e9 aos cremes corporais pode afetar a durabilidade e o brilho desses adere\u00e7os.<\/p>\n\n\n\n<p>A umidade \u00e9 um dos principais desafios no cuidado das semijoias nessa \u00e9poca do ano, podendo acelerar o processo de oxida\u00e7\u00e3o e desgaste. Por isso, depois de um dia de praia ou um treino ao ar livre, o ideal \u00e9 limpar as pe\u00e7as com delicadeza e garantir que estejam completamente secas antes de guard\u00e1-las. A frequ\u00eancia da limpeza tamb\u00e9m deve ser equilibrada. Embora seja importante remover os res\u00edduos, o excesso de lavagens pode comprometer o acabamento das pe\u00e7as.<\/p>\n\n\n\n<p>&#8220;A nossa recomenda\u00e7\u00e3o \u00e9 que a pessoa higienize os acess\u00f3rios com sabonete neutro e uma escovinha. Tamb\u00e9m \u00e9 super importante secar bem bem a pe\u00e7a, porque o que pode estragar \u00e9 o res\u00edduo que fica de umidade, seja do suor, um perfume ou um creme, por exemplo&#8221;, alerta Brenda Piccirillo, fundadora e curadora das pe\u00e7as da CUFF, marca de acess\u00f3rios que est\u00e1 entre as que mais crescem no e-commerce brasileiro.<\/p>\n\n\n\n<p>Outro ponto importante \u00e9 o armazenamento. A forma como as semijoias s\u00e3o guardadas pode fazer toda a diferen\u00e7a na preserva\u00e7\u00e3o do brilho e da integridade das pe\u00e7as. &#8220;Se a pessoa as guarda separadamente \u00e9 \u00f3timo, ent\u00e3o o uso de porta-j\u00f3ias \u00e9 muito incentivado&#8221;, recomenda. O armazenamento em saquinhos individuais de tecido macio ou estojos forrados tamb\u00e9m s\u00e3o alternativas eficazes para evitar riscos e o contato com agentes externos que possam comprometer o material.<\/p>\n\n\n\n<p>Evitar o contato das pe\u00e7as com produtos qu\u00edmicos agressivos tamb\u00e9m \u00e9 essencial para preservar sua beleza. Cloro, sprays de cabelo e protetores solares podem causar manchas e desgaste prematuro. A especialista recomenda que a aplica\u00e7\u00e3o de perfumes e cosm\u00e9ticos seja feita antes de colocar os acess\u00f3rios, e o ideal \u00e9 aguardar que o produto seque completamente no corpo, garantindo que n\u00e3o fiquem contaminados por subst\u00e2ncias prejudiciais.<\/p>\n\n\n\n<p>Diferentemente de outros materiais, os acess\u00f3rios banhados a ouro ou prata exigem cuidados distintos. Por isso, o uso de flanelas espec\u00edficas para polimento \u00e9 desaconselhado, pois elas podem desgastar a camada de banho e comprometer a durabilidade das pe\u00e7as. Conforme aconselhado, para as semijoias \u00e9 fundamental optar por m\u00e9todos mais suaves de limpeza e armazenamento, garantindo que o acabamento e o brilho se mantenham&nbsp;por&nbsp;mais&nbsp;tempo.<\/p>\n","protected":false},"excerpt":{"rendered":"<p>Limpeza e armazenamento adequado s\u00e3o fundamentais para garantir que as semijoias mantenham o brilho e a beleza Sol, mar e piscina. O ver\u00e3o chega com temperaturas elevadas e, para os apaixonados por acess\u00f3rios, tamb\u00e9m com uma preocupa\u00e7\u00e3o comum: como cuidar dessas pe\u00e7as durante a esta\u00e7\u00e3o? Seja um brinco banhado a ouro ou um colar de [&hellip;]<\/p>\n","protected":false},"author":1,"featured_media":4027,"comment_status":"open","ping_status":"open","sticky":false,"template":"","format":"standard","meta":{"footnotes":""},"categories":[29],"tags":[],"class_list":["post-4026","post","type-post","status-publish","format-standard","has-post-thumbnail","hentry","category-artigos"],"_links":{"self":[{"href":"https:\/\/diarioparanaense.com\/index.php?rest_route=\/wp\/v2\/posts\/4026","targetHints":{"allow":["GET"]}}],"collection":[{"href":"https:\/\/diarioparanaense.com\/index.php?rest_route=\/wp\/v2\/posts"}],"about":[{"href":"https:\/\/diarioparanaense.com\/index.php?rest_route=\/wp\/v2\/types\/post"}],"author":[{"embeddable":true,"href":"https:\/\/diarioparanaense.com\/index.php?rest_route=\/wp\/v2\/users\/1"}],"replies":[{"embeddable":true,"href":"https:\/\/diarioparanaense.com\/index.php?rest_route=%2Fwp%2Fv2%2Fcomments&post=4026"}],"version-history":[{"count":1,"href":"https:\/\/diarioparanaense.com\/index.php?rest_route=\/wp\/v2\/posts\/4026\/revisions"}],"predecessor-version":[{"id":4028,"href":"https:\/\/diarioparanaense.com\/index.php?rest_route=\/wp\/v2\/posts\/4026\/revisions\/4028"}],"wp:featuredmedia":[{"embeddable":true,"href":"https:\/\/diarioparanaense.com\/index.php?rest_route=\/wp\/v2\/media\/4027"}],"wp:attachment":[{"href":"https:\/\/diarioparanaense.com\/index.php?rest_route=%2Fwp%2Fv2%2Fmedia&parent=4026"}],"wp:term":[{"taxonomy":"category","embeddable":true,"href":"https:\/\/diarioparanaense.com\/index.php?rest_route=%2Fwp%2Fv2%2Fcategories&post=4026"},{"taxonomy":"post_tag","embeddable":true,"href":"https:\/\/diarioparanaense.com\/index.php?rest_route=%2Fwp%2Fv2%2Ftags&post=4026"}],"curies":[{"name":"wp","href":"https:\/\/api.w.org\/{rel}","templated":true}]}}