{"id":4015,"date":"2025-02-11T15:21:44","date_gmt":"2025-02-11T18:21:44","guid":{"rendered":"https:\/\/diarioparanaense.com\/?p=4015"},"modified":"2025-02-11T15:22:12","modified_gmt":"2025-02-11T18:22:12","slug":"regiao-sul-acelera-vendas-de-motos-em-2024-e-o-parana-e-o-destaque","status":"publish","type":"post","link":"https:\/\/diarioparanaense.com\/?p=4015","title":{"rendered":"Regi\u00e3o Sul acelera vendas de motos em 2024 e o Paran\u00e1 \u00e9 o destaque"},"content":{"rendered":"\n<p class=\"has-medium-font-size\">Com alta de 29,2%, a regi\u00e3o se consolida como l\u00edder no crescimento nacional. Mercado paranaense teve o melhor desempenho entre os tr\u00eas estados, gra\u00e7as a incentivos fiscais e demanda por modelos de entrada<\/p>\n\n\n\n<p>A Regi\u00e3o Sul foi o grande destaque do mercado de motocicletas em 2024, com crescimento de 29,2% nas vendas, superando com folga a m\u00e9dia nacional de 18,6%, segundo dados da Abraciclo, associa\u00e7\u00e3o que re\u00fane fabricantes de ve\u00edculos de duas rodas. O Paran\u00e1 liderou a alta regional, registrando um impressionante aumento de 44,9% em rela\u00e7\u00e3o a 2023.<\/p>\n\n\n\n<p>Foram emplacadas 83.267 motos zero quil\u00f4metro no estado, ante 57.448 no ano anterior. Santa Catarina ficou em segundo lugar, com alta de 23% (58.562 unidades), enquanto o Rio Grande do Sul registrou crescimento de 10,8% (37.029 unidades).<\/p>\n\n\n\n<p>Segundo Rudney Doscher, diretor de Opera\u00e7\u00f5es da Blokton, um dos motivos para o excelente resultado paranaense foi a isen\u00e7\u00e3o no IPVA, a partir deste ano, para modelos com menos de 170cc. &#8220;O an\u00fancio da isen\u00e7\u00e3o de IPVA pelo governo estadual para motocicletas de baixa cilindrada despertou o interesse das locadoras, gerando um volume expressivo de emplacamentos no estado&#8221;, explicou.<\/p>\n\n\n\n<p>O mercado de baixa cilindrada foi o principal motor do avan\u00e7o no Paran\u00e1, com alta de 51%, muito acima de Santa Catarina (21,8%) e do Rio Grande do Sul (8,4%). \u201cA combina\u00e7\u00e3o de modelos econ\u00f4micos e vers\u00e1teis com incentivos fiscais consolidou o estado como uma refer\u00eancia no setor\u201d, acrescentou Doscher.<\/p>\n\n\n\n<p class=\"has-medium-font-size\">Blokton acompanha crescimento no Sul<\/p>\n\n\n\n<p>A Blokton, maior concession\u00e1ria Honda da regi\u00e3o e um term\u00f4metro importante para o setor, acompanhou o desempenho positivo do mercado e registrou um crescimento de 20% nas vendas de motos zero quil\u00f4metro em 2024. No segmento de cons\u00f3rcios, a empresa tamb\u00e9m apresentou alta, com aumento de 3,6% nas cotas comercializadas.<\/p>\n\n\n\n<p>&#8220;Nossa atua\u00e7\u00e3o no segmento de baixa cilindrada, que representa 82% das nossas vendas, foi decisiva para os excelentes resultados. Crescemos 22% em rela\u00e7\u00e3o a 2023\u201d, destacou Doscher.<\/p>\n\n\n\n<p class=\"has-medium-font-size\">Cresce procura por m\u00e9dia cilindrada<\/p>\n\n\n\n<p>O segmento de m\u00e9dia cilindrada (161cc a 449cc) tamb\u00e9m registrou incremento no pa\u00eds, com aumento de 25,9% em 2024. Na Regi\u00e3o Sul, o desempenho foi ainda melhor, com alta de 29,2%. Santa Catarina liderou entre os estados sulistas, com aumento de 33,3%, seguido pelo Paran\u00e1 (27,8%) e Rio Grande do Sul (19,5%).<\/p>\n\n\n\n<p>\u201cEsse segmento se destaca por atender um p\u00fablico que busca equil\u00edbrio entre desempenho e custo-benef\u00edcio, e acreditamos que essa tend\u00eancia continuar\u00e1 forte em 2025\u201d, comentou Doscher, mencionando que a Blokton registrou crescimento de 15,3% nas vendas de motos de m\u00e9dia cilindrada no per\u00edodo.<br>Melhor resultado desde 2011 e proje\u00e7\u00e3o 2025<\/p>\n\n\n\n<p>O mercado brasileiro de motocicletas registrou 1,876 milh\u00e3o de unidades negociadas em 2024, alcan\u00e7ando o melhor resultado desde 2011. A produ\u00e7\u00e3o tamb\u00e9m acompanhou o ritmo, com 1,748 milh\u00e3o de unidades fabricadas, um crescimento de 11,1%.<\/p>\n\n\n\n<p>Para 2025, a Abraciclo prev\u00ea novos recordes, com 2,02 milh\u00f5es de unidades emplacadas no varejo, representando alta de 7,7%, e 1,88 milh\u00e3o de unidades fabricadas, um crescimento de 7,5%. A Blokton compartilha do otimismo. \u201cEsperamos um crescimento de dois d\u00edgitos em nosso portf\u00f3lio, impulsionado pela maior capacidade produtiva das montadoras, moderniza\u00e7\u00e3o dos produtos e pela demanda reprimida dos \u00faltimos anos\u201d, afirmou Doscher.<\/p>\n\n\n\n<p class=\"has-medium-font-size\">Mobilidade acess\u00edvel e sustent\u00e1vel<\/p>\n\n\n\n<p>A motocicleta continua a se consolidar como uma solu\u00e7\u00e3o pr\u00e1tica e econ\u00f4mica para a mobilidade urbana. Para este ano, as fabricantes ter\u00e3o como desafio atender \u00e0 crescente demanda com produtos que ofere\u00e7am tecnologia, sustentabilidade e seguran\u00e7a.<\/p>\n\n\n\n<p>\u201cEmbora a conjuntura econ\u00f4mica apresente incertezas, acreditamos que a motocicleta continuar\u00e1 em alta, devido ao seu custo acess\u00edvel, manuten\u00e7\u00e3o econ\u00f4mica e agilidade nos deslocamentos\u201d, avaliou Marcos Bento, presidente\u00a0da\u00a0Abraciclo.<\/p>\n","protected":false},"excerpt":{"rendered":"<p>Com alta de 29,2%, a regi\u00e3o se consolida como l\u00edder no crescimento nacional. Mercado paranaense teve o melhor desempenho entre os tr\u00eas estados, gra\u00e7as a incentivos fiscais e demanda por modelos de entrada A Regi\u00e3o Sul foi o grande destaque do mercado de motocicletas em 2024, com crescimento de 29,2% nas vendas, superando com folga [&hellip;]<\/p>\n","protected":false},"author":1,"featured_media":4019,"comment_status":"open","ping_status":"open","sticky":false,"template":"","format":"standard","meta":{"footnotes":""},"categories":[324],"tags":[],"class_list":["post-4015","post","type-post","status-publish","format-standard","has-post-thumbnail","hentry","category-negocios"],"_links":{"self":[{"href":"https:\/\/diarioparanaense.com\/index.php?rest_route=\/wp\/v2\/posts\/4015","targetHints":{"allow":["GET"]}}],"collection":[{"href":"https:\/\/diarioparanaense.com\/index.php?rest_route=\/wp\/v2\/posts"}],"about":[{"href":"https:\/\/diarioparanaense.com\/index.php?rest_route=\/wp\/v2\/types\/post"}],"author":[{"embeddable":true,"href":"https:\/\/diarioparanaense.com\/index.php?rest_route=\/wp\/v2\/users\/1"}],"replies":[{"embeddable":true,"href":"https:\/\/diarioparanaense.com\/index.php?rest_route=%2Fwp%2Fv2%2Fcomments&post=4015"}],"version-history":[{"count":1,"href":"https:\/\/diarioparanaense.com\/index.php?rest_route=\/wp\/v2\/posts\/4015\/revisions"}],"predecessor-version":[{"id":4020,"href":"https:\/\/diarioparanaense.com\/index.php?rest_route=\/wp\/v2\/posts\/4015\/revisions\/4020"}],"wp:featuredmedia":[{"embeddable":true,"href":"https:\/\/diarioparanaense.com\/index.php?rest_route=\/wp\/v2\/media\/4019"}],"wp:attachment":[{"href":"https:\/\/diarioparanaense.com\/index.php?rest_route=%2Fwp%2Fv2%2Fmedia&parent=4015"}],"wp:term":[{"taxonomy":"category","embeddable":true,"href":"https:\/\/diarioparanaense.com\/index.php?rest_route=%2Fwp%2Fv2%2Fcategories&post=4015"},{"taxonomy":"post_tag","embeddable":true,"href":"https:\/\/diarioparanaense.com\/index.php?rest_route=%2Fwp%2Fv2%2Ftags&post=4015"}],"curies":[{"name":"wp","href":"https:\/\/api.w.org\/{rel}","templated":true}]}}