{"id":4014,"date":"2025-02-11T15:24:35","date_gmt":"2025-02-11T18:24:35","guid":{"rendered":"https:\/\/diarioparanaense.com\/?p=4014"},"modified":"2025-02-11T15:24:35","modified_gmt":"2025-02-11T18:24:35","slug":"taca-foreman-reune-mais-de-600-pessoas-e-58-atletas-em-curitiba","status":"publish","type":"post","link":"https:\/\/diarioparanaense.com\/?p=4014","title":{"rendered":"Ta\u00e7a Foreman re\u00fane mais de 600 pessoas e 58 atletas em Curitiba"},"content":{"rendered":"\n<p class=\"has-medium-font-size\">Representantes do Paran\u00e1, Santa Catarina, Rio de Janeiro e Paraguai participaram de competi\u00e7\u00e3o que teve emo\u00e7\u00e3o e n\u00edvel t\u00e9cnico elevado<\/p>\n\n\n\n<p>A 5\u00aa edi\u00e7\u00e3o da Ta\u00e7a Foreman confirmou sua relev\u00e2ncia no cen\u00e1rio do boxe amador brasileiro, reunindo atletas de diversas cidades e proporcionando um espet\u00e1culo esportivo. Realizado no \u00faltimo s\u00e1bado (8), no espa\u00e7o de eventos Llum, em Curitiba, o torneio teve 58 atletas inscritos, 27 lutas e um p\u00fablico de mais de 600 pessoas vibrando a cada golpe certeiro.<\/p>\n\n\n\n<p>Com representantes de Florian\u00f3polis, Blumenau, Cambori\u00fa, Maring\u00e1, Rio de Janeiro, Paranagu\u00e1, Pinhais, Boca\u00eduva do Sul, Campo Largo e Curitiba, o evento ainda contou com um atleta estrangeiro vindo do Paraguai, agregando ainda mais diversidade e emo\u00e7\u00e3o \u00e0 competi\u00e7\u00e3o. O evento foi transmitido ao vivo pelo canal do YouTube da Federa\u00e7\u00e3o Boxe Paran\u00e1 (FeboxePR). <\/p>\n\n\n\n<p><a href=\"https:\/\/www.youtube.com\/watch?v=Mr_Ny_DpnG8\">https:\/\/www.youtube.com\/watch?v=Mr_Ny_DpnG8<\/a><\/p>\n\n\n\n<p>Para Edson Foreman, ex-boxeador e vice-presidente da FeboxePR, que d\u00e1 nome ao tradicional evento, a retomada da Ta\u00e7a Foreman foi um marco para o boxe amador. &#8220;Fico muito feliz em ver esse torneio crescer e ganhar ainda mais for\u00e7a. A Ta\u00e7a Foreman sempre teve um papel fundamental no desenvolvimento do boxe no Paran\u00e1, e essa edi\u00e7\u00e3o mostrou que estamos no caminho certo&#8221;, destacou.<br>J\u00e1 Marcelo Garbosa, s\u00f3cio-fundador da Academia Universum Boxing, organizadora do evento, celebrou o sucesso da competi\u00e7\u00e3o e a qualidade das lutas apresentadas. &#8220;O evento superou nossas expectativas. Tivemos um n\u00edvel t\u00e9cnico muito alto, atletas dedicados e um p\u00fablico apaixonado pelo boxe. Esse tipo de iniciativa \u00e9 essencial para fomentar o esporte e revelar novos talentos&#8221;, afirmou.<\/p>\n\n\n\n<p>Com uma estrutura de ponta, que incluiu ringue profissional, ju\u00edzes qualificados e seguran\u00e7a refor\u00e7ada, a Ta\u00e7a Foreman contou com a chancela da FeboxePR e da CBBrasil e segue como uma vitrine para os futuros campe\u00f5es do esporte.<\/p>\n\n\n\n<p>A expectativa agora \u00e9 que a pr\u00f3xima edi\u00e7\u00e3o traga ainda mais competidores e continue impulsionando o boxe amador\u00a0no\u00a0Brasil.<\/p>\n","protected":false},"excerpt":{"rendered":"<p>Representantes do Paran\u00e1, Santa Catarina, Rio de Janeiro e Paraguai participaram de competi\u00e7\u00e3o que teve emo\u00e7\u00e3o e n\u00edvel t\u00e9cnico elevado A 5\u00aa edi\u00e7\u00e3o da Ta\u00e7a Foreman confirmou sua relev\u00e2ncia no cen\u00e1rio do boxe amador brasileiro, reunindo atletas de diversas cidades e proporcionando um espet\u00e1culo esportivo. Realizado no \u00faltimo s\u00e1bado (8), no espa\u00e7o de eventos Llum, [&hellip;]<\/p>\n","protected":false},"author":1,"featured_media":4021,"comment_status":"open","ping_status":"open","sticky":false,"template":"","format":"standard","meta":{"footnotes":""},"categories":[159,186],"tags":[],"class_list":["post-4014","post","type-post","status-publish","format-standard","has-post-thumbnail","hentry","category-esportes","category-eventos"],"_links":{"self":[{"href":"https:\/\/diarioparanaense.com\/index.php?rest_route=\/wp\/v2\/posts\/4014","targetHints":{"allow":["GET"]}}],"collection":[{"href":"https:\/\/diarioparanaense.com\/index.php?rest_route=\/wp\/v2\/posts"}],"about":[{"href":"https:\/\/diarioparanaense.com\/index.php?rest_route=\/wp\/v2\/types\/post"}],"author":[{"embeddable":true,"href":"https:\/\/diarioparanaense.com\/index.php?rest_route=\/wp\/v2\/users\/1"}],"replies":[{"embeddable":true,"href":"https:\/\/diarioparanaense.com\/index.php?rest_route=%2Fwp%2Fv2%2Fcomments&post=4014"}],"version-history":[{"count":1,"href":"https:\/\/diarioparanaense.com\/index.php?rest_route=\/wp\/v2\/posts\/4014\/revisions"}],"predecessor-version":[{"id":4022,"href":"https:\/\/diarioparanaense.com\/index.php?rest_route=\/wp\/v2\/posts\/4014\/revisions\/4022"}],"wp:featuredmedia":[{"embeddable":true,"href":"https:\/\/diarioparanaense.com\/index.php?rest_route=\/wp\/v2\/media\/4021"}],"wp:attachment":[{"href":"https:\/\/diarioparanaense.com\/index.php?rest_route=%2Fwp%2Fv2%2Fmedia&parent=4014"}],"wp:term":[{"taxonomy":"category","embeddable":true,"href":"https:\/\/diarioparanaense.com\/index.php?rest_route=%2Fwp%2Fv2%2Fcategories&post=4014"},{"taxonomy":"post_tag","embeddable":true,"href":"https:\/\/diarioparanaense.com\/index.php?rest_route=%2Fwp%2Fv2%2Ftags&post=4014"}],"curies":[{"name":"wp","href":"https:\/\/api.w.org\/{rel}","templated":true}]}}