{"id":4010,"date":"2025-02-11T15:16:21","date_gmt":"2025-02-11T18:16:21","guid":{"rendered":"https:\/\/diarioparanaense.com\/?p=4010"},"modified":"2025-02-11T15:16:21","modified_gmt":"2025-02-11T18:16:21","slug":"ciee-pr-oferece-cursos-de-capacitacao-gratuitos-presenciais-e-a-distancia","status":"publish","type":"post","link":"https:\/\/diarioparanaense.com\/?p=4010","title":{"rendered":"CIEE\/PR oferece cursos de capacita\u00e7\u00e3o gratuitos presenciais e a dist\u00e2ncia"},"content":{"rendered":"\n<p class=\"has-medium-font-size\">Aulas e iniciativas sociais acontecem na primeira quinzena de fevereiro; as inscri\u00e7\u00f5es podem ser feitas atrav\u00e9s do site<\/p>\n\n\n\n<p>Durante o m\u00eas de fevereiro, ser\u00e3o mais de dez cursos de capacita\u00e7\u00e3o e iniciativas sociais oferecidos pelo Centro de Integra\u00e7\u00e3o Empresa-Escola do Paran\u00e1 (CIEE\/PR). Com o foco de promover desenvolvimento pessoal e profissional dos participantes, as aulas ser\u00e3o gratuitas e com direito a certifica\u00e7\u00e3o. Com op\u00e7\u00f5es presenciais em Curitiba e tamb\u00e9m modalidades \u00e0 dist\u00e2ncia, transformar a teoria na pr\u00e1tica \u00e9 um dos diferenciais, pois os cursos de dicas para entrevistas e t\u00e9cnicas de negocia\u00e7\u00e3o empresarial, por exemplo, contam com a base te\u00f3rica e as orienta\u00e7\u00f5es pr\u00e1ticas para extrair o melhor de cada capacita\u00e7\u00e3o.<br>Os temas que ser\u00e3o abordados variam nas \u00e1reas de inform\u00e1tica, comunica\u00e7\u00e3o, administra\u00e7\u00e3o, financeiro, entre outros assuntos que contribuem na busca de novas oportunidades no mercado de trabalho e nas rela\u00e7\u00f5es interpessoais. Al\u00e9m da capacita\u00e7\u00e3o, o CIEE\/PR tamb\u00e9m conta com os programas sociais \u201cAcolhida\u201d e \u201cFam\u00edlia em A\u00e7\u00e3o\u201d focados em fortalecer os relacionamentos familiares e o autoconhecimento de jovens e adultos.<\/p>\n\n\n\n<p>As capacita\u00e7\u00f5es acontecem no per\u00edodo da tarde, das 13h30 \u00e0s 17h30, no Espa\u00e7o de Capacita\u00e7\u00e3o e Cidadania localizado na sede da institui\u00e7\u00e3o: Rua Doutor Faivre, 398 &#8211; 6\u00ba andar. J\u00e1 os programas sociais s\u00e3o das 14h \u00e0s 17h no mesmo local.<\/p>\n\n\n\n<p>As inscri\u00e7\u00f5es est\u00e3o abertas e as vagas s\u00e3o limitadas. Para mais informa\u00e7\u00f5es e acesso a programa\u00e7\u00e3o completa, acesse <a href=\"https:\/\/www.cieepr.org.br\/\">https:\/\/www.cieepr.org.br\/<\/a><\/p>\n","protected":false},"excerpt":{"rendered":"<p>Aulas e iniciativas sociais acontecem na primeira quinzena de fevereiro; as inscri\u00e7\u00f5es podem ser feitas atrav\u00e9s do site Durante o m\u00eas de fevereiro, ser\u00e3o mais de dez cursos de capacita\u00e7\u00e3o e iniciativas sociais oferecidos pelo Centro de Integra\u00e7\u00e3o Empresa-Escola do Paran\u00e1 (CIEE\/PR). Com o foco de promover desenvolvimento pessoal e profissional dos participantes, as aulas [&hellip;]<\/p>\n","protected":false},"author":1,"featured_media":4011,"comment_status":"open","ping_status":"open","sticky":false,"template":"","format":"standard","meta":{"footnotes":""},"categories":[148],"tags":[],"class_list":["post-4010","post","type-post","status-publish","format-standard","has-post-thumbnail","hentry","category-educacao"],"_links":{"self":[{"href":"https:\/\/diarioparanaense.com\/index.php?rest_route=\/wp\/v2\/posts\/4010","targetHints":{"allow":["GET"]}}],"collection":[{"href":"https:\/\/diarioparanaense.com\/index.php?rest_route=\/wp\/v2\/posts"}],"about":[{"href":"https:\/\/diarioparanaense.com\/index.php?rest_route=\/wp\/v2\/types\/post"}],"author":[{"embeddable":true,"href":"https:\/\/diarioparanaense.com\/index.php?rest_route=\/wp\/v2\/users\/1"}],"replies":[{"embeddable":true,"href":"https:\/\/diarioparanaense.com\/index.php?rest_route=%2Fwp%2Fv2%2Fcomments&post=4010"}],"version-history":[{"count":1,"href":"https:\/\/diarioparanaense.com\/index.php?rest_route=\/wp\/v2\/posts\/4010\/revisions"}],"predecessor-version":[{"id":4012,"href":"https:\/\/diarioparanaense.com\/index.php?rest_route=\/wp\/v2\/posts\/4010\/revisions\/4012"}],"wp:featuredmedia":[{"embeddable":true,"href":"https:\/\/diarioparanaense.com\/index.php?rest_route=\/wp\/v2\/media\/4011"}],"wp:attachment":[{"href":"https:\/\/diarioparanaense.com\/index.php?rest_route=%2Fwp%2Fv2%2Fmedia&parent=4010"}],"wp:term":[{"taxonomy":"category","embeddable":true,"href":"https:\/\/diarioparanaense.com\/index.php?rest_route=%2Fwp%2Fv2%2Fcategories&post=4010"},{"taxonomy":"post_tag","embeddable":true,"href":"https:\/\/diarioparanaense.com\/index.php?rest_route=%2Fwp%2Fv2%2Ftags&post=4010"}],"curies":[{"name":"wp","href":"https:\/\/api.w.org\/{rel}","templated":true}]}}