{"id":401,"date":"2023-04-04T17:16:11","date_gmt":"2023-04-04T20:16:11","guid":{"rendered":"http:\/\/diarioparanaense.com\/?p=401"},"modified":"2025-04-10T10:18:20","modified_gmt":"2025-04-10T13:18:20","slug":"atleta-e-filosofo-da-rmc-representa-o-brasil-no-mundial-de-power-biceps","status":"publish","type":"post","link":"https:\/\/diarioparanaense.com\/?p=401","title":{"rendered":"Atleta e fil\u00f3sofo da RMC representa o Brasil no Mundial de Power B\u00edceps"},"content":{"rendered":"\n<blockquote class=\"wp-block-quote is-layout-flow wp-block-quote-is-layout-flow\">\n<p>J\u00falio Ferraz participar\u00e1 do Classic South America que reunir\u00e1 atletas todas as partes do mundo da modalidade<\/p>\n<\/blockquote>\n\n\n\n<p>O atual campe\u00e3o do mundo de&nbsp;<strong>Power B\u00edceps<\/strong>&nbsp;<strong>J\u00falio Ferraz<\/strong>&nbsp;foi convocado para representar o<strong>&nbsp;Brasil no Mundial 2023&nbsp;<\/strong>da modalidade que acontece no domingo, 16 de abril, em S\u00e3o Paulo. O<strong>&nbsp;Arnold Sports Festival<\/strong>&nbsp;reunir\u00e1 atletas renomados de todas as partes do mundo em um \u00fanico evento.<\/p>\n\n\n\n<p>Al\u00e9m do t\u00edtulo em 2022, J\u00falio,&nbsp;<a href=\"https:\/\/www.instagram.com\/julioferraz_oficial\/\">atleta radicado na cidade de Rio Branco do Su<\/a>l, na Regi\u00e3o Metropolitana de Curitiba (RMC), obteve a melhor marca da competi\u00e7\u00e3o em rela\u00e7\u00e3o ao peso corporal e dessa forma foi eleito o melhor atleta do torneio, realizado em Catanduva-SP.<\/p>\n\n\n\n<blockquote class=\"wp-block-quote is-layout-flow wp-block-quote-is-layout-flow\">\n<p>Para mim \u00e9 uma honra ser convocado para representar o pa\u00eds em uma competi\u00e7\u00e3o t\u00e3o importante. Estou treinando forte e focado em busca de mais esse objetivoJulio Ferraz<\/p>\n<\/blockquote>\n\n\n\n<h2 class=\"wp-block-heading\" id=\"h-multiprofissional-julio-ferraz\">Multiprofissional J\u00falio Ferraz<\/h2>\n\n\n\n<p>Al\u00e9m de ser atleta do Power B\u00edceps, J\u00falio atua na \u00e1rea de design instrucional, \u00e9 graduado em pedagogia, filosofia e com especializa\u00e7\u00e3o em Marketing. O atleta tamb\u00e9m tem dedicado seu tempo \u00e0 fam\u00edlia e aos estudos de l\u00edngua espanhola, que planeja concluir a gradua\u00e7\u00e3o em mar\u00e7o de 2023.<br>J\u00falio Ferraz \u00e9 multi-instrumentista e autor do livro \u201cOs valores de um campe\u00e3o\u201d, um tratado \u00e9tico e moral na dire\u00e7\u00e3o da alta performance. Saiba mais sobre o campeonato mundial de Power B\u00edceps&nbsp;<a href=\"https:\/\/instagram.com\/arnoldsouthamerica?igshid=NDk5N2NlZjQ=\" target=\"_blank\" rel=\"noreferrer noopener\">aqui<\/a>.<\/p>\n\n\n\n<p><strong>Fonte: Comando Comunica\u00e7\u00e3o<\/strong><\/p>\n","protected":false},"excerpt":{"rendered":"<p>J\u00falio Ferraz participar\u00e1 do Classic South America que reunir\u00e1 atletas todas as partes do mundo da modalidade O atual campe\u00e3o do mundo de&nbsp;Power B\u00edceps&nbsp;J\u00falio Ferraz&nbsp;foi convocado para representar o&nbsp;Brasil no Mundial 2023&nbsp;da modalidade que acontece no domingo, 16 de abril, em S\u00e3o Paulo. O&nbsp;Arnold Sports Festival&nbsp;reunir\u00e1 atletas renomados de todas as partes do mundo em [&hellip;]<\/p>\n","protected":false},"author":1,"featured_media":406,"comment_status":"open","ping_status":"open","sticky":false,"template":"","format":"standard","meta":{"footnotes":""},"categories":[2,159],"tags":[154,155,156],"class_list":["post-401","post","type-post","status-publish","format-standard","has-post-thumbnail","hentry","category-destaque","category-esportes","tag-julio-ferraz","tag-powerbiceps","tag-strict-curl"],"_links":{"self":[{"href":"https:\/\/diarioparanaense.com\/index.php?rest_route=\/wp\/v2\/posts\/401","targetHints":{"allow":["GET"]}}],"collection":[{"href":"https:\/\/diarioparanaense.com\/index.php?rest_route=\/wp\/v2\/posts"}],"about":[{"href":"https:\/\/diarioparanaense.com\/index.php?rest_route=\/wp\/v2\/types\/post"}],"author":[{"embeddable":true,"href":"https:\/\/diarioparanaense.com\/index.php?rest_route=\/wp\/v2\/users\/1"}],"replies":[{"embeddable":true,"href":"https:\/\/diarioparanaense.com\/index.php?rest_route=%2Fwp%2Fv2%2Fcomments&post=401"}],"version-history":[{"count":3,"href":"https:\/\/diarioparanaense.com\/index.php?rest_route=\/wp\/v2\/posts\/401\/revisions"}],"predecessor-version":[{"id":405,"href":"https:\/\/diarioparanaense.com\/index.php?rest_route=\/wp\/v2\/posts\/401\/revisions\/405"}],"wp:featuredmedia":[{"embeddable":true,"href":"https:\/\/diarioparanaense.com\/index.php?rest_route=\/wp\/v2\/media\/406"}],"wp:attachment":[{"href":"https:\/\/diarioparanaense.com\/index.php?rest_route=%2Fwp%2Fv2%2Fmedia&parent=401"}],"wp:term":[{"taxonomy":"category","embeddable":true,"href":"https:\/\/diarioparanaense.com\/index.php?rest_route=%2Fwp%2Fv2%2Fcategories&post=401"},{"taxonomy":"post_tag","embeddable":true,"href":"https:\/\/diarioparanaense.com\/index.php?rest_route=%2Fwp%2Fv2%2Ftags&post=401"}],"curies":[{"name":"wp","href":"https:\/\/api.w.org\/{rel}","templated":true}]}}